{"id":23837,"date":"2019-01-29T12:12:02","date_gmt":"2019-01-29T14:12:02","guid":{"rendered":"http:\/\/fachodeluz.blog.br\/wp\/?p=23837"},"modified":"2019-01-29T12:56:14","modified_gmt":"2019-01-29T14:56:14","slug":"viva-consciente-de-estar-no-agora-de-deus","status":"publish","type":"post","link":"https:\/\/www.fachodeluz.blog.br\/wp\/2019\/01\/29\/viva-consciente-de-estar-no-agora-de-deus\/","title":{"rendered":"VIVA CONSCIENTE DE ESTAR NO &#8220;AGORA DE DEUS!&#8221;"},"content":{"rendered":"<h2 style=\"text-align: center;\"><\/h2>\n<h2 style=\"text-align: center;\"><span style=\"color: #6e3838;\"><a style=\"color: #6e3838;\" href=\"https:\/\/i0.wp.com\/fachodeluz.blog.br\/wp\/wp-content\/uploads\/2019\/01\/pentecostes777.jpg\"><img data-recalc-dims=\"1\" loading=\"lazy\" decoding=\"async\" loading=\"lazy\" class=\"aligncenter size-full wp-image-23838\" src=\"https:\/\/i0.wp.com\/fachodeluz.blog.br\/wp\/wp-content\/uploads\/2019\/01\/pentecostes777.jpg?resize=530%2C350\" alt=\"\" width=\"530\" height=\"350\" srcset=\"https:\/\/i0.wp.com\/www.fachodeluz.blog.br\/wp\/wp-content\/uploads\/2019\/01\/pentecostes777.jpg?w=530&amp;ssl=1 530w, https:\/\/i0.wp.com\/www.fachodeluz.blog.br\/wp\/wp-content\/uploads\/2019\/01\/pentecostes777.jpg?resize=300%2C198&amp;ssl=1 300w\" sizes=\"auto, (max-width: 530px) 100vw, 530px\" \/><\/a><\/span><\/h2>\n<h2 style=\"text-align: center;\"><span style=\"color: #6e3838;\">Se as revela\u00e7\u00f5es absolutas n\u00e3o sa\u00edrem da LETRA, para serem VERDADES AGORA EVIDENCIADAS E VIVENCIADAS, o <em><strong>\u201cpalco da ilus\u00e3o fenom\u00eanica\u201d<\/strong> <\/em>n\u00e3o ser\u00e1 desmantelado!\u00a0 Pelo contr\u00e1rio, parecer\u00e1 perdurar em sua cont\u00ednua <strong><em>\u201cexposi\u00e7\u00e3o de miragens\u201d,<\/em> <\/strong>enquanto\u00a0 O REINO PERFEITO E ILUMINADO DE DEUS deixa de SER <em><strong>AGORA<\/strong><\/em>\u00a0 RECONHECIDO!<\/span><\/h2>\n<h2 style=\"text-align: center;\"><span style=\"color: #6e3838;\">\u00c9 <em><strong>AGORA<\/strong><\/em> QUE DEUS \u00c9 TUDO,\u00a0 E QUE TUDO \u00c9 DEUS! \u00c9 <em><strong>AGORA<\/strong><\/em> QUE BUDA DECLARA QUE \u201cTUDO J\u00c1 \u00c9 ILUMINADO\u201d! \u00c9 <strong><em>AGORA<\/em><\/strong> QUE JESUS AFIRMA QUE \u201cSOMOS A LUZ DO MUNDO\u201d; \u00c9 <em><strong>AGORA<\/strong><\/em> QUE A <strong><em>ONIA\u00c7\u00c3O<\/em><\/strong>\u00a0 \u00c9 NOSSA ATIVIDADE DIVINA, PERFEITA E \u00daNICA, UMA COM DEUS!<\/span><\/h2>\n<h2 style=\"text-align: center;\"><span style=\"color: #6e3838;\">O chamado \u201ctempo\u201d n\u00e3o existe! \u00c9 uma ilus\u00e3o sustentada pela &#8220;cren\u00e7a em mudan\u00e7as\u201d! POR\u00c9M, DEUS N\u00c3O MUDA! DE SEU VERBO, SOMOS <em><strong>AGORA<\/strong><\/em> EMANADOS COMO DEUSES! N\u00e3o existem seres que um dia \u201cser\u00e3o deuses\u201d! <strong><em>AQUI E AGORA <\/em><em>SOMOS<\/em><em> DEUSES, <\/em><\/strong>confirma Jesus, empregando o verbo no plural e tempo presente!<\/span><\/h2>\n<h2 style=\"text-align: center;\"><span style=\"color: #6e3838;\">Se estas Verdades s\u00e3o <strong><em>AGORA<\/em><\/strong> reconhecidas, DEUS \u00c9 GLORIFICADO <strong><em>\u201cEM MIM\u201d,<\/em><\/strong> NA \u201cUNIDADE PERFEITA\u201d, QUE ETERNAMENTE \u00c9 \u201cUNIDADE\u201d E \u00c9 \u201cPERFEITA\u2019! <strong><em>DESSE MODO, A PALAVRA \u201cETERNAMENTE\u201d \u00c9 ENTENDIDA COMO SIN\u00d4NIMO DE \u201cAGORA\u201d!<\/em><\/strong><\/span><\/h2>\n<h2 style=\"text-align: center;\"><span style=\"color: #6e3838;\">Durante suas \u201ccontempla\u00e7\u00f5es\u201d, n\u00e3o as vincule com \u201cdura\u00e7\u00e3o de tempo\u201d!\u00a0 <strong><em>ESTEJA CONSCIENTE DE ESTAR\u00a0 NO AGORA DE DEUS!\u00a0<\/em><\/strong> <em><strong>PERCEBA QUE TUDO QUE DEUS \u00c9, \u00c9 TUDO QUE VOC\u00ca \u00c9!<\/strong> <strong>PERCEBA QUE SOMENTE \u00c9 REAL O QUE \u00c9 REAL PARA DEUS!<\/strong><\/em><\/span><\/h2>\n<h2 style=\"text-align: center;\"><span style=\"color: #6e3838;\"><strong><em>As \u201ccontempla\u00e7\u00f5es absolutas&#8221; CONTESTAM as \u201capar\u00eancias\u201d!\u00a0 <\/em>H\u00e1 pessoas que dizem: <em>\u201cComo posso afirmar<\/em><\/strong> que somente existe este<strong><em> AGORA PERFEITO MANIFESTADO,\u00a0 se me vejo com tantos problemas para resolver?\u201d.<\/em> <\/strong>A PERGUNTA a lhes ser feita \u00e9: <\/span><\/h2>\n<h2 style=\"text-align: center;\"><span style=\"color: #6e3838;\"><strong><em>\u201cDEUS ENXERGA PROBLEMAS E PESSOAS COM PROBLEMAS?\u201d\u00a0<\/em><\/strong> <\/span><\/h2>\n<h2 style=\"text-align: center;\"><span style=\"color: #6e3838;\">Caso enxergasse, <em><strong>N\u00c3O SERIA TUDO!<\/strong><\/em><\/span><\/h2>\n<h2 style=\"text-align: center;\"><span style=\"color: #6e3838;\">TODOS TEMOS DE TER \u201cCORA\u00c7\u00c3O DE MENINO\u201d PARA MEDITAR EM AUTOCONTEMPLA\u00c7\u00c3O, QUE \u00c9 RECONHECER <strong><em>A SI MESMO<\/em><\/strong>\u00a0 COMO DEUS CONTEMPLANDO SUA <strong><em>TOTALIDADE E UNICIDADE!<\/em><\/strong> <\/span><\/h2>\n<h2 style=\"text-align: center;\"><span style=\"color: #6e3838;\">EM AUTOCONTEMPLA\u00c7\u00c3O,\u00a0 \u201cVOC\u00ca\u201d SOMENTE PODE\u00a0 SER O <strong><em>\u201cEU SOU\u201d<\/em><\/strong>\u00a0 QUE <strong><em>AGORA &#8220;VOC\u00ca&#8221;\u00a0 \u00c9!<\/em><\/strong> <\/span><\/h2>\n<h2 style=\"text-align: center;\"><span style=\"color: #6e3838;\">EM AUTOCONTEMPLA\u00c7\u00c3O \u201cVOC\u00ca\u201d SOMENTE PODE <strong><em>\u201cESTAR EM MIM\u201d,<\/em><\/strong> NO <em>&#8220;AGORA ATEMPORAL&#8221;\u00a0 <\/em>DE DEUS! <\/span><\/h2>\n<h2 style=\"text-align: center;\"><span style=\"color: #6e3838;\">E EM AUTOCONTEMPLA\u00c7\u00c3O, &#8220;VOC\u00ca&#8221; SOMENTE PODE SE VER <strong><em>INCLUSO<\/em><\/strong> NA \u201cONIA\u00c7\u00c3O DIVINA DO <em><strong>AGORA!<\/strong><\/em><\/span><\/h2>\n<h2><\/h2>\n<h2 style=\"text-align: center;\"><span style=\"color: #6e3838;\"><strong><em>\u201cEM DEUS VIVEMOS, NOS MOVEMOS E TEMOS O NOSSO SER\u201d<\/em><\/strong> \u2013 disse Paulo.\u00a0 PARTA DA VERDADE, E NUNCA DE \u201cAPAR\u00caNCIAS\u201d! <\/span><\/h2>\n<h2><\/h2>\n<h2 style=\"text-align: center;\"><span style=\"color: #6e3838;\">\u00c9 DESSE MODO QUE \u201cSATAN\u00c1S\u201d DEIXA DE TENTAR E IMPORTUNAR JESUS, QUANDO DELE ESCUTA:<\/span><\/h2>\n<h2 style=\"text-align: center;\"><span style=\"color: #6e3838;\"><strong><em>\u201cEST\u00c1 ESCRITO: SOMENTE ADORAR\u00c1S O SENHOR TEU DEUS!\u201d.<\/em><\/strong>\u00a0 <\/span><\/h2>\n<h2 style=\"text-align: center;\"><span style=\"color: #6e3838;\">FA\u00c7A ISTO! <em><strong>AGORA!<\/strong><\/em><\/span><\/h2>\n<h2 style=\"text-align: center;\"><span style=\"color: #6e3838;\">\u00a0*<\/span><\/h2>\n","protected":false},"excerpt":{"rendered":"<p>Se as revela\u00e7\u00f5es absolutas n\u00e3o sa\u00edrem da LETRA, para serem VERDADES AGORA EVIDENCIADAS E VIVENCIADAS, o \u201cpalco da ilus\u00e3o fenom\u00eanica\u201d n\u00e3o ser\u00e1 desmantelado!\u00a0 Pelo contr\u00e1rio, parecer\u00e1 perdurar em sua cont\u00ednua \u201cexposi\u00e7\u00e3o de miragens\u201d, enquanto\u00a0 O REINO PERFEITO E ILUMINADO DE DEUS deixa de SER AGORA\u00a0 RECONHECIDO! \u00c9 AGORA QUE DEUS \u00c9 TUDO,\u00a0 E QUE TUDO &hellip; <\/p>\n<p class=\"link-more\"><a href=\"https:\/\/www.fachodeluz.blog.br\/wp\/2019\/01\/29\/viva-consciente-de-estar-no-agora-de-deus\/\" class=\"more-link\">Leia mais<span class=\"screen-reader-text\"> &#8220;VIVA CONSCIENTE DE ESTAR NO &#8220;AGORA DE DEUS!&#8221;&#8221;<\/span><\/a><\/p>\n","protected":false},"author":2,"featured_media":0,"comment_status":"open","ping_status":"closed","sticky":false,"template":"","format":"standard","meta":{"nf_dc_page":"","_crdt_document":"","footnotes":""},"categories":[10],"tags":[],"class_list":["post-23837","post","type-post","status-publish","format-standard","hentry","category-darcio-dezolt"],"featured_media_urls":[],"_links":{"self":[{"href":"https:\/\/www.fachodeluz.blog.br\/wp\/wp-json\/wp\/v2\/posts\/23837","targetHints":{"allow":["GET"]}}],"collection":[{"href":"https:\/\/www.fachodeluz.blog.br\/wp\/wp-json\/wp\/v2\/posts"}],"about":[{"href":"https:\/\/www.fachodeluz.blog.br\/wp\/wp-json\/wp\/v2\/types\/post"}],"author":[{"embeddable":true,"href":"https:\/\/www.fachodeluz.blog.br\/wp\/wp-json\/wp\/v2\/users\/2"}],"replies":[{"embeddable":true,"href":"https:\/\/www.fachodeluz.blog.br\/wp\/wp-json\/wp\/v2\/comments?post=23837"}],"version-history":[{"count":0,"href":"https:\/\/www.fachodeluz.blog.br\/wp\/wp-json\/wp\/v2\/posts\/23837\/revisions"}],"wp:attachment":[{"href":"https:\/\/www.fachodeluz.blog.br\/wp\/wp-json\/wp\/v2\/media?parent=23837"}],"wp:term":[{"taxonomy":"category","embeddable":true,"href":"https:\/\/www.fachodeluz.blog.br\/wp\/wp-json\/wp\/v2\/categories?post=23837"},{"taxonomy":"post_tag","embeddable":true,"href":"https:\/\/www.fachodeluz.blog.br\/wp\/wp-json\/wp\/v2\/tags?post=23837"}],"curies":[{"name":"wp","href":"https:\/\/api.w.org\/{rel}","templated":true}]}}