{"id":24060,"date":"2019-03-05T13:43:43","date_gmt":"2019-03-05T16:43:43","guid":{"rendered":"http:\/\/fachodeluz.blog.br\/wp\/?p=24060"},"modified":"2019-03-05T13:43:43","modified_gmt":"2019-03-05T16:43:43","slug":"o-senhor-teu-deus-e-o-cristo-onipotente-que-tu-es","status":"publish","type":"post","link":"https:\/\/www.fachodeluz.blog.br\/wp\/2019\/03\/05\/o-senhor-teu-deus-e-o-cristo-onipotente-que-tu-es\/","title":{"rendered":"&#8220;O SENHOR TEU DEUS&#8221; \u00c9 O CRISTO ONIPOTENTE QUE TU \u00c9S!"},"content":{"rendered":"<h2 style=\"text-align: center;\"><span style=\"color: #4d1a1a;\"><a style=\"color: #4d1a1a;\" href=\"https:\/\/i0.wp.com\/fachodeluz.blog.br\/wp\/wp-content\/uploads\/2019\/03\/jesusheals1.jpg\"><img data-recalc-dims=\"1\" loading=\"lazy\" decoding=\"async\" loading=\"lazy\" class=\"aligncenter size-full wp-image-24061\" src=\"https:\/\/i0.wp.com\/fachodeluz.blog.br\/wp\/wp-content\/uploads\/2019\/03\/jesusheals1.jpg?resize=530%2C527\" alt=\"\" width=\"530\" height=\"527\" srcset=\"https:\/\/i0.wp.com\/www.fachodeluz.blog.br\/wp\/wp-content\/uploads\/2019\/03\/jesusheals1.jpg?w=530&amp;ssl=1 530w, https:\/\/i0.wp.com\/www.fachodeluz.blog.br\/wp\/wp-content\/uploads\/2019\/03\/jesusheals1.jpg?resize=150%2C150&amp;ssl=1 150w, https:\/\/i0.wp.com\/www.fachodeluz.blog.br\/wp\/wp-content\/uploads\/2019\/03\/jesusheals1.jpg?resize=300%2C298&amp;ssl=1 300w\" sizes=\"auto, (max-width: 530px) 100vw, 530px\" \/><\/a><\/span><\/h2>\n<h2 style=\"text-align: center;\"><span style=\"color: #4d1a1a;\">No exato lugar em que cada suposto \u201cser humano\u201d acredita viver, unicamente DEUS\u00a0 E SEU REINO EST\u00c3O\u00a0 PRESENTES, juntamente com o Cristo concebido por Ele para ser Sua eterna EXPRESS\u00c3O INDIVIDUAL. <\/span><\/h2>\n<h2 style=\"text-align: center;\"><span style=\"color: #4d1a1a;\">As Escrituras est\u00e3o repletas da express\u00e3o<em><strong> \u201co Senhor Teu Deus\u201d.\u00a0<\/strong> <\/em>O\u00a0 pr\u00f3prio Jesus se referiu a ela, ao sentir-se tentado pelo diabo: <em><strong>\u201cEst\u00e1 escrito: somente adorar\u00e1s o Senhor Teu Deus!\u201d.<\/strong><\/em><\/span><\/h2>\n<h2 style=\"text-align: center;\"><span style=\"color: #4d1a1a;\">O entendimento absoluto desta express\u00e3o \u00e9 libertador, e nos revela que <em><strong>SOMOS O SENHOR NOSSO DEUS,<\/strong> <\/em>desde que n\u00e3o nos associemos com o &#8220;mundo do pai da mentira&#8221; e seus supostos\u00a0 habitantes. <\/span><\/h2>\n<h2 style=\"text-align: center;\"><span style=\"color: #4d1a1a;\">O \u201crenascimento espiritual&#8221;\u00a0 decorre de nossa aceita\u00e7\u00e3o da Verdade de que DEUS \u00c9 QUEM SOMOS! Inicia-se\u00a0 com o &#8220;Batismo com \u00e1gua&#8221;, o &#8220;Batismo de Jo\u00e3o Batista&#8221;, que nos anuncia os FATOS ABSOLUTOS a fim de serem trabalhados com\u00a0 dedica\u00e7\u00e3o e f\u00e9, criando-nos abertura e receptividade \u00e0\u00a0 <strong><em>Autorrevela\u00e7\u00e3o do Cristo.<\/em><\/strong> O &#8220;Batismo com fogo&#8221; \u00e9 esta pr\u00f3pria <strong><em>Autorrevela\u00e7\u00e3o,<\/em><\/strong> o aparente momento em que <em><strong>DEUS E HOMEM SE VEEM SENDO UM!<\/strong><\/em><\/span><\/h2>\n<h2><\/h2>\n<h2 style=\"text-align: center;\"><span style=\"color: #4d1a1a;\">Na alegoria de Ad\u00e3o e Eva, ambos viviam na paz e harmonia do Para\u00edso, at\u00e9\u00a0 que a \u201cserpente\u201d os induziu a provar do <em>\u201cfruto do conhecimento do bem e do mal\u201d,<\/em> o que lhes era proibido por Deus. A partir de ent\u00e3o, o BEM PERMANENTE, que lhes estava dispon\u00edvel, foi trocado pela CREN\u00c7A NO BEM E NO MAL, e a UNIDADE COM DEUS lhes foi rompida! N\u00c3O SERIA POSS\u00cdVEL HAVER UNIDADE COM DEUS ACREDITANDO EM DOIS PODERES,\u00a0 <em><strong>COM DEUS CIENTE DE SER O \u00daNICO PODER!<\/strong><\/em><\/span><\/h2>\n<h2 style=\"text-align: center;\"><span style=\"color: #4d1a1a;\">\u00c9 EVIDENTE QUE A ALEGORIA REPRESENTA O \u201cESTADO HIPN\u00d3TICO COLETIVO&#8221;, E MAIS NADA!\u00a0 Em outras palavras, para DEUS, SER O PODER \u00daNICO, ERA VERDADE INQUEBRANT\u00c1VEL!\u00a0 TUDO QUE DEUS FAZ, \u00c9 <em><strong>PERMANENTE!\u00a0<\/strong> <\/em>POR OUTRO LADO,\u00a0 <em><strong>A CREN\u00c7A EM DOIS PODERES JAMAIS CRIA \u201cDOIS PODERES\u201d!\u00a0 <\/strong><\/em>SEMPRE O <strong><em>PODER \u00daNICO<\/em><\/strong> EST\u00c1 PRESENTE, INCLUSIVE COMO O CRISTO QUE SOMOS! <\/span><\/h2>\n<h2 style=\"text-align: center;\"><span style=\"color: #4d1a1a;\">Por esse motivo, a express\u00e3o <em><strong>\u201cO Senhor Teu Deus\u201d<\/strong> <\/em>\u00e9 largamente empregada nas Escrituras!<\/span><\/h2>\n<h2 style=\"text-align: center;\"><span style=\"color: #4d1a1a;\"> QUAL \u00c9 O SIGNIFICADO DE <strong><em>\u201cSOMENTE ADORAR\u00c1S O SENHOR TEU DEUS\u201d?<\/em><\/strong> \u00a0 O SEGUINTE: ELA REPRESENTA <strong><em>NOSSO ENDOSSO TAXATIVO DA VERDADE DO \u201cPODER \u00daNICO&#8221;!<\/em> \u00a0 <\/strong>COMPROVA NOSSO CONHECIMENTO DE QUE <strong><em>\u201cN\u00c3O EXISTEM DOIS PODERES!<\/em> &#8221; <\/strong>E QUANDO O \u201cDIABO\u201d <em><strong>SOME\u00a0 DE PERTO DE JESUS,<\/strong> <\/em>AP\u00d3S ELE DIZER\u00a0 QUE <em><strong>\u201cSOMENTE ADORARIA O SENHOR TEU DEUS\u201d,<\/strong><\/em> SIGNIFICA QUE JAMAIS ESTEVE EXISTINDO\u00a0 DIABO ALGUM!\u00a0 ERA UMA FALSA CREN\u00c7A EM DOIS PODERES!\u00a0 SENDO ANULADA A CREN\u00c7A, A VERDADE P\u00d4DE SER \u201cTRAZIDA \u00c0 LUZ&#8221;!<\/span><\/h2>\n<h2 style=\"text-align: center;\"><span style=\"color: #4d1a1a;\"><strong><em>Habitue-se a lidar com \u201cO SENHOR TEU DEUS\u201d!<\/em> <\/strong>DE QUE MODO? A CADA APARENTE SURGIMENTO DA <strong><em>CREN\u00c7A EM\u00a0 DOIS PODERES,<\/em> <\/strong>CONFIRME <em><strong>\u201cADORAR UNICAMENTE O SENHOR TEU DEUS\u201d,<\/strong> <\/em>HONRANDO-O COMO\u00a0 <em><strong>TODO ONIPOTENTE!<\/strong><\/em><\/span><\/h2>\n<h2 style=\"text-align: center;\"><span style=\"color: #4d1a1a;\">DEUS \u00c9 TUDO, DEUS \u00c9 SABEDORIA INFINITA E ONIPRESENTE!\u00a0 A SUPOSTA<strong><em> \u201cSABEDORIA DA SERPENTE\u201d<\/em> \u00c9<\/strong> PURA FIC\u00c7\u00c3O! JAMAIS ESTEVE PRESENTE REALMENTE!<\/span><\/h2>\n<h2 style=\"text-align: center;\"><span style=\"color: #4d1a1a;\">Resumindo, o reconhecimento do PODER \u00daNICO p\u00f5e fim ao &#8220;diabo&#8221; e a todos os &#8220;dem\u00f4nios&#8221;! <\/span><\/h2>\n<h2 style=\"text-align: center;\"><span style=\"color: #4d1a1a;\">*<\/span><\/h2>\n<p>&nbsp;<\/p>\n","protected":false},"excerpt":{"rendered":"<p>No exato lugar em que cada suposto \u201cser humano\u201d acredita viver, unicamente DEUS\u00a0 E SEU REINO EST\u00c3O\u00a0 PRESENTES, juntamente com o Cristo concebido por Ele para ser Sua eterna EXPRESS\u00c3O INDIVIDUAL. As Escrituras est\u00e3o repletas da express\u00e3o \u201co Senhor Teu Deus\u201d.\u00a0 O\u00a0 pr\u00f3prio Jesus se referiu a ela, ao sentir-se tentado pelo diabo: \u201cEst\u00e1 escrito: &hellip; <\/p>\n<p class=\"link-more\"><a href=\"https:\/\/www.fachodeluz.blog.br\/wp\/2019\/03\/05\/o-senhor-teu-deus-e-o-cristo-onipotente-que-tu-es\/\" class=\"more-link\">Leia mais<span class=\"screen-reader-text\"> &#8220;&#8220;O SENHOR TEU DEUS&#8221; \u00c9 O CRISTO ONIPOTENTE QUE TU \u00c9S!&#8221;<\/span><\/a><\/p>\n","protected":false},"author":2,"featured_media":0,"comment_status":"open","ping_status":"closed","sticky":false,"template":"","format":"standard","meta":{"nf_dc_page":"","_crdt_document":"","footnotes":""},"categories":[10],"tags":[],"class_list":["post-24060","post","type-post","status-publish","format-standard","hentry","category-darcio-dezolt"],"featured_media_urls":[],"_links":{"self":[{"href":"https:\/\/www.fachodeluz.blog.br\/wp\/wp-json\/wp\/v2\/posts\/24060","targetHints":{"allow":["GET"]}}],"collection":[{"href":"https:\/\/www.fachodeluz.blog.br\/wp\/wp-json\/wp\/v2\/posts"}],"about":[{"href":"https:\/\/www.fachodeluz.blog.br\/wp\/wp-json\/wp\/v2\/types\/post"}],"author":[{"embeddable":true,"href":"https:\/\/www.fachodeluz.blog.br\/wp\/wp-json\/wp\/v2\/users\/2"}],"replies":[{"embeddable":true,"href":"https:\/\/www.fachodeluz.blog.br\/wp\/wp-json\/wp\/v2\/comments?post=24060"}],"version-history":[{"count":0,"href":"https:\/\/www.fachodeluz.blog.br\/wp\/wp-json\/wp\/v2\/posts\/24060\/revisions"}],"wp:attachment":[{"href":"https:\/\/www.fachodeluz.blog.br\/wp\/wp-json\/wp\/v2\/media?parent=24060"}],"wp:term":[{"taxonomy":"category","embeddable":true,"href":"https:\/\/www.fachodeluz.blog.br\/wp\/wp-json\/wp\/v2\/categories?post=24060"},{"taxonomy":"post_tag","embeddable":true,"href":"https:\/\/www.fachodeluz.blog.br\/wp\/wp-json\/wp\/v2\/tags?post=24060"}],"curies":[{"name":"wp","href":"https:\/\/api.w.org\/{rel}","templated":true}]}}