{"id":24264,"date":"2019-04-10T13:48:51","date_gmt":"2019-04-10T16:48:51","guid":{"rendered":"http:\/\/fachodeluz.blog.br\/wp\/?p=24264"},"modified":"2019-04-10T14:21:11","modified_gmt":"2019-04-10T17:21:11","slug":"reconheca-ter-olhos-que-veem","status":"publish","type":"post","link":"https:\/\/www.fachodeluz.blog.br\/wp\/2019\/04\/10\/reconheca-ter-olhos-que-veem\/","title":{"rendered":"RECONHE\u00c7A &#8220;TER OLHOS QUE VEEM&#8221;!"},"content":{"rendered":"<h3><span style=\"color: #282d59;\"><a style=\"color: #282d59;\" href=\"https:\/\/i0.wp.com\/fachodeluz.blog.br\/wp\/wp-content\/uploads\/2019\/04\/galinha1.jpg\"><img data-recalc-dims=\"1\" loading=\"lazy\" decoding=\"async\" loading=\"lazy\" class=\"aligncenter size-full wp-image-24265\" src=\"https:\/\/i0.wp.com\/fachodeluz.blog.br\/wp\/wp-content\/uploads\/2019\/04\/galinha1.jpg?resize=520%2C358\" alt=\"\" width=\"520\" height=\"358\" srcset=\"https:\/\/i0.wp.com\/www.fachodeluz.blog.br\/wp\/wp-content\/uploads\/2019\/04\/galinha1.jpg?w=520&amp;ssl=1 520w, https:\/\/i0.wp.com\/www.fachodeluz.blog.br\/wp\/wp-content\/uploads\/2019\/04\/galinha1.jpg?resize=300%2C207&amp;ssl=1 300w\" sizes=\"auto, (max-width: 520px) 100vw, 520px\" \/><\/a><\/span><\/h3>\n<h3 style=\"text-align: center;\"><span style=\"color: #282d59;\"><em><span class=\"highl\">&#8220;Jerusal\u00e9m, Jerusal\u00e9m, que matas os profetas e apedrejas os que te foram enviados! Quantas vezes Eu quis reunir os teus filhos como a galinha re\u00fane os seus pintinhos debaixo das suas asas, mas v\u00f3s n\u00e3o o aceitastes! <\/span> <span class=\"reftext\"><a style=\"color: #282d59;\" href=\"https:\/\/bibliaportugues.com\/luke\/13-35.htm\">\u00a0<\/a><\/span>Eis que a vossa Casa vos ficar\u00e1 desabitada! E, com toda a certeza vos asseguro, que n\u00e3o mais me vereis at\u00e9 que venhais\u00a0 a proclamar: \u2018Bendito o que vem em nome do Senhor&#8221;!\u201d\u00a0 <\/em><\/span><\/h3>\n<h3 style=\"text-align: center;\"><span style=\"color: #282d59;\">Lucas 13: 34 <\/span><\/h3>\n<h2 style=\"text-align: center;\"><span style=\"color: #282d59;\">Podemos considerar que N\u00c3O EXISTE DEUS, E, AO LADO DE DEUS, EXISTAM FILHOS DE DEUS EM EXPRESS\u00d5ES SEPARADAS! Por isso, no enfoque absoluto da Verdade, \u00e9 empregada e real\u00e7ada a palavra \u201cCOMO\u201d.\u00a0 <\/span><\/h2>\n<h2 style=\"text-align: center;\"><span style=\"color: #282d59;\">QUEM \u00c9 VOC\u00ca? Sendo DEUS ESP\u00cdRITO, VOC\u00ca \u00c9 DEUS SE EXPRESSANDO <em>COMO<\/em> \u201cSER INDIVIDUAL\u201d,\u00a0 QUE PODE TAMB\u00c9M SER CHAMADO DE \u201cFILHO DE DEUS\u201d \u2013 <em><strong>jamais SEPARADO de Deus!<\/strong><\/em><\/span><\/h2>\n<h2 style=\"text-align: center;\"><span style=\"color: #282d59;\">Em UNIDADE com o TODO, somos o que DEUS \u00c9, somos a UNIDADE PERFEITA; e quando nos vemos SENDO O CRISTO, somos toda a NATUREZA DE DEUS expressa especificamente COMO \u201cSER INDIVIDUAL\u201d! <\/span><\/h2>\n<h2 style=\"text-align: center;\"><span style=\"color: #282d59;\">A import\u00e2ncia da palavra \u201cCOMO\u201d reside neste entendimento, que anula a CREN\u00c7A DUALISTA em DEUS<strong><em> E\u00a0<\/em><\/strong> FILHO DE DEUS, como se fossem exist\u00eancias separadas!<\/span><\/h2>\n<h2 style=\"text-align: center;\"><span style=\"color: #282d59;\">Afirme, reconhe\u00e7a e contemple A SI MESMO, n\u00e3o apenas EM DEUS, mas sim, <strong><em>COMO<\/em><\/strong> DEUS!\u00a0 Lembre-se do que disse Jesus: <em><strong>\u201cAQUELE QUE ME V\u00ca A MIM, V\u00ca O PAI\u201d.\u00a0<\/strong> <\/em>Significa ESTAR ATIVO COMO A ONIA\u00c7\u00c3O ONIPRESENTE, de modo an\u00e1logo ao \u201coceano\u201d, que d\u00e1 movimenta\u00e7\u00e3o global a si mesmo, e, com isto, faz movimentar cada uma de suas gotas! O oceano se expressa <em>COMO<\/em> gotas!<\/span><\/h2>\n<h2><\/h2>\n<h2 style=\"text-align: center;\"><span style=\"color: #282d59;\">Quando Jesus chorou, por entrar em Jerusal\u00e9m e v\u00ea-la fenomenicamente \u201cimersa\u201d em conflitos ou contendas, sabia que TODOS OS SEUS HABITANTES, <em>aparentemente,<\/em> estavam VIVENCIANDO A <strong><em>ILUS\u00c3O DE MASSA,<\/em> <\/strong>e n\u00e3o a REAL E HARMONIOSA VERDADE DA\u00a0 <strong><em>\u201cUNIDADE PERFEITA\u201d.<\/em> <\/strong><\/span><\/h2>\n<h2><\/h2>\n<h2 style=\"text-align: center;\"><span style=\"color: #282d59;\">Por que chorou, ciente de que \u201co mundo \u00e9 ilus\u00e3o\u201d? Por saber que, para os ILUDIDOS, a ILUS\u00c3O era entendida e sofrida como realidade! Veio para &#8220;livrar o mundo\u201d do <em><strong>cativeiro ilus\u00f3rio,<\/strong> <\/em>mas constatava que NINGU\u00c9M PARECIA DEMONSTRAR INTERESSE PELOS SEUS ENSINOS!\u00a0 A &#8220;velha Jerusal\u00e9m&#8221;, assim citada na B\u00edblia, \u00e9 o retrato de todo o &#8220;mundo fenom\u00eanico&#8221; da atualidade!<\/span><\/h2>\n<h3 style=\"text-align: center;\"><span style=\"color: #282d59;\"><strong>A liberta\u00e7\u00e3o somente vir\u00e1\u00a0 \u00c0QUELES que\u00a0 se voltarem ao pr\u00f3prio Cristo para proclamarem:<\/strong> <\/span><\/h3>\n<h3 style=\"text-align: center;\"><span style=\"color: #282d59;\"><em>&#8220;BENDITO O QUE VEM EM NOME DO SENHOR!&#8221;<\/em><\/span><\/h3>\n<h2><\/h2>\n<h2 style=\"text-align: center;\"><span style=\"color: #282d59;\">Jesus percebia as \u201capar\u00eancias\u201d que sugeriam dores e sofrimentos, e, ao mesmo tempo, com a Mente de Cristo, percebia o UNIVERSO PERFEITO E PLENO DE LUZ!<\/span><\/h2>\n<h2 style=\"text-align: center;\"><span style=\"color: #282d59;\">Aceitar, afirmar e contemplar que N\u00c3O SOMOS \u201cNASCIDOS DA CARNE\u201d, E SIM, \u201cNASCIDOS DO ESP\u00cdRITO DE DEUS&#8221;,\u00a0 LEVA-NOS A DAR ACOLHIDA E BOAS VINDAS\u00a0 AO CRISTO C\u00d3SMICO QUE SOMOS,\u00a0 AO \u201cRENASCIMENTO\u201d, \u00c0 PERCEP\u00c7\u00c3O DE QUE <em><strong>\u201cSOMOS DEUS APARECENDO COMO SER INDIVIDUAL\u201d<\/strong><\/em>. <\/span><\/h2>\n<h2 style=\"text-align: center;\"><span style=\"color: #282d59;\">TODOS TEMOS <em><strong>\u201cOLHOS QUE VEEM\u201d,<\/strong> <\/em>PORQUE SOMOS \u201cDEUSES\u201d E N\u00c3O \u201cCARNAIS\u201d! \u00a0 Quando estas Verdades passarem a PREDOMINAR em nossas aceita\u00e7\u00f5es, a Mente de Cristo, que TODOS temos, receber\u00e1 a aten\u00e7\u00e3o merecida e devida; os supostos \u201csentidos da mente carnal\u201d ser\u00e3o descartados como nulos, e o REINO DE DEUS se revelar\u00e1 como SEMPRE SENDO VISTO! <\/span><\/h2>\n<h2 style=\"text-align: center;\"><span style=\"color: #282d59;\">E ISTO PORQUE<strong><em> \u201cOS OLHOS QUE VEEM\u201d<\/em> <\/strong>SEMPRE ESTIVERAM SENDO<em><strong> OS \u201cNOSSOS OLHOS\u201d! <\/strong><\/em><\/span><\/h2>\n<h2 style=\"text-align: center;\"><span style=\"color: #282d59;\"><em><strong>*<br \/>\n<\/strong><\/em><\/span><\/h2>\n<p>&nbsp;<\/p>\n","protected":false},"excerpt":{"rendered":"<p>&#8220;Jerusal\u00e9m, Jerusal\u00e9m, que matas os profetas e apedrejas os que te foram enviados! Quantas vezes Eu quis reunir os teus filhos como a galinha re\u00fane os seus pintinhos debaixo das suas asas, mas v\u00f3s n\u00e3o o aceitastes! \u00a0Eis que a vossa Casa vos ficar\u00e1 desabitada! E, com toda a certeza vos asseguro, que n\u00e3o mais &hellip; <\/p>\n<p class=\"link-more\"><a href=\"https:\/\/www.fachodeluz.blog.br\/wp\/2019\/04\/10\/reconheca-ter-olhos-que-veem\/\" class=\"more-link\">Leia mais<span class=\"screen-reader-text\"> &#8220;RECONHE\u00c7A &#8220;TER OLHOS QUE VEEM&#8221;!&#8221;<\/span><\/a><\/p>\n","protected":false},"author":2,"featured_media":0,"comment_status":"open","ping_status":"closed","sticky":false,"template":"","format":"standard","meta":{"nf_dc_page":"","_crdt_document":"","footnotes":""},"categories":[10],"tags":[],"class_list":["post-24264","post","type-post","status-publish","format-standard","hentry","category-darcio-dezolt"],"featured_media_urls":[],"_links":{"self":[{"href":"https:\/\/www.fachodeluz.blog.br\/wp\/wp-json\/wp\/v2\/posts\/24264","targetHints":{"allow":["GET"]}}],"collection":[{"href":"https:\/\/www.fachodeluz.blog.br\/wp\/wp-json\/wp\/v2\/posts"}],"about":[{"href":"https:\/\/www.fachodeluz.blog.br\/wp\/wp-json\/wp\/v2\/types\/post"}],"author":[{"embeddable":true,"href":"https:\/\/www.fachodeluz.blog.br\/wp\/wp-json\/wp\/v2\/users\/2"}],"replies":[{"embeddable":true,"href":"https:\/\/www.fachodeluz.blog.br\/wp\/wp-json\/wp\/v2\/comments?post=24264"}],"version-history":[{"count":0,"href":"https:\/\/www.fachodeluz.blog.br\/wp\/wp-json\/wp\/v2\/posts\/24264\/revisions"}],"wp:attachment":[{"href":"https:\/\/www.fachodeluz.blog.br\/wp\/wp-json\/wp\/v2\/media?parent=24264"}],"wp:term":[{"taxonomy":"category","embeddable":true,"href":"https:\/\/www.fachodeluz.blog.br\/wp\/wp-json\/wp\/v2\/categories?post=24264"},{"taxonomy":"post_tag","embeddable":true,"href":"https:\/\/www.fachodeluz.blog.br\/wp\/wp-json\/wp\/v2\/tags?post=24264"}],"curies":[{"name":"wp","href":"https:\/\/api.w.org\/{rel}","templated":true}]}}