{"id":24329,"date":"2019-04-21T12:45:19","date_gmt":"2019-04-21T15:45:19","guid":{"rendered":"http:\/\/fachodeluz.blog.br\/wp\/?p=24329"},"modified":"2019-04-21T12:45:19","modified_gmt":"2019-04-21T15:45:19","slug":"a-oniacao-absoluta-e-a-sua-real-movimentacao-e-a-de-todos","status":"publish","type":"post","link":"https:\/\/www.fachodeluz.blog.br\/wp\/2019\/04\/21\/a-oniacao-absoluta-e-a-sua-real-movimentacao-e-a-de-todos\/","title":{"rendered":"A ONIA\u00c7\u00c3O ABSOLUTA \u00c9 A SUA REAL MOVIMENTA\u00c7\u00c3O E A DE TODOS!"},"content":{"rendered":"<h2 style=\"text-align: center;\"><span style=\"color: #59591c;\"><a style=\"color: #59591c;\" href=\"https:\/\/i0.wp.com\/fachodeluz.blog.br\/wp\/wp-content\/uploads\/2019\/04\/ONIA%C3%87%C3%83O-ABSOLUTA-1.jpg\"><img data-recalc-dims=\"1\" loading=\"lazy\" decoding=\"async\" loading=\"lazy\" class=\"aligncenter size-full wp-image-24330\" src=\"https:\/\/i0.wp.com\/fachodeluz.blog.br\/wp\/wp-content\/uploads\/2019\/04\/ONIA%C3%87%C3%83O-ABSOLUTA-1.jpg?resize=520%2C387\" alt=\"\" width=\"520\" height=\"387\" srcset=\"https:\/\/i0.wp.com\/www.fachodeluz.blog.br\/wp\/wp-content\/uploads\/2019\/04\/ONIA%C3%87%C3%83O-ABSOLUTA-1.jpg?w=520&amp;ssl=1 520w, https:\/\/i0.wp.com\/www.fachodeluz.blog.br\/wp\/wp-content\/uploads\/2019\/04\/ONIA%C3%87%C3%83O-ABSOLUTA-1.jpg?resize=300%2C223&amp;ssl=1 300w\" sizes=\"auto, (max-width: 520px) 100vw, 520px\" \/><\/a><\/span><\/h2>\n<h2 style=\"text-align: center;\"><span style=\"color: #59591c;\">Vivemos num Universo <strong><em>espiritual<\/em><\/strong> ativo, em que todos somos a \u201cEU SOU ATIVIDADE \u00daNICA\u201d, ou <em><strong>ONIA\u00c7\u00c3O<\/strong><\/em>. Quando reconhecemos e contemplamos esta Verdade, entendemos o que disse Jesus: <em><strong>\u201cDe mim mesmo, nada fa\u00e7o; o Pai em mim faz as obras&#8221;.\u00a0 <\/strong><\/em>Esta pr\u00e9via\u00a0 percep\u00e7\u00e3o de que <em><strong>SOMOS DEUS EM ONIA\u00c7\u00c3O\u00a0<\/strong><\/em> elimina a CREN\u00c7A de que agimos como seres separados ou independentes do todo, o que leva muitos a aceitar\u00a0 \u201csucesso e fracasso\u201d, que s\u00e3o os \u201cpares de opostos\u201d sustentados pelas CREN\u00c7AS COLETIVAS, \u00a0 que <strong><em>aparentam existir<\/em> <\/strong>\u00e0queles que<strong><em> \u201catribuem a si ou ao seu ego\u201d<\/em><\/strong> as suas atividades e feitos.<\/span><\/h2>\n<h2 style=\"text-align: center;\"><span style=\"color: #59591c;\"><strong><em>\u201cDespojai-vos do velho homem e de seus feitos\u201d,<\/em> <\/strong>disse Paulo. Estaria pregando o \u201cnada fazer&#8221;? Uma vida de desinteresse e de inatividade? Certamente que n\u00e3o! Jesus disse o seguinte: <\/span><\/h2>\n<h2 style=\"text-align: center;\"><span style=\"color: #59591c;\"><em>\u201cMEU PAI TRABALHA AT\u00c9\u00a0 HOJE, E EU TRABALHO TAMB\u00c9M\u201d!<\/em> <\/span><\/h2>\n<h2 style=\"text-align: center;\"><span style=\"color: #59591c;\">O que precisa ser PERCEBIDO, \u00e9 que NA <strong><em>ONIA\u00c7\u00c3O,<\/em> <\/strong>O ESPIRITO DE DEUS \u00e9 quem age como cada um de n\u00f3s, e em total harmonia com todos os demais, por sermos <em>T<\/em><strong><em>ODOS UM, E TODOS O MESMO ESP\u00cdRITO!<\/em><\/strong><\/span><\/h2>\n<h2 style=\"text-align: center;\"><span style=\"color: #59591c;\"><strong><em>\u201cEu subo para meu PAI\u00a0 e VOSSO PAI, para meu DEUS e VOSSO DEUS&#8221;,<\/em> <\/strong>declarou Jesus, querendo nos dizer que <strong><em>CADA FILHO DE DEUS \u00c9 DEUS NA UNIDADE PERFEITA E NA ONIA\u00c7\u00c3O,<\/em><\/strong> o que deve nos levar\u00a0 TAMB\u00c9M ao RECONHECIMENTO destes fatos em todos os relacionamentos e atividades <em><strong>supostamente<\/strong> <\/em>terrenas! <\/span><\/h2>\n<h2 style=\"text-align: center;\"><span style=\"color: #59591c;\">Segundo a CREN\u00c7A, se algu\u00e9m for chamado para uma entrevista, numa empresa, \u00e9 comum comparecer temeroso, com medo ou de n\u00e3o agradar ou de n\u00e3o saber o que dizer. Qual seria a causa? N\u00c3O CONTEMPLAR QUE ELE E O ENTREVISTADOR S\u00c3O UM,\u00a0 E\u00a0 QUE AMBOS EST\u00c3O NA <em><strong>ONIA\u00c7\u00c3O.<\/strong> <\/em><\/span><\/h2>\n<h2 style=\"text-align: center;\"><span style=\"color: #59591c;\">Se a Verdade fosse contemplada, as apar\u00eancias\u201d se desdobrariam em harmonia e tranquilidade.<\/span><\/h2>\n<h2><\/h2>\n<h2 style=\"text-align: center;\"><span style=\"color: #59591c;\">Tamb\u00e9m segundo a CREN\u00c7A,\u00a0 se algu\u00e9m precisar tomar um \u00f4nibus, caso olhe antes para a fila, avaliando todos pelas \u201capar\u00eancias\u201d, caso algum deles estiver mal-intencionado, ser\u00e1 motivado a proceder mal. Qual seria a causa?\u00a0 N\u00c3O CONTEMPLAR QUE ELE, E TODOS NAQUELE PONTO, S\u00c3O UM, E QUE TODOS EST\u00c3O\u00a0 NA <strong><em>ONIA\u00c7\u00c3O!<\/em><\/strong><\/span><\/h2>\n<h2 style=\"text-align: center;\"><span style=\"color: #59591c;\">Estes exemplos deixam claro a forma com que a VERDADE \u00c9 VIVIDA NA PR\u00c1TICA|! <\/span><\/h2>\n<h2 style=\"text-align: center;\"><span style=\"color: #59591c;\">DEUS \u00c9 TUDO, E O SUPOSTO \u201cMUNDO DE APAR\u00caNCIAS\u201d N\u00c3O \u00c9 REAL, SENDO MERAMENTE UMA \u201cSOMBRA\u201d DOS PENSAMENTOS PREDOMINANTES EM CADA UM. <\/span><\/h2>\n<h2 style=\"text-align: center;\"><span style=\"color: #59591c;\">Sem RECONHECERMOS a <em><strong>Onia\u00e7\u00e3o,<\/strong><\/em> ficaremos &#8220;no mundo&#8221; e sujeitos \u00e0 lei mental: <\/span><\/h2>\n<h2 style=\"text-align: center;\"><span style=\"color: #59591c;\"><strong><em>&#8220;O QUE FOR RECONHECIDO, APARECER\u00c1&#8221;.\u00a0 <\/em><\/strong><\/span><\/h2>\n<h2 style=\"text-align: center;\"><span style=\"color: #59591c;\"><strong>Por meio do &#8220;JU\u00cdZO JUSTO&#8221;, honramos os FILHOS como HONRAMOS O PAI, e fazemos com que todas as leis mentais atuem a nosso favor!<\/strong><\/span><\/h2>\n<p>&nbsp;<\/p>\n<h2 style=\"text-align: center;\"><span style=\"color: #59591c;\">Quanto mais algu\u00e9m reconhecer que a Mente de Cristo \u00e9 a sua, e \u00e9 a Mente real de todos, melhores\u00a0 ser\u00e3o as \u201capar\u00eancias\u201d! <\/span><\/h2>\n<h2 style=\"text-align: center;\"><span style=\"color: #59591c;\">A <strong><em>ONIA\u00c7\u00c3O ABSOLUTA<\/em> <\/strong>SER\u00c1 RECONHECIDA COMO <em><strong>A NOSSA MOVIMENTA\u00c7\u00c3O E A DE TODOS,<\/strong><\/em> E OS SUPOSTOS &#8220;FEITOS TERRENOS&#8221; N\u00c3O MAIS SE TORNAR\u00c3O &#8220;FOCOS&#8221; DE NOSSA ATEN\u00c7\u00c3O! <\/span><\/h2>\n<h2><\/h2>\n<h2 style=\"text-align: center;\"><span style=\"color: #59591c;\">*<\/span><\/h2>\n<h2 style=\"text-align: center;\"><\/h2>\n","protected":false},"excerpt":{"rendered":"<p>Vivemos num Universo espiritual ativo, em que todos somos a \u201cEU SOU ATIVIDADE \u00daNICA\u201d, ou ONIA\u00c7\u00c3O. Quando reconhecemos e contemplamos esta Verdade, entendemos o que disse Jesus: \u201cDe mim mesmo, nada fa\u00e7o; o Pai em mim faz as obras&#8221;.\u00a0 Esta pr\u00e9via\u00a0 percep\u00e7\u00e3o de que SOMOS DEUS EM ONIA\u00c7\u00c3O\u00a0 elimina a CREN\u00c7A de que agimos como &hellip; <\/p>\n<p class=\"link-more\"><a href=\"https:\/\/www.fachodeluz.blog.br\/wp\/2019\/04\/21\/a-oniacao-absoluta-e-a-sua-real-movimentacao-e-a-de-todos\/\" class=\"more-link\">Leia mais<span class=\"screen-reader-text\"> &#8220;A ONIA\u00c7\u00c3O ABSOLUTA \u00c9 A SUA REAL MOVIMENTA\u00c7\u00c3O E A DE TODOS!&#8221;<\/span><\/a><\/p>\n","protected":false},"author":2,"featured_media":0,"comment_status":"open","ping_status":"closed","sticky":false,"template":"","format":"standard","meta":{"nf_dc_page":"","_crdt_document":"","footnotes":""},"categories":[10],"tags":[],"class_list":["post-24329","post","type-post","status-publish","format-standard","hentry","category-darcio-dezolt"],"featured_media_urls":[],"_links":{"self":[{"href":"https:\/\/www.fachodeluz.blog.br\/wp\/wp-json\/wp\/v2\/posts\/24329","targetHints":{"allow":["GET"]}}],"collection":[{"href":"https:\/\/www.fachodeluz.blog.br\/wp\/wp-json\/wp\/v2\/posts"}],"about":[{"href":"https:\/\/www.fachodeluz.blog.br\/wp\/wp-json\/wp\/v2\/types\/post"}],"author":[{"embeddable":true,"href":"https:\/\/www.fachodeluz.blog.br\/wp\/wp-json\/wp\/v2\/users\/2"}],"replies":[{"embeddable":true,"href":"https:\/\/www.fachodeluz.blog.br\/wp\/wp-json\/wp\/v2\/comments?post=24329"}],"version-history":[{"count":0,"href":"https:\/\/www.fachodeluz.blog.br\/wp\/wp-json\/wp\/v2\/posts\/24329\/revisions"}],"wp:attachment":[{"href":"https:\/\/www.fachodeluz.blog.br\/wp\/wp-json\/wp\/v2\/media?parent=24329"}],"wp:term":[{"taxonomy":"category","embeddable":true,"href":"https:\/\/www.fachodeluz.blog.br\/wp\/wp-json\/wp\/v2\/categories?post=24329"},{"taxonomy":"post_tag","embeddable":true,"href":"https:\/\/www.fachodeluz.blog.br\/wp\/wp-json\/wp\/v2\/tags?post=24329"}],"curies":[{"name":"wp","href":"https:\/\/api.w.org\/{rel}","templated":true}]}}