{"id":24352,"date":"2019-04-25T12:04:51","date_gmt":"2019-04-25T15:04:51","guid":{"rendered":"http:\/\/fachodeluz.blog.br\/wp\/?p=24352"},"modified":"2019-04-25T12:27:07","modified_gmt":"2019-04-25T15:27:07","slug":"tornarei-o-deserto-em-mananciais-de-aguas","status":"publish","type":"post","link":"https:\/\/www.fachodeluz.blog.br\/wp\/2019\/04\/25\/tornarei-o-deserto-em-mananciais-de-aguas\/","title":{"rendered":"\u201cTORNAREI O DESERTO EM MANANCIAIS DE \u00c1GUAS!\u201d"},"content":{"rendered":"<h2 style=\"text-align: center;\"><span style=\"color: #2f2f82;\"><a style=\"color: #2f2f82;\" href=\"https:\/\/i0.wp.com\/fachodeluz.blog.br\/wp\/wp-content\/uploads\/2019\/04\/agua2-2A.jpg\"><img data-recalc-dims=\"1\" loading=\"lazy\" decoding=\"async\" loading=\"lazy\" class=\"aligncenter size-full wp-image-24353\" src=\"https:\/\/i0.wp.com\/fachodeluz.blog.br\/wp\/wp-content\/uploads\/2019\/04\/agua2-2A.jpg?resize=520%2C346\" alt=\"\" width=\"520\" height=\"346\" srcset=\"https:\/\/i0.wp.com\/www.fachodeluz.blog.br\/wp\/wp-content\/uploads\/2019\/04\/agua2-2A.jpg?w=520&amp;ssl=1 520w, https:\/\/i0.wp.com\/www.fachodeluz.blog.br\/wp\/wp-content\/uploads\/2019\/04\/agua2-2A.jpg?resize=300%2C200&amp;ssl=1 300w\" sizes=\"auto, (max-width: 520px) 100vw, 520px\" \/><\/a><\/span><\/h2>\n<h3><\/h3>\n<h3 style=\"text-align: center;\"><span style=\"color: #2f2f82;\"><em>\u201cTornarei o deserto em mananciais de \u00e1guas\u201d.<\/em><\/span><\/h3>\n<h3 style=\"text-align: center;\"><span style=\"color: #2f2f82;\">Isa\u00edas. 41:18<\/span><\/h3>\n<h2 style=\"text-align: center;\"><span style=\"color: #2f2f82;\">A insatisfa\u00e7\u00e3o geral, demonstrada pela humanidade com o mundo e com as limita\u00e7\u00f5es e tipo de vida \u00a0impostas <em>aparentemente<\/em> pelo mundo, teria fim, se a Verdade fosse conhecida! Por\u00e9m, a CREN\u00c7A aceita pela maioria \u00e9 a de que \u201cVIVEMOS EM MUNDO MATERIAL\u201d, enquanto DEUS \u00c9 ESP\u00cdRITO, somos todos ESP\u00cdRITO,<em><strong> e vivendo integralmente NO ESP\u00cdRITO ONIPRESENTE DE DEUS!<\/strong><\/em><\/span><\/h2>\n<h2 style=\"text-align: center;\"><span style=\"color: #2f2f82;\">Com o conhecimento da Verdade Absoluta de que DEUS \u00c9 TUDO, associado \u00e0 aplica\u00e7\u00e3o correta das leis mentais, endossando a Verdade divina e, portanto, sendo empregadas A NOSSO FAVOR, E N\u00c3O CONTRA, <em><strong>veremos CUMPRIR a revela\u00e7\u00e3o de Isa\u00edas em nossa pr\u00f3pria experi\u00eancia.<\/strong><\/em><\/span><\/h2>\n<h2 style=\"text-align: center;\"><span style=\"color: #2f2f82;\">Que diz a revela\u00e7\u00e3o? O seguinte:<\/span><\/h2>\n<h2 style=\"text-align: center;\"><span style=\"color: #2f2f82;\"><strong><em>\u201cTORNAREI O DESERTO EM MANANCIAIS DE \u00c1GUAS!\u201d<\/em><\/strong><\/span><\/h2>\n<h2 style=\"text-align: center;\"><span style=\"color: #2f2f82;\">Que significa o <strong><em>DESERTO?\u00a0<\/em> <\/strong>Significa o<em><strong> ilus\u00f3rio<\/strong> <\/em>\u201cmundo de apar\u00eancias\u201d, juntamente com nosso suposto \u201cenvolvimento\u201d com ele.<\/span><\/h2>\n<h2 style=\"text-align: center;\"><span style=\"color: #2f2f82;\">Que significam os <em><strong>MANANCIAIS DE \u00c1GUAS?<\/strong><\/em> Representam as infinitas b\u00ean\u00e7\u00e3os, d\u00e1divas e bem-aventuran\u00e7as<strong><em>, oferecidas ININTERRUPTAMENTE por DEUS a cada FILHO DE DEUS!<\/em><\/strong><\/span><\/h2>\n<h2><\/h2>\n<h2 style=\"text-align: center;\"><span style=\"color: #2f2f82;\">Por que a humanidade \u201cvive no deserto\u201d, e n\u00e3o nos \u201cmananciais de \u00e1guas\u201d? Por que \u00e9 s\u00f3 \u201cdeserto\u201d o que a suposta \u201cmente carnal\u201d consegue lhe mostrar! Tirar as pessoas deste \u201ccativeiro de mentiras\u201d \u00e9 o objetivo \u00a0principal das revela\u00e7\u00f5es! <strong><em>\u201cO Pai faz chover Sua chuva sobre justos e injustos\u201d,<\/em><\/strong> disse Jesus. DE QUE MODO?\u00a0 QUANDO RECONHECEMOS QUE SOMOS \u201cFILHOS DE DEUS EM UNIDADE COM DEUS\u201d, E EMPREGAMOS <strong><em>A NOSSO FAVOR<\/em><\/strong> A LEI MENTAL:<\/span><\/h2>\n<h2 style=\"text-align: center;\"><span style=\"color: #2f2f82;\"><strong><em> \u201cAQUILO QUE FOR RECONHECIDO, APARECER\u00c1!\u201d<\/em><\/strong><\/span><\/h2>\n<h2 style=\"text-align: center;\"><span style=\"color: #2f2f82;\">Aquele que<strong><em> RECONHECE O DESERTO, NELE PARECER\u00c1 VIVER;\u00a0<\/em><\/strong> aquele que <strong><em>RECONHECE ESTAR NOS \u201cMANANCIAIS DE \u00c1GUAS\u201d,<\/em> <em>IMERSO NO REINO E NA GRA\u00c7A DO PAI, ASSIM LHE SER\u00c1!<\/em><\/strong><\/span><\/h2>\n<h2><\/h2>\n<h2 style=\"text-align: center;\"><span style=\"color: #2f2f82;\">\u00c9 DESSE MODO QUE DEUS CUMPRE SUA PROMESSA DE<strong><em> \u201cTORNAR O DESERTO&#8221; DE ALGU\u00c9M EM \u201cMANANCIAIS DE \u00c1GUAS\u201d,\u00a0 OU SEJA, &#8220;TORNAR O MUNDO DO PAI DA MENTIRA EM PARA\u00cdSO!&#8221;<br \/>\n<\/em><\/strong><\/span><\/h2>\n<h2 style=\"text-align: center;\"><span style=\"color: #2f2f82;\">\u00a0*<\/span><\/h2>\n","protected":false},"excerpt":{"rendered":"<p>\u201cTornarei o deserto em mananciais de \u00e1guas\u201d. Isa\u00edas. 41:18 A insatisfa\u00e7\u00e3o geral, demonstrada pela humanidade com o mundo e com as limita\u00e7\u00f5es e tipo de vida \u00a0impostas aparentemente pelo mundo, teria fim, se a Verdade fosse conhecida! Por\u00e9m, a CREN\u00c7A aceita pela maioria \u00e9 a de que \u201cVIVEMOS EM MUNDO MATERIAL\u201d, enquanto DEUS \u00c9 ESP\u00cdRITO, &hellip; <\/p>\n<p class=\"link-more\"><a href=\"https:\/\/www.fachodeluz.blog.br\/wp\/2019\/04\/25\/tornarei-o-deserto-em-mananciais-de-aguas\/\" class=\"more-link\">Leia mais<span class=\"screen-reader-text\"> &#8220;\u201cTORNAREI O DESERTO EM MANANCIAIS DE \u00c1GUAS!\u201d&#8221;<\/span><\/a><\/p>\n","protected":false},"author":2,"featured_media":0,"comment_status":"open","ping_status":"closed","sticky":false,"template":"","format":"standard","meta":{"nf_dc_page":"","_crdt_document":"","footnotes":""},"categories":[10],"tags":[],"class_list":["post-24352","post","type-post","status-publish","format-standard","hentry","category-darcio-dezolt"],"featured_media_urls":[],"_links":{"self":[{"href":"https:\/\/www.fachodeluz.blog.br\/wp\/wp-json\/wp\/v2\/posts\/24352","targetHints":{"allow":["GET"]}}],"collection":[{"href":"https:\/\/www.fachodeluz.blog.br\/wp\/wp-json\/wp\/v2\/posts"}],"about":[{"href":"https:\/\/www.fachodeluz.blog.br\/wp\/wp-json\/wp\/v2\/types\/post"}],"author":[{"embeddable":true,"href":"https:\/\/www.fachodeluz.blog.br\/wp\/wp-json\/wp\/v2\/users\/2"}],"replies":[{"embeddable":true,"href":"https:\/\/www.fachodeluz.blog.br\/wp\/wp-json\/wp\/v2\/comments?post=24352"}],"version-history":[{"count":0,"href":"https:\/\/www.fachodeluz.blog.br\/wp\/wp-json\/wp\/v2\/posts\/24352\/revisions"}],"wp:attachment":[{"href":"https:\/\/www.fachodeluz.blog.br\/wp\/wp-json\/wp\/v2\/media?parent=24352"}],"wp:term":[{"taxonomy":"category","embeddable":true,"href":"https:\/\/www.fachodeluz.blog.br\/wp\/wp-json\/wp\/v2\/categories?post=24352"},{"taxonomy":"post_tag","embeddable":true,"href":"https:\/\/www.fachodeluz.blog.br\/wp\/wp-json\/wp\/v2\/tags?post=24352"}],"curies":[{"name":"wp","href":"https:\/\/api.w.org\/{rel}","templated":true}]}}