{"id":24375,"date":"2019-04-29T12:32:49","date_gmt":"2019-04-29T15:32:49","guid":{"rendered":"http:\/\/fachodeluz.blog.br\/wp\/?p=24375"},"modified":"2019-04-29T18:48:34","modified_gmt":"2019-04-29T21:48:34","slug":"amai-vos-uns-aos-outros-como-eu-vos-tenho-amado","status":"publish","type":"post","link":"https:\/\/www.fachodeluz.blog.br\/wp\/2019\/04\/29\/amai-vos-uns-aos-outros-como-eu-vos-tenho-amado\/","title":{"rendered":"&#8220;AMAI-VOS UNS AOS OUTROS COMO EU VOS TENHO AMADO!&#8221;"},"content":{"rendered":"<h2 style=\"text-align: center;\"><span style=\"color: #8c3e3e;\"><a style=\"color: #8c3e3e;\" href=\"https:\/\/i0.wp.com\/fachodeluz.blog.br\/wp\/wp-content\/uploads\/2019\/04\/AMAI.jpg\"><img data-recalc-dims=\"1\" loading=\"lazy\" decoding=\"async\" loading=\"lazy\" class=\"aligncenter size-full wp-image-24376\" src=\"https:\/\/i0.wp.com\/fachodeluz.blog.br\/wp\/wp-content\/uploads\/2019\/04\/AMAI.jpg?resize=520%2C390\" alt=\"\" width=\"520\" height=\"390\" srcset=\"https:\/\/i0.wp.com\/www.fachodeluz.blog.br\/wp\/wp-content\/uploads\/2019\/04\/AMAI.jpg?w=520&amp;ssl=1 520w, https:\/\/i0.wp.com\/www.fachodeluz.blog.br\/wp\/wp-content\/uploads\/2019\/04\/AMAI.jpg?resize=300%2C225&amp;ssl=1 300w\" sizes=\"auto, (max-width: 520px) 100vw, 520px\" \/><\/a><\/span><\/h2>\n<h2 style=\"text-align: center;\"><span style=\"color: #8c3e3e;\">Mesmo se mostrando invis\u00edvel para a suposta \u201cmente humana\u201d, est\u00e1 presente,\u00a0 e sendo a sua realidade eterna, aqui e agora, o pr\u00f3prio Esp\u00edrito de Deus. Ter este conhecimento o faz se perceber preparado para encarar o que lhe apresenta o suposto dia a dia de &#8220;apar\u00eancias&#8221;, \u00a0 sem que se perca em\u00a0 preocupa\u00e7\u00f5es e ansiedades! Faz tamb\u00e9m com que voc\u00ea\u00a0 viva cada segundo entendido como\u00a0 sendo o seu \u00fanico AGORA, uma vez que em Deus n\u00e3o existe \u201ctempo\u201d, mas t\u00e3o somente o AGORA ETERNO.<\/span><\/h2>\n<h2><\/h2>\n<h2 style=\"text-align: center;\"><span style=\"color: #8c3e3e;\">Use plenamente \u201ccada AGORA\u201d, e tudo se desdobrar\u00e1 a contento, da melhor forma, sem que se veja \u201crespons\u00e1vel pessoal\u201d pela execu\u00e7\u00e3o de mil coisas! FA\u00c7A UMA S\u00d3\u00a0 POR VEZ, EM SEU AGORA, concentrando-se em sua UNIDADE COM DEUS e afirmando, como Jesus, que <strong><em>\u201co Pai em MIM faz as obras\u201d!<\/em><\/strong><\/span><\/h2>\n<h2><\/h2>\n<h2 style=\"text-align: center;\"><span style=\"color: #8c3e3e;\">Perdeu uma condu\u00e7\u00e3o? Esqueceu-se de carregar\u00a0 o celular, ou deixou de pegar algum documento, algum endere\u00e7o, alguma outra coisa?\u00a0 Esta preocupa\u00e7\u00e3o se equipara \u00e0 de uma formiga, vendo seu dia ser estragado por ter deixado cair pelo caminho uma das folhas que trazia de longe ao seu formigueiro!\u00a0 Se ela soubesse contemplar a imensid\u00e3o do Universo em que vive, a ela seria rid\u00edculo estragar seu dia com tamanha banalidade! <\/span><\/h2>\n<h2><\/h2>\n<h2 style=\"text-align: center;\"><span style=\"color: #8c3e3e;\">Paulo deixou claro: <em><strong>\u201cAs coisas dos homens s\u00e3o tolices para Deus!\u201d\u00a0<\/strong><\/em> VOC\u00ca \u00c9 FILHO DE DEUS E, PORTANTO, AS COISAS DO MUNDO JAMAIS DEVEM INCOMOD\u00c1-LO! Atrasou-se? Pegue um taxi! N\u00e3o estar\u00e1 desperdi\u00e7ando\u00a0 o seu dinheiro! O taxista \u00e9 &#8220;UM COM VOC\u00ca&#8221;, assim como s\u00e3o todas as outras aparentes pessoas ! Trabalhe segundo as leis espirituais, e n\u00e3o se desesperando com a l\u00f3gica do mundo! Suas despesas, normais e extras,\u00a0 s\u00e3o honradas \u00a0por Deus, mediante sua retid\u00e3o e real ren\u00fancia\u00a0 \u00e0 ilus\u00f3ria CREN\u00c7A de que \u00e9 um \u201cser avulso e dotado de vida pessoal\u201d, enquanto somos todos uma VIDA \u00daNICA, vivendo\u00a0 como DEUSES, na Onia\u00e7\u00e3o divina!<\/span><\/h2>\n<h2 style=\"text-align: center;\"><span style=\"color: #8c3e3e;\">O que lhe poderia parecer \u201cter dado errado\u201d, troque\u00a0 DE IMEDIATO esta ideia nefasta pela Verdade de que \u201cNADA ACONTECE POR ACASO\u201d!\u00a0\u00a0 Exemplificando, se perdeu seu \u00f4nibus, o que o fez perder toda a programa\u00e7\u00e3o de seu dia, entenda que a NOVA &#8220;programa\u00e7\u00e3o\u201d lhe mostrar\u00e1 diferentes\u00a0 fatos e pessoas,\u00a0 lhe fazendo enxergar TER SIDO MAIS\u00a0 \u00daTIL DO QUE SE TIVESSE TOMADO A CONDU\u00c7\u00c3O ROTINEIRA! <\/span><\/h2>\n<h2 style=\"text-align: center;\"><span style=\"color: #8c3e3e;\">N\u00e3o busque vantagens apenas para si mesmo! VOC\u00ca \u00c9 O TODO!\u00a0 E se puder constatar alguma \u201cmelhoria&#8221; feita para algu\u00e9m, em virtude de um suposto contratempo, entenda que se<\/span><\/h2>\n<h2 style=\"text-align: center;\"><span style=\"color: #8c3e3e;\">deu um \u201cajuste\u201d que protegeu a pessoa \u201cbeneficiada\u201d! E, SE HOUVE\u00a0 BENFEITORIAS PARA ALGU\u00c9M, ALEGRE-SE POR ISTO!<\/span><\/h2>\n<h2 style=\"text-align: center;\"><span style=\"color: #8c3e3e;\">Esteja \u00a0certo do seguinte: <strong><em>A ordem \u00e9 a primeira lei do universo!<\/em> \u00a0 <\/strong>Esta Verdade \u00e9 o que deve PREVALECER e ocupar a nossa mente; e, com isto, os \u201cajustes\u201d que se derem no suposto \u201cmundo de apar\u00eancias\u201d deixar\u00e3o de nos iludir com pensamentos de bem e mal, que s\u00e3o meras CREN\u00c7AS COLETIVAS infundadas. <em><strong>E NUNCA REALIDADES!\u00a0<\/strong> <\/em><\/span><\/h2>\n<h2><\/h2>\n<h2 style=\"text-align: center;\"><span style=\"color: #8c3e3e;\">Jesus assim disse:<strong><em> &#8220;Amai-vos uns aos outros COMO EU vos tenho amado!&#8221;\u00a0<\/em><\/strong> Sairia ele ao mundo, s\u00f3 esperando obter vantagens e benef\u00edcios? N\u00e3o! <\/span><\/h2>\n<h2 style=\"text-align: center;\"><span style=\"color: #8c3e3e;\">SABIA SER <strong><em>&#8220;UM COM TODOS&#8221;,<\/em><\/strong>\u00a0 E QUE <strong><em>AMAVA A TODOS CONFORME AMAVA A SI MESMO!<\/em><\/strong> \u00a0 SABIA QUE DEUS \u00c9 TUDO,<em><strong> E QUE DEUS INCLU\u00cdA A SUA VIDA, E INCLU\u00cdA A VIDA DE TODOS!\u00a0<\/strong><\/em><\/span><\/h2>\n<h2 style=\"text-align: center;\"><span style=\"color: #8c3e3e;\"> *<\/span><\/h2>\n","protected":false},"excerpt":{"rendered":"<p>Mesmo se mostrando invis\u00edvel para a suposta \u201cmente humana\u201d, est\u00e1 presente,\u00a0 e sendo a sua realidade eterna, aqui e agora, o pr\u00f3prio Esp\u00edrito de Deus. Ter este conhecimento o faz se perceber preparado para encarar o que lhe apresenta o suposto dia a dia de &#8220;apar\u00eancias&#8221;, \u00a0 sem que se perca em\u00a0 preocupa\u00e7\u00f5es e ansiedades! &hellip; <\/p>\n<p class=\"link-more\"><a href=\"https:\/\/www.fachodeluz.blog.br\/wp\/2019\/04\/29\/amai-vos-uns-aos-outros-como-eu-vos-tenho-amado\/\" class=\"more-link\">Leia mais<span class=\"screen-reader-text\"> &#8220;&#8220;AMAI-VOS UNS AOS OUTROS COMO EU VOS TENHO AMADO!&#8221;&#8221;<\/span><\/a><\/p>\n","protected":false},"author":2,"featured_media":0,"comment_status":"open","ping_status":"closed","sticky":false,"template":"","format":"standard","meta":{"nf_dc_page":"","_crdt_document":"","footnotes":""},"categories":[10],"tags":[],"class_list":["post-24375","post","type-post","status-publish","format-standard","hentry","category-darcio-dezolt"],"featured_media_urls":[],"_links":{"self":[{"href":"https:\/\/www.fachodeluz.blog.br\/wp\/wp-json\/wp\/v2\/posts\/24375","targetHints":{"allow":["GET"]}}],"collection":[{"href":"https:\/\/www.fachodeluz.blog.br\/wp\/wp-json\/wp\/v2\/posts"}],"about":[{"href":"https:\/\/www.fachodeluz.blog.br\/wp\/wp-json\/wp\/v2\/types\/post"}],"author":[{"embeddable":true,"href":"https:\/\/www.fachodeluz.blog.br\/wp\/wp-json\/wp\/v2\/users\/2"}],"replies":[{"embeddable":true,"href":"https:\/\/www.fachodeluz.blog.br\/wp\/wp-json\/wp\/v2\/comments?post=24375"}],"version-history":[{"count":0,"href":"https:\/\/www.fachodeluz.blog.br\/wp\/wp-json\/wp\/v2\/posts\/24375\/revisions"}],"wp:attachment":[{"href":"https:\/\/www.fachodeluz.blog.br\/wp\/wp-json\/wp\/v2\/media?parent=24375"}],"wp:term":[{"taxonomy":"category","embeddable":true,"href":"https:\/\/www.fachodeluz.blog.br\/wp\/wp-json\/wp\/v2\/categories?post=24375"},{"taxonomy":"post_tag","embeddable":true,"href":"https:\/\/www.fachodeluz.blog.br\/wp\/wp-json\/wp\/v2\/tags?post=24375"}],"curies":[{"name":"wp","href":"https:\/\/api.w.org\/{rel}","templated":true}]}}