{"id":24439,"date":"2019-05-12T12:43:22","date_gmt":"2019-05-12T15:43:22","guid":{"rendered":"http:\/\/fachodeluz.blog.br\/wp\/?p=24439"},"modified":"2019-05-12T15:38:00","modified_gmt":"2019-05-12T18:38:00","slug":"perseveranca-iluminada","status":"publish","type":"post","link":"https:\/\/www.fachodeluz.blog.br\/wp\/2019\/05\/12\/perseveranca-iluminada\/","title":{"rendered":"PERSEVERAN\u00c7A ILUMINADA"},"content":{"rendered":"<h2 style=\"text-align: center;\"><span style=\"color: #008000;\"><a style=\"color: #008000;\" href=\"https:\/\/i0.wp.com\/fachodeluz.blog.br\/wp\/wp-content\/uploads\/2019\/05\/PERSEVERAN%C3%87A-1.gif\"><img data-recalc-dims=\"1\" loading=\"lazy\" decoding=\"async\" loading=\"lazy\" class=\"aligncenter size-full wp-image-24440\" src=\"https:\/\/i0.wp.com\/fachodeluz.blog.br\/wp\/wp-content\/uploads\/2019\/05\/PERSEVERAN%C3%87A-1.gif?resize=520%2C416\" alt=\"\" width=\"520\" height=\"416\" \/><\/a><\/span><br \/>\n<span style=\"color: #2e5c2e;\"><em>&#8220;Aquele que perseverar at\u00e9 o fim, ser\u00e1 salvo&#8221;,<\/em> diz a B\u00edblia. O cumprimento desta &#8220;perseveran\u00e7a&#8221; se d\u00e1 com muito maior facilidade, se adotarmos UM FOCO DENTRO DO FOCO, isto \u00e9, se partirmos do FOCO ABSOLUTO, de que DEUS \u00c9 TUDO, TUDO \u00c9 DEUS, tomando, paralelamente, um FOCO ESPEC\u00cdFICO previamente escolhido para anularmos alguma CREN\u00c7A FALSA DO MUNDO que se mostre insistente e resistente, diante de nossas &#8220;contempla\u00e7\u00f5es da Verdade&#8221;.<\/span><br \/>\n<span style=\"color: #2e5c2e;\">A pr\u00e1tica da Verdade se torna muito mais objetiva quando contemplamos a TOTALIDADE E UNICIDADE DE DEUS aliando as contempla\u00e7\u00f5es com as afirma\u00e7\u00f5es e argumenta\u00e7\u00f5es mentais que endossem a real PRESEN\u00c7A DE DEUS no exato lugar das supostas &#8220;apar\u00eancias fraudulentas&#8221;. Desse modo, ser\u00e1 muito maior a facilidade de <em><strong>&#8220;PERMANECERMOS EM MIM&#8221;<\/strong><\/em> e, devido a isto, evitarmos de <strong><em>&#8220;SERVIR A DOIS SENHORES&#8221;.<\/em><\/strong><\/span><br \/>\n<span style=\"color: #2e5c2e;\">Cada um dever\u00e1 eleger seu FOCO ESPEC\u00cdFICO adequado \u00e0\u00a0 sua <strong><em>aparente necessidade<\/em><\/strong> de cada momento. Uma vez escolhido este FOCO, a dedica\u00e7\u00e3o e aten\u00e7\u00e3o nele dever\u00e1 se concentrar como PERSEVERAN\u00c7A ILUMINADA,<strong><em> &#8220;AT\u00c9 O FIM&#8221;,<\/em> <\/strong>ou seja, <strong><em>AT\u00c9 A ILUS\u00c3O SE MOSTRAR REDUZIDA AO QUE SEMPRE \u00c9: PURO &#8220;NADA&#8221;.<\/em><\/strong><\/span><br \/>\n<span style=\"color: #2e5c2e;\">Toda DECLARA\u00c7\u00c3O ABSOLUTA DA VERDADE pode se tornar &#8220;FOCO ESPEC\u00cdFICO&#8221;. <\/span><\/h2>\n<h2 style=\"text-align: center;\"><span style=\"color: #2e5c2e;\">Se a quest\u00e3o, POR EXEMPLO, for &#8220;darmos aux\u00edlio espiritual a &#8220;algu\u00e9m&#8221;, al\u00e9m do FOCO ABSOLUTO, que \u00e9 o nosso CONT\u00cdNUO reconhecimento de que DEUS \u00c9 TUDO, E \u00c9 \u00daNICO, podemos considerar o que disse Paulo: &#8220;O Cristo \u00e9 tudo em todos&#8221;, quando estivermos fora das &#8220;medita\u00e7\u00f5es contemplativas&#8221;. A cita\u00e7\u00e3o ser\u00e1 um ENDOSSO CONT\u00cdNUO E PERSEVERANTE de que &#8220;aquele que parecia necessitar de aux\u00edlio, j\u00e1 estava, na verdade, sendo UNICAMENTE DEUS &#8211;<strong><em> O FOCO ABSOLUTO -,<\/em><\/strong> e sendo A TOTALIDADE DO CRISTO, que \u00e9 TUDO EM TODOS &#8211; <em><strong>O FOCO ESPEC\u00cdFICO!<\/strong><\/em><\/span><br \/>\n<span style=\"color: #2e5c2e;\">TODAS AS AFIRMA\u00c7\u00d5ES E ARGUMENTA\u00c7\u00d5ES VOLTADAS |AO &#8220;SOLICITANTE DE AJUDA&#8221;, SER\u00c3O RADICALMENTE NESTA &#8220;PERSEVERAN\u00c7A ILUMINADA&#8221;: <\/span><\/h2>\n<h2 style=\"text-align: center;\"><span style=\"color: #2e5c2e;\">A SUPOSTA PESSOA <strong><em>N\u00c3O \u00c9 PESSOA!<\/em> <\/strong>ELA \u00c9 DEUS! VIVE EM <em><strong>MIM,<\/strong> <\/em>NA<strong><em>UNIDADE PERFEITA,<\/em> <\/strong>SENDO A ONIPRESEN\u00c7A DIVINA <em><strong>E N\u00c3O PERSONALIDADE TERRENA;<\/strong> <\/em>E O CRISTO <em><strong>\u00c9 TUDO NELA!<\/strong><\/em><\/span><\/h2>\n<h2 style=\"text-align: center;\"><span style=\"color: #2e5c2e;\">Se a quest\u00e3o em pauta aparentar estar lhe envolvendo, escolha seu FOCO ESPEC\u00cdFICO e persevere! &#8220;Minha Mente \u00e9 a Mente de Cristo&#8221;. &#8220;Em Deus eu vivo&#8221;. &#8220;Coloco no alto a minha Luz&#8221; &#8211; estes s\u00e3o apenas alguns exemplos. <\/span><\/h2>\n<h2><\/h2>\n<h2 style=\"text-align: center;\"><span style=\"color: #2e5c2e;\">Lembre-se: <strong><em>&#8220;AQUELE QUE PERSEVERAR AT\u00c9 O FIM, SER\u00c1 SALVO!&#8221;<\/em><\/strong><\/span><\/h2>\n<h2 style=\"text-align: center;\"><span style=\"color: #2e5c2e;\">*<\/span><\/h2>\n","protected":false},"excerpt":{"rendered":"<p>&#8220;Aquele que perseverar at\u00e9 o fim, ser\u00e1 salvo&#8221;, diz a B\u00edblia. O cumprimento desta &#8220;perseveran\u00e7a&#8221; se d\u00e1 com muito maior facilidade, se adotarmos UM FOCO DENTRO DO FOCO, isto \u00e9, se partirmos do FOCO ABSOLUTO, de que DEUS \u00c9 TUDO, TUDO \u00c9 DEUS, tomando, paralelamente, um FOCO ESPEC\u00cdFICO previamente escolhido para anularmos alguma CREN\u00c7A FALSA &hellip; <\/p>\n<p class=\"link-more\"><a href=\"https:\/\/www.fachodeluz.blog.br\/wp\/2019\/05\/12\/perseveranca-iluminada\/\" class=\"more-link\">Leia mais<span class=\"screen-reader-text\"> &#8220;PERSEVERAN\u00c7A ILUMINADA&#8221;<\/span><\/a><\/p>\n","protected":false},"author":2,"featured_media":0,"comment_status":"open","ping_status":"closed","sticky":false,"template":"","format":"standard","meta":{"nf_dc_page":"","_crdt_document":"","footnotes":""},"categories":[10],"tags":[],"class_list":["post-24439","post","type-post","status-publish","format-standard","hentry","category-darcio-dezolt"],"featured_media_urls":[],"_links":{"self":[{"href":"https:\/\/www.fachodeluz.blog.br\/wp\/wp-json\/wp\/v2\/posts\/24439","targetHints":{"allow":["GET"]}}],"collection":[{"href":"https:\/\/www.fachodeluz.blog.br\/wp\/wp-json\/wp\/v2\/posts"}],"about":[{"href":"https:\/\/www.fachodeluz.blog.br\/wp\/wp-json\/wp\/v2\/types\/post"}],"author":[{"embeddable":true,"href":"https:\/\/www.fachodeluz.blog.br\/wp\/wp-json\/wp\/v2\/users\/2"}],"replies":[{"embeddable":true,"href":"https:\/\/www.fachodeluz.blog.br\/wp\/wp-json\/wp\/v2\/comments?post=24439"}],"version-history":[{"count":0,"href":"https:\/\/www.fachodeluz.blog.br\/wp\/wp-json\/wp\/v2\/posts\/24439\/revisions"}],"wp:attachment":[{"href":"https:\/\/www.fachodeluz.blog.br\/wp\/wp-json\/wp\/v2\/media?parent=24439"}],"wp:term":[{"taxonomy":"category","embeddable":true,"href":"https:\/\/www.fachodeluz.blog.br\/wp\/wp-json\/wp\/v2\/categories?post=24439"},{"taxonomy":"post_tag","embeddable":true,"href":"https:\/\/www.fachodeluz.blog.br\/wp\/wp-json\/wp\/v2\/tags?post=24439"}],"curies":[{"name":"wp","href":"https:\/\/api.w.org\/{rel}","templated":true}]}}