{"id":24468,"date":"2019-05-19T13:06:09","date_gmt":"2019-05-19T16:06:09","guid":{"rendered":"http:\/\/fachodeluz.blog.br\/wp\/?p=24468"},"modified":"2019-05-19T13:06:09","modified_gmt":"2019-05-19T16:06:09","slug":"a-evidencia-real-de-deus-e-a-mentira-do-pai-da-mentira","status":"publish","type":"post","link":"https:\/\/www.fachodeluz.blog.br\/wp\/2019\/05\/19\/a-evidencia-real-de-deus-e-a-mentira-do-pai-da-mentira\/","title":{"rendered":"A EVID\u00caNCIA REAL DE DEUS E A &#8220;MENTIRA DO PAI DA MENTIRA&#8221;"},"content":{"rendered":"<h2 style=\"text-align: center;\"><span style=\"color: #224d12;\"><a style=\"color: #224d12;\" href=\"https:\/\/i0.wp.com\/fachodeluz.blog.br\/wp\/wp-content\/uploads\/2019\/05\/PINOQUIO-1.gif\"><img data-recalc-dims=\"1\" loading=\"lazy\" decoding=\"async\" loading=\"lazy\" class=\"aligncenter size-full wp-image-24469\" src=\"https:\/\/i0.wp.com\/fachodeluz.blog.br\/wp\/wp-content\/uploads\/2019\/05\/PINOQUIO-1.gif?resize=520%2C295\" alt=\"\" width=\"520\" height=\"295\" \/><\/a><\/span><\/h2>\n<h2 style=\"text-align: center;\"><span style=\"color: #224d12;\">Jesus disse que \u00a0\u201ceste mundo\u201d \u00e9 do \u201cpai da mentira\u201d,\u00a0<strong><em> MENTIROSO DESDE O PRINC\u00cdPIO.<\/em><\/strong> Se a humanidade tivesse mostrado \u00a0\u00a0interesse em conhecer a fundo a revela\u00e7\u00e3o, certamente muito sofrimento ILUS\u00d3RIO, passado pelas \u201cgera\u00e7\u00f5es iludidas\u201d, teria sido evitado!<\/span><\/h2>\n<h2 style=\"text-align: center;\"><span style=\"color: #224d12;\">Krishna, Buda, Jesus, e tantos outros, buscaram revelar a EXIST\u00caNCIA \u00daNICA DE DEUS, explicando que o suposto \u201cmundo de apar\u00eancias materiais\u201d n\u00e3o passa de uma esp\u00e9cie de \u201cpesadelo\u201d, escondendo a VERDADE atrav\u00e9s de uma MENTIRA que aparenta ser convincente \u00e0queles que \u201cs\u00e3o mortos\u201d mas que se julgam \u201cvivos na irreal mat\u00e9ria\u201d.<\/span><\/h2>\n<h2 style=\"text-align: center;\"><span style=\"color: #224d12;\">As \u201capar\u00eancias ilus\u00f3rias\u201d, sem exce\u00e7\u00e3o, s\u00e3o MENTIROSAS, enquanto a VERDADE \u00c9 ETERNA E MANTIDA PERFEITA POR DEUS.<\/span><\/h2>\n<h2 style=\"text-align: center;\"><span style=\"color: #224d12;\">Por que &#8220;ESTE MUNDO&#8221;\u00a0 tem sua suposta <strong><em>origem mentirosa<\/em> <em>\u201cDESDE O PRINC\u00cdPIO\u201d?<\/em><\/strong> Jesus quis salientar que<strong><em> TODA A SEQU\u00caNCIA DE GERA\u00c7\u00d5ES TERRENAS N\u00c3O PASSA DE \u201cMENTIRA ACEITA COMO VERDADE\u201d!<\/em><\/strong><\/span><\/h2>\n<h2><\/h2>\n<h2 style=\"text-align: center;\"><span style=\"color: #224d12;\">Sem esfor\u00e7o algum, DEUS SE EVIDENCIA DE MODO PERMANENTE, INVIOL\u00c1VEL, UNIVERSAL E ONIPRESENTE! \u00a0Como age cada FILHO DE DEUS? Jesus disse: <strong><em>\u201cO FILHO FAZ O QUE V\u00ca O PAI FAZER\u201d!<\/em><\/strong><\/span><\/h2>\n<h2 style=\"text-align: center;\"><span style=\"color: #224d12;\">Estaria DEUS \u201cvendo o mundo do pai da mentira? N\u00c3O! <strong><em>D<\/em><em>EUS V\u00ca SOMENTE A SI MESMO COMO TUDO, INCLUSIVE COMO O FILHO QUE SOMOS!<\/em> <\/strong>ESTA \u00c9 A VERDADE\u00a0 QUE DEVE SER RECONHECIDA EM CADA FILHO DE DEUS! <\/span><\/h2>\n<h2 style=\"text-align: center;\"><span style=\"color: #224d12;\"><strong><em>\u201cE V\u00d3S TAMB\u00c9M TESTIFICAREIS\u201d<\/em> <\/strong>\u2013 DISSE JESUS \u2013 <em><strong>\u201cPOIS ESTIVESTES COMIGO DESDE O PRINC\u00cdPIO\u201d.<\/strong><\/em><\/span><\/h2>\n<h2 style=\"text-align: center;\"><span style=\"color: #224d12;\"><em><strong>Foi usado o verbo TESTIFICA<\/strong><\/em>R, e n\u00e3o APENAS LER E PASSAR\u00a0 \u00c0 LINHA SEGUINTE! <\/span><\/h2>\n<h2 style=\"text-align: center;\"><span style=\"color: #224d12;\">TESTIFICAR, NO CASO, SIGNIFICA <em><strong>\u201cDESTRUIR A CREN\u00c7A NA MENTIRA&#8221;,<\/strong> <\/em>para que O FILHO DE DEUS SE VEJA NA <strong><em>ONIA\u00c7\u00c3O DO PAI,<\/em> <\/strong>E, <em><strong>COMO O PAI,<\/strong><\/em> SEM ESFOR\u00c7O ALGUM, <strong><em>VIVA PELA GRA\u00c7A E VERDADE EM VIRTUDE DE SUA UNIDADE COM O TODO!<\/em><\/strong><\/span><\/h2>\n<h2 style=\"text-align: center;\"><span style=\"color: #224d12;\">DESCARTADAS TODAS AS CREN\u00c7AS EM \u201cGERA\u00c7\u00d5ES TERRENAS\u201d, FICAMOS CONSCIENTES DE <strong><em>\u201cVIVER NO PARA\u00cdSO\u201d<\/em> <\/strong>\u201cDESDE O PRINC\u00cdPIO\u201d, LIVRES DA ERR\u00d4NEA ACEITA\u00c7\u00c3O DO <strong><em>\u201cMENTIROSO DESDE O PRINC\u00cdPIO\u201d,<\/em> <\/strong>OU SEJA, FICAMOS CONSCIENTES DE<strong><em> \u201cVIVER, NOS MOVER E TER O NOSSO SER\u201d<\/em><\/strong> EM DEUS, COMO DECLAROU PAULO! E ISTO,<strong><em> SEM ESFOR\u00c7O ALGUM!<\/em><\/strong><\/span><\/h2>\n<h2 style=\"text-align: center;\"><span style=\"color: #224d12;\"> *<\/span><\/h2>\n","protected":false},"excerpt":{"rendered":"<p>Jesus disse que \u00a0\u201ceste mundo\u201d \u00e9 do \u201cpai da mentira\u201d,\u00a0 MENTIROSO DESDE O PRINC\u00cdPIO. Se a humanidade tivesse mostrado \u00a0\u00a0interesse em conhecer a fundo a revela\u00e7\u00e3o, certamente muito sofrimento ILUS\u00d3RIO, passado pelas \u201cgera\u00e7\u00f5es iludidas\u201d, teria sido evitado! Krishna, Buda, Jesus, e tantos outros, buscaram revelar a EXIST\u00caNCIA \u00daNICA DE DEUS, explicando que o suposto \u201cmundo &hellip; <\/p>\n<p class=\"link-more\"><a href=\"https:\/\/www.fachodeluz.blog.br\/wp\/2019\/05\/19\/a-evidencia-real-de-deus-e-a-mentira-do-pai-da-mentira\/\" class=\"more-link\">Leia mais<span class=\"screen-reader-text\"> &#8220;A EVID\u00caNCIA REAL DE DEUS E A &#8220;MENTIRA DO PAI DA MENTIRA&#8221;&#8221;<\/span><\/a><\/p>\n","protected":false},"author":2,"featured_media":0,"comment_status":"open","ping_status":"closed","sticky":false,"template":"","format":"standard","meta":{"nf_dc_page":"","_crdt_document":"","footnotes":""},"categories":[10],"tags":[],"class_list":["post-24468","post","type-post","status-publish","format-standard","hentry","category-darcio-dezolt"],"featured_media_urls":[],"_links":{"self":[{"href":"https:\/\/www.fachodeluz.blog.br\/wp\/wp-json\/wp\/v2\/posts\/24468","targetHints":{"allow":["GET"]}}],"collection":[{"href":"https:\/\/www.fachodeluz.blog.br\/wp\/wp-json\/wp\/v2\/posts"}],"about":[{"href":"https:\/\/www.fachodeluz.blog.br\/wp\/wp-json\/wp\/v2\/types\/post"}],"author":[{"embeddable":true,"href":"https:\/\/www.fachodeluz.blog.br\/wp\/wp-json\/wp\/v2\/users\/2"}],"replies":[{"embeddable":true,"href":"https:\/\/www.fachodeluz.blog.br\/wp\/wp-json\/wp\/v2\/comments?post=24468"}],"version-history":[{"count":0,"href":"https:\/\/www.fachodeluz.blog.br\/wp\/wp-json\/wp\/v2\/posts\/24468\/revisions"}],"wp:attachment":[{"href":"https:\/\/www.fachodeluz.blog.br\/wp\/wp-json\/wp\/v2\/media?parent=24468"}],"wp:term":[{"taxonomy":"category","embeddable":true,"href":"https:\/\/www.fachodeluz.blog.br\/wp\/wp-json\/wp\/v2\/categories?post=24468"},{"taxonomy":"post_tag","embeddable":true,"href":"https:\/\/www.fachodeluz.blog.br\/wp\/wp-json\/wp\/v2\/tags?post=24468"}],"curies":[{"name":"wp","href":"https:\/\/api.w.org\/{rel}","templated":true}]}}