{"id":24471,"date":"2019-05-20T12:24:49","date_gmt":"2019-05-20T15:24:49","guid":{"rendered":"http:\/\/fachodeluz.blog.br\/wp\/?p=24471"},"modified":"2019-05-20T12:37:25","modified_gmt":"2019-05-20T15:37:25","slug":"jamais-comprometa-a-verdade-por-se-julgar-pela-carne","status":"publish","type":"post","link":"https:\/\/www.fachodeluz.blog.br\/wp\/2019\/05\/20\/jamais-comprometa-a-verdade-por-se-julgar-pela-carne\/","title":{"rendered":"JAMAIS COMPROMETA A VERDADE POR &#8220;SE JULGAR PELA CARNE&#8221;!"},"content":{"rendered":"<h2 style=\"text-align: center;\"><\/h2>\n<h2 style=\"text-align: center;\"><span style=\"color: #6e0c0c;\"><a style=\"color: #6e0c0c;\" href=\"https:\/\/i0.wp.com\/fachodeluz.blog.br\/wp\/wp-content\/uploads\/2019\/05\/lei-de-Deus-1.gif\"><img data-recalc-dims=\"1\" loading=\"lazy\" decoding=\"async\" loading=\"lazy\" class=\"aligncenter size-full wp-image-24472\" src=\"https:\/\/i0.wp.com\/fachodeluz.blog.br\/wp\/wp-content\/uploads\/2019\/05\/lei-de-Deus-1.gif?resize=520%2C286\" alt=\"\" width=\"520\" height=\"286\" \/><\/a><\/span><\/h2>\n<h2 style=\"text-align: center;\"><span style=\"color: #6e0c0c;\">Conversando com um crist\u00e3o, desconhecedor da Verdade Absoluta, fui somando as in\u00fameras \u201carmadilhas\u201d da \u201cmente carnal\u201d, acumuladas sobre ele em forma da nociva e ilus\u00f3ria \u201cdualidade\u201d. Acreditava que, se vivesse segundo a vontade de Deus, seria crist\u00e3o verdadeiro, mas que sempre que \u201cca\u00edsse no mundo\u201d, ficaria afastado e separado de Deus. <\/span><\/h2>\n<h2 style=\"text-align: center;\"><span style=\"color: #6e0c0c;\">Esta CREN\u00c7A, falsa e coletiva, deriva da ILUS\u00c3O de que \u201csomos carnais\u201d, lutando para &#8216;&#8221;ser santo&#8221; e &#8220;fazer a Vontade de Deus\u201d!<\/span><\/h2>\n<h2><\/h2>\n<h2 style=\"text-align: center;\"><span style=\"color: #6e0c0c;\">SOMENTE EXISTE DEUS! Por isso Jesus declarou que \u201cSOMOS A LUZ DO MUNDO\u201d; enfatizava que JAMAIS PODER\u00cdAMOS NOS APARTAR DE DEUS OU DE SUA VONTADE, POR <em><strong>SERMOS A PR\u00d3PRIA LUZ DE DEUS!<\/strong><\/em><\/span><\/h2>\n<h2 style=\"text-align: center;\"><span style=\"color: #6e0c0c;\">Que ocorre, quando \u201calgu\u00e9m\u201d admite \u201cter errado\u201d e \u201cperdido sua comunh\u00e3o com Deus\u201d? <strong><em>OCORRE-LHE TER-SE IDENTIFICADO COM A \u201cMENTE CARNAL\u201d E SEU \u201cHIPNOTISMO ACUSADOR\u201d! Nesse caso, &#8220;n\u00e3o lhe passar\u00e1 um til sem que toda a lei\u00a0 nele se cumpra&#8221;, ou seja, N\u00c3O VIVER\u00c1 PELA GRA\u00c7A!<br \/>\n<\/em><\/strong><\/span><\/h2>\n<h2><\/h2>\n<h2 style=\"text-align: center;\"><span style=\"color: #6e0c0c;\">Expliquei ao crist\u00e3o que ELE N\u00c3O RECEBEU DE DEUS A \u201cMENTE CARNAL\u201d QUE \u201cERRA, SE ARREPENDE E TENTA ACERTAR\u201d! <em><strong>SOMOS \u201cOBRAS PERMANENTES DE DEUS\u201d, A MANIFESTA\u00c7\u00c3O DE DEUS NA FORMA DE FILHO, QUE \u00c9 O CRISTO!<\/strong><\/em><\/span><\/h2>\n<h2><\/h2>\n<h2 style=\"text-align: center;\"><span style=\"color: #6e0c0c;\">\u00c9 evidente que percebi a relut\u00e2ncia apresentada pela MENTE CARNAL, que se fazia \u201cpassar por ele\u201d! N\u00e3o \u00e9 f\u00e1cil, para quem, <em>aparentemente,<\/em> passou a vida toda \u201cse julgando pela carne\u201d, DESCARTAR DE IMEDIATO AS MENTIRAS ACUMULADAS sobre si mesmo! NUNCA PAROU\u00a0 PARA <em><strong>RECONHECER A VERDADE DE QUE O &#8220;PAI TODO-PODEROSO E ONIPRESENTE\u201d \u00c9, DE FATO, UMA TOTALIDADE QUE O INCLUI!<\/strong><\/em><\/span><\/h2>\n<h2><\/h2>\n<h2 style=\"text-align: center;\"><span style=\"color: #6e0c0c;\">N\u00e3o recebemos de Deus o<em> \u201cesp\u00edrito que enxerga as &#8220;apar\u00eancias mentirosas do mundo&#8221;,<\/em> disse Paulo. Mas recebemos o ESP\u00cdRITO DE DEUS, para reconhecermos Sua TOTALIDADE E UNICIDADE, isto \u00e9, <strong><em>RECEBEMOS A MENTE DE CRISTO!<\/em><\/strong><\/span><\/h2>\n<h2 style=\"text-align: center;\"><span style=\"color: #6e0c0c;\">Na conversa tida com o crist\u00e3o, eu o corrigi v\u00e1rias vezes no sentido de SER ELE <strong><em>FILHO DE DEUS, E N\u00c3O UMA \u201cCRIA CARNAL&#8221; ILUS\u00d3RIA DA \u201cMENTE CARNAL\u201d,<\/em><\/strong> <em><strong>A \u201cINIMIZADE CONTRA DEUS\u201d!<\/strong><\/em><\/span><\/h2>\n<h2><\/h2>\n<h2 style=\"text-align: center;\"><span style=\"color: #6e0c0c;\">H\u00e1 pessoas que, diante dos princ\u00edpios absolutos da Verdade, pensam que<em><strong> \u201cdeixar de se identificar com erros cometidos\u201d<\/strong><\/em> seria um excelente <em><strong>salvo conduto<\/strong><\/em> para \u201cpecar\u201d ou \u201cviver na libertinagem\u201d!\u00a0<em><strong> &#8220;O PAI FAZ SUA CHUVA CAIR SOBRE JUSTOS E INJUSTOS,<\/strong><\/em> disse Jesus. Isto porque DEUS N\u00c3O SE ILUDE COM O \u201cMUNDO DO PAI DA MENTIRA\u201d, NEM COM A \u201cMENTE CARNAL\u201d E SUAS MENTIRAS! <\/span><\/h2>\n<h2><\/h2>\n<h2 style=\"text-align: center;\"><span style=\"color: #6e0c0c;\"><em><strong>DEUS NOS V\u00ca PELO CORA\u00c7\u00c3O, NELE MESMO, FORMANDO SUA UNIDADE PERFEITA!<\/strong><\/em> Por\u00e9m,\u00a0 todo aquele que pretender \u201cVIVER NO MUNDO DE ERROS OU DE ACERTOS&#8221;, ACREDITAR\u00c1 \u201cSER DO MUNDO\u201d, E N\u00c3O A \u201cEVID\u00caNCIA DE DEUS&#8221;. DESSE MODO, ENDOSSAR\u00c1 AS FALSIDADES DA \u201cMENTE CARNAL\u201d, ACREDITAR\u00c1 EM \u201cDOIS PODERES\u201d, E SER\u00c1 UMA APARENTE V\u00cdTIMA DE SEU ENTENDIMENTO FALSO!\u00a0 <\/span><\/h2>\n<h2><\/h2>\n<h2 style=\"text-align: center;\"><span style=\"color: #6e0c0c;\"><strong><em>SER\u00c1 SEMPRE O CRISTO, MAS O ESTAR\u00c1 NEGANDO, POR OPTAR \u00a0SER \u201cCARNAL DO MUNDO\u201d!<\/em> <\/strong><\/span><\/h2>\n<h2 style=\"text-align: center;\"><span style=\"color: #6e0c0c;\">*<\/span><\/h2>\n","protected":false},"excerpt":{"rendered":"<p>Conversando com um crist\u00e3o, desconhecedor da Verdade Absoluta, fui somando as in\u00fameras \u201carmadilhas\u201d da \u201cmente carnal\u201d, acumuladas sobre ele em forma da nociva e ilus\u00f3ria \u201cdualidade\u201d. Acreditava que, se vivesse segundo a vontade de Deus, seria crist\u00e3o verdadeiro, mas que sempre que \u201cca\u00edsse no mundo\u201d, ficaria afastado e separado de Deus. Esta CREN\u00c7A, falsa e &hellip; <\/p>\n<p class=\"link-more\"><a href=\"https:\/\/www.fachodeluz.blog.br\/wp\/2019\/05\/20\/jamais-comprometa-a-verdade-por-se-julgar-pela-carne\/\" class=\"more-link\">Leia mais<span class=\"screen-reader-text\"> &#8220;JAMAIS COMPROMETA A VERDADE POR &#8220;SE JULGAR PELA CARNE&#8221;!&#8221;<\/span><\/a><\/p>\n","protected":false},"author":2,"featured_media":0,"comment_status":"open","ping_status":"closed","sticky":false,"template":"","format":"standard","meta":{"nf_dc_page":"","_crdt_document":"","footnotes":""},"categories":[10],"tags":[],"class_list":["post-24471","post","type-post","status-publish","format-standard","hentry","category-darcio-dezolt"],"featured_media_urls":[],"_links":{"self":[{"href":"https:\/\/www.fachodeluz.blog.br\/wp\/wp-json\/wp\/v2\/posts\/24471","targetHints":{"allow":["GET"]}}],"collection":[{"href":"https:\/\/www.fachodeluz.blog.br\/wp\/wp-json\/wp\/v2\/posts"}],"about":[{"href":"https:\/\/www.fachodeluz.blog.br\/wp\/wp-json\/wp\/v2\/types\/post"}],"author":[{"embeddable":true,"href":"https:\/\/www.fachodeluz.blog.br\/wp\/wp-json\/wp\/v2\/users\/2"}],"replies":[{"embeddable":true,"href":"https:\/\/www.fachodeluz.blog.br\/wp\/wp-json\/wp\/v2\/comments?post=24471"}],"version-history":[{"count":0,"href":"https:\/\/www.fachodeluz.blog.br\/wp\/wp-json\/wp\/v2\/posts\/24471\/revisions"}],"wp:attachment":[{"href":"https:\/\/www.fachodeluz.blog.br\/wp\/wp-json\/wp\/v2\/media?parent=24471"}],"wp:term":[{"taxonomy":"category","embeddable":true,"href":"https:\/\/www.fachodeluz.blog.br\/wp\/wp-json\/wp\/v2\/categories?post=24471"},{"taxonomy":"post_tag","embeddable":true,"href":"https:\/\/www.fachodeluz.blog.br\/wp\/wp-json\/wp\/v2\/tags?post=24471"}],"curies":[{"name":"wp","href":"https:\/\/api.w.org\/{rel}","templated":true}]}}