{"id":24579,"date":"2019-06-11T12:24:12","date_gmt":"2019-06-11T15:24:12","guid":{"rendered":"http:\/\/fachodeluz.blog.br\/wp\/?p=24579"},"modified":"2019-06-11T15:29:16","modified_gmt":"2019-06-11T18:29:16","slug":"geracoes-e-geracoes-a-mesma-ilusao-se-passando-por-verdades","status":"publish","type":"post","link":"https:\/\/www.fachodeluz.blog.br\/wp\/2019\/06\/11\/geracoes-e-geracoes-a-mesma-ilusao-se-passando-por-verdades\/","title":{"rendered":"GERA\u00c7\u00d5ES E GERA\u00c7\u00d5ES: A MESMA ILUS\u00c3O SE PASSANDO POR VERDADES!"},"content":{"rendered":"<h2 style=\"text-align: center;\"><span style=\"color: #563eb0;\"><a style=\"color: #563eb0;\" href=\"https:\/\/i0.wp.com\/fachodeluz.blog.br\/wp\/wp-content\/uploads\/2019\/06\/ARREBATAMENTO-1.png\"><img data-recalc-dims=\"1\" loading=\"lazy\" decoding=\"async\" loading=\"lazy\" class=\"aligncenter size-full wp-image-24580\" src=\"https:\/\/i0.wp.com\/fachodeluz.blog.br\/wp\/wp-content\/uploads\/2019\/06\/ARREBATAMENTO-1.png?resize=520%2C427\" alt=\"\" width=\"520\" height=\"427\" srcset=\"https:\/\/i0.wp.com\/www.fachodeluz.blog.br\/wp\/wp-content\/uploads\/2019\/06\/ARREBATAMENTO-1.png?w=520&amp;ssl=1 520w, https:\/\/i0.wp.com\/www.fachodeluz.blog.br\/wp\/wp-content\/uploads\/2019\/06\/ARREBATAMENTO-1.png?resize=300%2C246&amp;ssl=1 300w\" sizes=\"auto, (max-width: 520px) 100vw, 520px\" \/><\/a><\/span><\/h2>\n<h2 style=\"text-align: center;\"><span style=\"color: #563eb0;\">A &#8220;vida com abund\u00e2ncia&#8221;, anunciada por Jesus, \u00e9 poss\u00edvel de ser vivida se a Verdade for entendida. <em><strong>E<\/strong><strong>NTENDIDA E POSTA EM PR\u00c1TICA!<\/strong> <\/em><\/span><\/h2>\n<h2 style=\"text-align: center;\"><span style=\"color: #563eb0;\">As revela\u00e7\u00f5es explicam que O QUE DEUS FAZ n\u00e3o \u00e9 visto pelos sentidos humanos! E explicam que tudo o que tais sentidos captam N\u00c3O TEM REALIDADE ALGUMA! S\u00e3o como pesadelos ou miragens,<strong><em> enquanto o que DEUS FAZ DURA PERPETUAMENTE!<\/em><\/strong><\/span><br \/>\n<span style=\"color: #563eb0;\">Aparentemente falando, gera\u00e7\u00f5es e gera\u00e7\u00f5es de povos e de na\u00e7\u00f5es APARENTARAM EXISTIR, iludindo com irreais fatos aparentes a aten\u00e7\u00e3o de todos. Quem, em meio \u00e0 ILUS\u00c3O, se viu tendo &#8220;vida com abund\u00e2ncia&#8221;? SOMENTE AQUELES QUE N\u00c3O SE PERMITIRAM ILUDIR PELAS APAR\u00caNCIAS FRAUDULENTAS E INCONSISTENTES!<\/span><\/h2>\n<h2><\/h2>\n<h2 style=\"text-align: center;\"><span style=\"color: #563eb0;\">JESUS N\u00c3O DISP\u00d4S INFINITAS PR\u00c1TICAS ESPIRITUAIS para serem cumpridas! ANTES, DEIXOU ESTABELECIDA UMA \u00daNICA, ESSENCIAL, RADICAL E DEFINITIVA: <em><strong>&#8220;PERMANECEI EM MIM!&#8221;<\/strong><\/em><\/span><\/h2>\n<h2><\/h2>\n<h2 style=\"text-align: center;\"><span style=\"color: #563eb0;\">&#8220;PERMANECER EM MIM&#8221; \u00c9 PERMANECER NA ACEITA\u00c7\u00c3O DE QUE UNICAMENTE DEUS \u00c9 REALIDADE, SENDO O &#8220;EU SOU&#8221; OU O &#8220;MIM&#8221; QUE TODOS SOMOS!\u00a0 ESTAVA NOS DANDO A<em><strong> &#8220;VIDA COM ABUND\u00c2NCIA&#8221;!<\/strong><\/em> A VERDADE DE QUE <em><strong>DEUS \u00c9 A NOSSA VIDA,<\/strong> <\/em>E QUE &#8220;POVOS E NA\u00c7\u00d5ES&#8221;, COM SUAS GERA\u00c7\u00d5ES CHEIAS DE PROBLEMAS, JAMAIS TIVERAM REALIDADE!<\/span><br \/>\n<span style=\"color: #563eb0;\">A Metaf\u00edsica Absoluta enfatiza a irrealidade de &#8220;apar\u00eancias&#8221; notadas pela suposta &#8220;mente carnal&#8221;! Assim como disse Paulo, faz com que nos identifiquemos com a Mente de Cristo e n\u00e3o mais com a ilud\u00edvel mente humana, o embuste que intenta envolver as pessoas com sua &#8220;vida de car\u00eancias&#8221; e decorrentes preocupa\u00e7\u00f5es! <\/span><\/h2>\n<h2><\/h2>\n<h2 style=\"text-align: center;\"><span style=\"color: #563eb0;\">ACATAR E PRATICAR A VERDADE IMPEDE QUE ALGU\u00c9M SE VEJA EM &#8220;MUNDO DO PAI DA MENTIRA&#8221;! TUDO O QUE NELE APARENTA SER VISTO, \u00c9 DESMASCARADO COMO &#8220;NADA&#8221;, PELA VERDADE <strong><em>SEMPRE PRESENTE<\/em><\/strong> NO LUGAR DELE!<\/span><\/h2>\n<h2 style=\"text-align: center;\"><\/h2>\n<h2 style=\"text-align: center;\"><span style=\"color: #563eb0;\">&#8220;VIDA COM ABUND\u00c2NCIA \u00e9 uma REN\u00daNCIA ao ilus\u00f3rio &#8220;mundo de apar\u00eancias&#8221;! E sempre que algu\u00e9m se achar em tal mundo ilus\u00f3rio, de carnais e de mortais, j\u00e1 dever\u00e1 saber o que deixou de FAZER e o que ter\u00e1 DE FAZER: <em><strong>&#8220;PERMANECER EM MIM&#8221;!<\/strong> <\/em>Simples assim!<\/span><\/h2>\n<p>&nbsp;<\/p>\n<h2 style=\"text-align: center;\"><span style=\"color: #563eb0;\"><strong><em>&#8220;TODAS AS NA\u00c7\u00d5ES S\u00c3O COMO NADA PARA ELE; ELE CONSIDERA-AS MENOS DO QUE NADA E COMO UMA COISA V\u00c3&#8221;<\/em><\/strong><\/span><br \/>\n<span style=\"color: #563eb0;\">Isa\u00edas 40: 17<\/span><\/h2>\n<h2 style=\"text-align: center;\"><span style=\"color: #563eb0;\">*<\/span><\/h2>\n","protected":false},"excerpt":{"rendered":"<p>A &#8220;vida com abund\u00e2ncia&#8221;, anunciada por Jesus, \u00e9 poss\u00edvel de ser vivida se a Verdade for entendida. ENTENDIDA E POSTA EM PR\u00c1TICA! As revela\u00e7\u00f5es explicam que O QUE DEUS FAZ n\u00e3o \u00e9 visto pelos sentidos humanos! E explicam que tudo o que tais sentidos captam N\u00c3O TEM REALIDADE ALGUMA! S\u00e3o como pesadelos ou miragens, enquanto &hellip; <\/p>\n<p class=\"link-more\"><a href=\"https:\/\/www.fachodeluz.blog.br\/wp\/2019\/06\/11\/geracoes-e-geracoes-a-mesma-ilusao-se-passando-por-verdades\/\" class=\"more-link\">Leia mais<span class=\"screen-reader-text\"> &#8220;GERA\u00c7\u00d5ES E GERA\u00c7\u00d5ES: A MESMA ILUS\u00c3O SE PASSANDO POR VERDADES!&#8221;<\/span><\/a><\/p>\n","protected":false},"author":2,"featured_media":0,"comment_status":"open","ping_status":"closed","sticky":false,"template":"","format":"standard","meta":{"nf_dc_page":"","_crdt_document":"","footnotes":""},"categories":[10],"tags":[],"class_list":["post-24579","post","type-post","status-publish","format-standard","hentry","category-darcio-dezolt"],"featured_media_urls":[],"_links":{"self":[{"href":"https:\/\/www.fachodeluz.blog.br\/wp\/wp-json\/wp\/v2\/posts\/24579","targetHints":{"allow":["GET"]}}],"collection":[{"href":"https:\/\/www.fachodeluz.blog.br\/wp\/wp-json\/wp\/v2\/posts"}],"about":[{"href":"https:\/\/www.fachodeluz.blog.br\/wp\/wp-json\/wp\/v2\/types\/post"}],"author":[{"embeddable":true,"href":"https:\/\/www.fachodeluz.blog.br\/wp\/wp-json\/wp\/v2\/users\/2"}],"replies":[{"embeddable":true,"href":"https:\/\/www.fachodeluz.blog.br\/wp\/wp-json\/wp\/v2\/comments?post=24579"}],"version-history":[{"count":0,"href":"https:\/\/www.fachodeluz.blog.br\/wp\/wp-json\/wp\/v2\/posts\/24579\/revisions"}],"wp:attachment":[{"href":"https:\/\/www.fachodeluz.blog.br\/wp\/wp-json\/wp\/v2\/media?parent=24579"}],"wp:term":[{"taxonomy":"category","embeddable":true,"href":"https:\/\/www.fachodeluz.blog.br\/wp\/wp-json\/wp\/v2\/categories?post=24579"},{"taxonomy":"post_tag","embeddable":true,"href":"https:\/\/www.fachodeluz.blog.br\/wp\/wp-json\/wp\/v2\/tags?post=24579"}],"curies":[{"name":"wp","href":"https:\/\/api.w.org\/{rel}","templated":true}]}}