{"id":24648,"date":"2019-06-24T12:01:43","date_gmt":"2019-06-24T15:01:43","guid":{"rendered":"http:\/\/fachodeluz.blog.br\/wp\/?p=24648"},"modified":"2019-06-24T12:01:43","modified_gmt":"2019-06-24T15:01:43","slug":"o-corpo-real-em-divina-ordem-e-sua-projecao-fenomenica","status":"publish","type":"post","link":"https:\/\/www.fachodeluz.blog.br\/wp\/2019\/06\/24\/o-corpo-real-em-divina-ordem-e-sua-projecao-fenomenica\/","title":{"rendered":"O CORPO REAL EM DIVINA ORDEM E SUA PROJE\u00c7\u00c3O FENOM\u00caNICA"},"content":{"rendered":"<h2 style=\"text-align: center;\"><a href=\"https:\/\/i0.wp.com\/fachodeluz.blog.br\/wp\/wp-content\/uploads\/2019\/06\/c-nody-3.jpg\"><img data-recalc-dims=\"1\" loading=\"lazy\" decoding=\"async\" loading=\"lazy\" class=\"aligncenter size-full wp-image-24649\" src=\"https:\/\/i0.wp.com\/fachodeluz.blog.br\/wp\/wp-content\/uploads\/2019\/06\/c-nody-3.jpg?resize=520%2C389\" alt=\"\" width=\"520\" height=\"389\" srcset=\"https:\/\/i0.wp.com\/www.fachodeluz.blog.br\/wp\/wp-content\/uploads\/2019\/06\/c-nody-3.jpg?w=520&amp;ssl=1 520w, https:\/\/i0.wp.com\/www.fachodeluz.blog.br\/wp\/wp-content\/uploads\/2019\/06\/c-nody-3.jpg?resize=300%2C224&amp;ssl=1 300w\" sizes=\"auto, (max-width: 520px) 100vw, 520px\" \/><\/a><\/h2>\n<h2 style=\"text-align: center;\">Quando algu\u00e9m reclama de algum \u201cproblema de sa\u00fade\u201d, \u00e9 prova de que CONFUNDE SEU CORPO com sua \u201cproje\u00e7\u00e3o fenom\u00eanica\u201d, ou seja, EST\u00c1 CEGO para a Verdade de que imutavelmente o seu CORPO \u00c9 \u201cTEMPLO DE DEUS\u201d. Desse modo, age de modo contr\u00e1rio ao ensinado por Jesus, que seria <em><strong>SER CEGO PARA A APAR\u00caNCIA<\/strong> <\/em>para estar livre para RECONHECER O PR\u00d3PRIO CORPO EM SUA <em><strong>DIVINA ORDEM<\/strong> <\/em>PERMANENTE!<\/h2>\n<h2><\/h2>\n<h2 style=\"text-align: center;\">Se um slide contiver a foto de uma cachoeira, e for projetado numa parede, empregada como tela, sua \u201cproje\u00e7\u00e3o\u201d \u00a0poder\u00e1 n\u00e3o apresentar \u00a0a qualidade plena da foto colocada no projetor. Mas em poucos segundos de proje\u00e7\u00e3o, todos ali presentes achar\u00e3o que \u201ca foto est\u00e1 na parede\u201d, o que \u00e9 total <em><strong>ilus\u00e3o<\/strong><\/em>. Algo an\u00e1logo ocorre com o CORPO, que est\u00e1 <em><strong>EM DEUS,<\/strong> <\/em>sempre em <em><strong>DIVINA ORDEM,<\/strong> <\/em>enquanto a humanidade \u00e9 iludida para v\u00ea-lo &#8220;existindo&#8221; na \u201cproje\u00e7\u00e3o fenom\u00eanica\u201d. Em vista disso, o que a Metaf\u00edsica explica, dizendo que O <em><strong>\u201cDOENTE N\u00c3O EXISTE\u201d, <\/strong><\/em>E QUE<em><strong> \u201cSEU CORPO J\u00c1 \u00c9 PERFEITO&#8221;,<\/strong> <\/em>IMUTA\u2019VELMENTE, fica-lhe dif\u00edcil de acreditar nas revela\u00e7\u00f5es, pois, sua aten\u00e7\u00e3o se prende toda \u00e0 proje\u00e7\u00e3o, e, nela, o &#8220;corpo visto&#8221;\u00a0 \u00e9 pura ILUS\u00c3O. A parede continuaria sendo &#8220;parede&#8221;!<\/h2>\n<h2><\/h2>\n<h2 style=\"text-align: center;\">Deus \u00e9 cada FILHO DE DEUS, e o CORPO de todos \u00e9 eterno, LUMINOSO\u00a0 e perfeito sempre. Por isso, quando algu\u00e9m se queixa de \u201csa\u00fade prec\u00e1ria\u201d, a PRIMEIRA COISA A SABER, \u00e9 que SEU CORPO \u00c9 ESPIRITUAL E MANTIDO PERFEITO POR DEUS, enquanto o &#8220;corpo da proje\u00e7\u00e3o&#8221; \u00e9 &#8220;parede disfar\u00e7ada&#8221;, ilus\u00e3o, irrealidade!<\/h2>\n<h2><\/h2>\n<h2 style=\"text-align: center;\">O estudo da Verdade elucida estes pontos essenciais, de modo que o suposto \u201cdoente\u201d mude sua err\u00f4nea convic\u00e7\u00e3o de \u201cser doente\u201d para o FATO REAL E ETERNO, permanecendo REALMENTE em sua posi\u00e7\u00e3o absoluta, que \u00e9 a de ser um <em><strong>perfeito FILHO DE DEUS.<\/strong> <\/em><\/h2>\n<h2><\/h2>\n<h2 style=\"text-align: center;\">Voltando \u00e0 analogia, seria algu\u00e9m que estivesse \u201cvendo o slide\u201d,\u00a0<strong><em> em sua proje\u00e7\u00e3o na parede,<\/em> <\/strong>e tirasse dali\u00a0<strong><em> TODA A SUA ATEN\u00c7\u00c3O,<\/em> <\/strong>para se voltar ao projetor, procurando ver nele a foto original, pois ela estaria \u201cdentro dele\u201d.<\/h2>\n<h2><\/h2>\n<h2 style=\"text-align: center;\">\u00c9 este o sentido de <strong><em>acharmos o Reino de Deus \u201cDENTRO DE N\u00d3S\u201d,<\/em> <\/strong>e nunca na\u2019 \u201cproje\u00e7\u00e3o fenom\u00eanica\u201d, aparentemente gerada pela \u201cmente carnal\u201d. Pela &#8220;interioriza\u00e7\u00e3o contemplativa&#8221;, desviamos a aten\u00e7\u00e3o do \u201cmundo da proje\u00e7\u00e3o&#8221; para \u201cpermanecermos <strong><em>EM MIM,<\/em><\/strong> no <em><strong>EU SOU,<\/strong><\/em> e ali contemplarmos o nosso CORPO TEMPLO DE DEUS, <strong><em>em sua divina ordem e perfei\u00e7\u00e3o.<\/em><\/strong><\/h2>\n<h2 style=\"text-align: center;\">*<\/h2>\n","protected":false},"excerpt":{"rendered":"<p>Quando algu\u00e9m reclama de algum \u201cproblema de sa\u00fade\u201d, \u00e9 prova de que CONFUNDE SEU CORPO com sua \u201cproje\u00e7\u00e3o fenom\u00eanica\u201d, ou seja, EST\u00c1 CEGO para a Verdade de que imutavelmente o seu CORPO \u00c9 \u201cTEMPLO DE DEUS\u201d. Desse modo, age de modo contr\u00e1rio ao ensinado por Jesus, que seria SER CEGO PARA A APAR\u00caNCIA para estar &hellip; <\/p>\n<p class=\"link-more\"><a href=\"https:\/\/www.fachodeluz.blog.br\/wp\/2019\/06\/24\/o-corpo-real-em-divina-ordem-e-sua-projecao-fenomenica\/\" class=\"more-link\">Leia mais<span class=\"screen-reader-text\"> &#8220;O CORPO REAL EM DIVINA ORDEM E SUA PROJE\u00c7\u00c3O FENOM\u00caNICA&#8221;<\/span><\/a><\/p>\n","protected":false},"author":2,"featured_media":0,"comment_status":"open","ping_status":"closed","sticky":false,"template":"","format":"standard","meta":{"nf_dc_page":"","_crdt_document":"","footnotes":""},"categories":[10],"tags":[],"class_list":["post-24648","post","type-post","status-publish","format-standard","hentry","category-darcio-dezolt"],"featured_media_urls":[],"_links":{"self":[{"href":"https:\/\/www.fachodeluz.blog.br\/wp\/wp-json\/wp\/v2\/posts\/24648","targetHints":{"allow":["GET"]}}],"collection":[{"href":"https:\/\/www.fachodeluz.blog.br\/wp\/wp-json\/wp\/v2\/posts"}],"about":[{"href":"https:\/\/www.fachodeluz.blog.br\/wp\/wp-json\/wp\/v2\/types\/post"}],"author":[{"embeddable":true,"href":"https:\/\/www.fachodeluz.blog.br\/wp\/wp-json\/wp\/v2\/users\/2"}],"replies":[{"embeddable":true,"href":"https:\/\/www.fachodeluz.blog.br\/wp\/wp-json\/wp\/v2\/comments?post=24648"}],"version-history":[{"count":0,"href":"https:\/\/www.fachodeluz.blog.br\/wp\/wp-json\/wp\/v2\/posts\/24648\/revisions"}],"wp:attachment":[{"href":"https:\/\/www.fachodeluz.blog.br\/wp\/wp-json\/wp\/v2\/media?parent=24648"}],"wp:term":[{"taxonomy":"category","embeddable":true,"href":"https:\/\/www.fachodeluz.blog.br\/wp\/wp-json\/wp\/v2\/categories?post=24648"},{"taxonomy":"post_tag","embeddable":true,"href":"https:\/\/www.fachodeluz.blog.br\/wp\/wp-json\/wp\/v2\/tags?post=24648"}],"curies":[{"name":"wp","href":"https:\/\/api.w.org\/{rel}","templated":true}]}}