{"id":24693,"date":"2019-07-03T12:59:00","date_gmt":"2019-07-03T15:59:00","guid":{"rendered":"http:\/\/fachodeluz.blog.br\/wp\/?p=24693"},"modified":"2019-07-03T21:22:52","modified_gmt":"2019-07-04T00:22:52","slug":"viva-na-totalidade-na-oniacao-e-no-agora-de-deus","status":"publish","type":"post","link":"https:\/\/www.fachodeluz.blog.br\/wp\/2019\/07\/03\/viva-na-totalidade-na-oniacao-e-no-agora-de-deus\/","title":{"rendered":"VIVA NA TOTALIDADE,  NA ONIA\u00c7\u00c3O E NO AGORA DE DEUS!"},"content":{"rendered":"<h2 style=\"text-align: center;\"><span style=\"color: #993300;\"><a style=\"color: #993300;\" href=\"https:\/\/i0.wp.com\/fachodeluz.blog.br\/wp\/wp-content\/uploads\/2019\/07\/FOCO-EM-DEUS1.jpg\"><img data-recalc-dims=\"1\" loading=\"lazy\" decoding=\"async\" loading=\"lazy\" class=\"aligncenter size-full wp-image-24694\" src=\"https:\/\/i0.wp.com\/fachodeluz.blog.br\/wp\/wp-content\/uploads\/2019\/07\/FOCO-EM-DEUS1.jpg?resize=468%2C264\" alt=\"\" width=\"468\" height=\"264\" srcset=\"https:\/\/i0.wp.com\/www.fachodeluz.blog.br\/wp\/wp-content\/uploads\/2019\/07\/FOCO-EM-DEUS1.jpg?w=468&amp;ssl=1 468w, https:\/\/i0.wp.com\/www.fachodeluz.blog.br\/wp\/wp-content\/uploads\/2019\/07\/FOCO-EM-DEUS1.jpg?resize=300%2C169&amp;ssl=1 300w\" sizes=\"auto, (max-width: 468px) 100vw, 468px\" \/><\/a><\/span><br \/>\n<span style=\"color: #993300;\">Quando os princ\u00edpios absolutos da Verdade se tornam FOCO em nossas vidas, a <strong><em>TOTALIDADE DE DEUS,<\/em><\/strong> a <strong><em>ONIA\u00c7\u00c3O DE DEUS <\/em><\/strong>e o <strong><em>AGORA DE DEUS,<\/em><\/strong> nos levam a viver na leveza da GRA\u00c7A E DA VERDADE. <\/span><\/h2>\n<h2><\/h2>\n<h2 style=\"text-align: center;\"><span style=\"color: #993300;\">Tudo flui como &#8220;apar\u00eancias&#8221; que n\u00e3o nos tomam toda a aten\u00e7\u00e3o, por &#8220;estarmos conscientes&#8221; de serem elas meramente &#8220;desdobramentos vis\u00edveis&#8221;<\/span><br \/>\n<span style=\"color: #993300;\">da grandiosa Verdade de que <strong><em>GANHAMOS DE DEUS O SEU REINO SAGRADO,<\/em><\/strong> e que \u00e9 nosso <strong><em>P<\/em><em>OR INTEIRO!<\/em><\/strong><\/span><br \/>\n<span style=\"color: #993300;\">Saber que &#8220;ganhamos o Reino de Deus&#8221;, e que, meditando e reconhecendo <strong><em>&#8220;estarmos NELE, e n\u00e3o NO MUNDO,<\/em> <\/strong>\u00e9 o que nos permite VIVER NO AGORA, despreocupadamente, e sem nos envolvermos com as fraudulentas &#8220;imagens temporais&#8221;, mostradas pela &#8220;mente carnal&#8221; em forma de &#8220;apar\u00eancias&#8221;. <\/span><\/h2>\n<h2><\/h2>\n<h2 style=\"text-align: center;\"><span style=\"color: #993300;\">Como foi dito, pelo reconhecimento da TOTALIDADE DE DEUS, da ONIA\u00c7\u00c3O DE DEUS, e do AGORA DE DEUS, &#8220;descansamos&#8221; na Gra\u00e7a e na Verdade, e o &#8220;mundo de apar\u00eancias&#8221; ir\u00e1 refletindo, em tr\u00eas dimens\u00f5es, <strong><em>a Verdade Absoluta que Se encontra subjacente ao suposto &#8220;mundo fenom\u00eanico&#8221;.<\/em><\/strong><\/span><br \/>\n<span style=\"color: #993300;\">E se as &#8220;apar\u00eancias&#8221; se mostrarem conturbadas? Isto mostrar\u00e1 serem elas &#8220;imagens mentais&#8221; que requeiram <strong><em>&#8220;AJUSTES NA ANTENA&#8221;<\/em><\/strong> COM QUE CAPTAMOS O ABSOLUTO! Quando se mostram &#8220;DESARRANJADAS&#8221;, devemos retirar delas TODA ATEN\u00c7\u00c3O,\u00a0 e contemplarmos a VERDADE IMUT\u00c1VEL de que <strong><em>SOMOS UM COM DEUS E VIVENDO EM DEUS.<\/em><\/strong> SE ISTO FOR FEITO, AS &#8220;IMAGENS DISTORCIDAS&#8221; SER\u00c3O AJUSTADAS, se coadunando com a Realidade ESPIRITUAL.<\/span><br \/>\n<span style=\"color: #993300;\">&#8220;SE PERMANECERDES EM MIM, CONHECEREIS A VERDADE E ELA VOS LIBERTAR\u00c1&#8221;, disse Jesus. Aquele que se DESVIA das APAR\u00caNCIAS, contemplando-se NA<strong><em> TOTALIDADE\u00a0 DEUS,<\/em><\/strong> NA <strong><em>ONIA\u00c7\u00c3O DE DEUS,<\/em> <\/strong>E NO <em><strong>AGORA DE DEUS,<\/strong><\/em> MESMO QUE <strong><em>TEMPORARIAMENTE<\/em><\/strong> ESTEJA DIANTE DE &#8220;APAR\u00caNCIAS DISCORDANTES&#8221;. EM VEZ DE <em><strong>DAR PODER A ELAS, <\/strong><\/em>IR\u00c1ENTEND\u00ca-LAS COMO <strong><em>INTEGRALMENTE SEM PODER,<\/em> <\/strong>E ENT\u00c3O, SIMPLESMENTE, <strong><em>&#8220;CUMPRIMENTAR\u00c1 DEUS&#8221;,<\/em> <\/strong>dizendo:<\/span><\/h2>\n<h2 style=\"text-align: center;\"><span style=\"color: #993300;\"><strong><em> &#8220;Ol\u00e1 Meu Pai! Agrade\u00e7o-Lhe por ESTAR SENDO A \u00daNICA PRESEN\u00c7A REAL AQUI! E agrade\u00e7o-Lhe por ter-me feito CONHECER ESTA VERDADE!<\/em><\/strong><\/span><\/h2>\n<h2><\/h2>\n<h2 style=\"text-align: center;\"><span style=\"color: #993300;\"><em><strong>&#8220;N\u00e3o julgar pelas apar\u00eancias&#8221;<\/strong> <\/em>n\u00e3o se restringe apenas a PESSOAS. mas sim, \u00e9 pr\u00e1tica que engloba <strong><em>TODO O MUNDO DO DO PAI DA MENTIRA!<\/em>\u00a0<\/strong> O &#8220;JU\u00cdZO JUSTO&#8221;, NESSE CASO, SER\u00c1 NOSSA <em><strong>VIS\u00c3O ILUMINADA,<\/strong> <\/em>QUE REVELA <strong><em>UNICAMENTE DEUS COMO SEU REINO E COMO O SEU FILHO QUE SOMOS,<\/em> <\/strong>TUDO IMUTAVELMENTE PERFEITO E EVIDENCIADO! <\/span><\/h2>\n<h2 style=\"text-align: center;\"><span style=\"color: #993300;\">*<\/span><\/h2>\n","protected":false},"excerpt":{"rendered":"<p>Quando os princ\u00edpios absolutos da Verdade se tornam FOCO em nossas vidas, a TOTALIDADE DE DEUS, a ONIA\u00c7\u00c3O DE DEUS e o AGORA DE DEUS, nos levam a viver na leveza da GRA\u00c7A E DA VERDADE. Tudo flui como &#8220;apar\u00eancias&#8221; que n\u00e3o nos tomam toda a aten\u00e7\u00e3o, por &#8220;estarmos conscientes&#8221; de serem elas meramente &#8220;desdobramentos &hellip; <\/p>\n<p class=\"link-more\"><a href=\"https:\/\/www.fachodeluz.blog.br\/wp\/2019\/07\/03\/viva-na-totalidade-na-oniacao-e-no-agora-de-deus\/\" class=\"more-link\">Leia mais<span class=\"screen-reader-text\"> &#8220;VIVA NA TOTALIDADE,  NA ONIA\u00c7\u00c3O E NO AGORA DE DEUS!&#8221;<\/span><\/a><\/p>\n","protected":false},"author":2,"featured_media":0,"comment_status":"open","ping_status":"closed","sticky":false,"template":"","format":"standard","meta":{"nf_dc_page":"","_crdt_document":"","footnotes":""},"categories":[10],"tags":[],"class_list":["post-24693","post","type-post","status-publish","format-standard","hentry","category-darcio-dezolt"],"featured_media_urls":[],"_links":{"self":[{"href":"https:\/\/www.fachodeluz.blog.br\/wp\/wp-json\/wp\/v2\/posts\/24693","targetHints":{"allow":["GET"]}}],"collection":[{"href":"https:\/\/www.fachodeluz.blog.br\/wp\/wp-json\/wp\/v2\/posts"}],"about":[{"href":"https:\/\/www.fachodeluz.blog.br\/wp\/wp-json\/wp\/v2\/types\/post"}],"author":[{"embeddable":true,"href":"https:\/\/www.fachodeluz.blog.br\/wp\/wp-json\/wp\/v2\/users\/2"}],"replies":[{"embeddable":true,"href":"https:\/\/www.fachodeluz.blog.br\/wp\/wp-json\/wp\/v2\/comments?post=24693"}],"version-history":[{"count":0,"href":"https:\/\/www.fachodeluz.blog.br\/wp\/wp-json\/wp\/v2\/posts\/24693\/revisions"}],"wp:attachment":[{"href":"https:\/\/www.fachodeluz.blog.br\/wp\/wp-json\/wp\/v2\/media?parent=24693"}],"wp:term":[{"taxonomy":"category","embeddable":true,"href":"https:\/\/www.fachodeluz.blog.br\/wp\/wp-json\/wp\/v2\/categories?post=24693"},{"taxonomy":"post_tag","embeddable":true,"href":"https:\/\/www.fachodeluz.blog.br\/wp\/wp-json\/wp\/v2\/tags?post=24693"}],"curies":[{"name":"wp","href":"https:\/\/api.w.org\/{rel}","templated":true}]}}