{"id":24725,"date":"2019-07-09T12:55:57","date_gmt":"2019-07-09T15:55:57","guid":{"rendered":"http:\/\/fachodeluz.blog.br\/wp\/?p=24725"},"modified":"2019-07-09T19:26:10","modified_gmt":"2019-07-09T22:26:10","slug":"em-deus-sua-alma-se-alegra","status":"publish","type":"post","link":"https:\/\/www.fachodeluz.blog.br\/wp\/2019\/07\/09\/em-deus-sua-alma-se-alegra\/","title":{"rendered":"&#8220;EM DEUS SUA ALMA SE ALEGRA!&#8221;"},"content":{"rendered":"<h3 style=\"text-align: center;\"><span style=\"color: #612626;\"><a style=\"color: #612626;\" href=\"https:\/\/i0.wp.com\/fachodeluz.blog.br\/wp\/wp-content\/uploads\/2019\/07\/HAPPY1.jpg\"><img data-recalc-dims=\"1\" loading=\"lazy\" decoding=\"async\" loading=\"lazy\" class=\"aligncenter size-full wp-image-24726\" src=\"https:\/\/i0.wp.com\/fachodeluz.blog.br\/wp\/wp-content\/uploads\/2019\/07\/HAPPY1.jpg?resize=520%2C393\" alt=\"\" width=\"520\" height=\"393\" srcset=\"https:\/\/i0.wp.com\/www.fachodeluz.blog.br\/wp\/wp-content\/uploads\/2019\/07\/HAPPY1.jpg?w=520&amp;ssl=1 520w, https:\/\/i0.wp.com\/www.fachodeluz.blog.br\/wp\/wp-content\/uploads\/2019\/07\/HAPPY1.jpg?resize=300%2C227&amp;ssl=1 300w\" sizes=\"auto, (max-width: 520px) 100vw, 520px\" \/><\/a><\/span><\/h3>\n<h3 style=\"text-align: center;\"><span style=\"color: #612626;\"><em>&#8220;Eu me regozijarei muito em Deus, e nEle minha alma se alegra!&#8221;<\/em> <\/span><\/h3>\n<h3 style=\"text-align: center;\"><span style=\"color: #612626;\">Isa\u00edas, 61,10<\/span><\/h3>\n<h2 style=\"text-align: center;\"><span style=\"color: #612626;\">A alegria de conhecer a Verdade, e de saber que somos habilitados a viver em Deus, em unidade com Deus, e, enfim, habilitados a ser Deus, deve ser lembrada, reconhecida e vivenciada como a <em><strong>alegria m\u00e1xima<\/strong><\/em> poss\u00edvel de ser vivenciada por algu\u00e9m. Isto porque, nesta alegria, <em><strong>Deus \u00e9 percebido sendo quem somos,<\/strong> <\/em>e que, portanto, <strong><em>n\u00e3o h\u00e1 &#8220;algu\u00e9m nenhum&#8221;, al\u00e9m de Deus, manifestando &#8220;alegria particular&#8221;.<\/em><\/strong><\/span><\/h2>\n<h2><\/h2>\n<h2 style=\"text-align: center;\"><span style=\"color: #612626;\">Isa\u00edas disse o seguinte: <em>&#8220;Eu me regozijarei muito em Deus, e nEle minha alma se alegra!&#8221;<\/em> (Isa\u00edas, 61,10). Esta declara\u00e7\u00e3o \u00e9 valios\u00edssima, principalmente para aqueles que, realmente, demonstram interesse maior pela Verdade. <\/span><\/h2>\n<h2><\/h2>\n<h2 style=\"text-align: center;\"><span style=\"color: #612626;\">O UNIVERSO REAL \u00c9 ALEGRIA ONIPRESENTE, e todo &#8220;sensacionismo&#8221; ligado a tristeza, des\u00e2nimo, mau humor, depress\u00e3o, p\u00e2nico e demais estados negativos, \u00e9 &#8220;sensacionismo hipn\u00f3tico&#8221;, que jamais afeta a Verdade! A cita\u00e7\u00e3o de Isa\u00edas corrige o h\u00e1bito comum de &#8220;algu\u00e9m orar a Deus&#8221; com a mente triste e presa a tal &#8220;sensacionismo rid\u00edculo&#8221;, na esperan\u00e7a de que Deus o remova para ele! <\/span><\/h2>\n<h2><\/h2>\n<h2 style=\"text-align: center;\"><span style=\"color: #612626;\">OS SEMELHANTES SE ATRAEM &#8211; diz a Lei Mental. Orar ou meditar partindo de estados mentais de tristeza seria querer encontrar luz na escurid\u00e3o!<\/span><br \/>\n<span style=\"color: #612626;\"><em><strong>REGOZIJE-SE MUITO EM DEUS<\/strong> <\/em>&#8211; disse Isa\u00edas &#8211; <strong><em>E NELE SUA ALMA SE ALEGRAR\u00c1!<\/em> <\/strong>A ALEGRIA MENTAL ATRAI A ALEGRIA ESSENCIAL DIVINA, QUE FAZ COM QUE O ILUS\u00d3RIO &#8220;SENSACIONISMO NEGATIVO&#8221; SE REVELE SENDO &#8220;NADA&#8221;.<\/span><br \/>\n<span style=\"color: #612626;\">A mente n\u00e3o pode VIVENCIAR duas ideias antag\u00f4nicas ao mesmo tempo. Ou algu\u00e9m se diz alegre, ou se diz sem alegria! <strong><em>Imposs\u00edvel abra\u00e7ar as duas no\u00e7\u00f5es simultaneamente!<\/em><\/strong> Em raz\u00e3o disso, associamos a <em>Ci\u00eancia Mental<\/em> \u00e0s contempla\u00e7\u00f5es absolutas, afirmando que<strong><em> &#8220;somos alegres e felizes&#8221;,<\/em> <\/strong>por conhecermos a Verdade. Desse modo, as supostas\u00a0 tristezas da vida s\u00e3o recha\u00e7adas, n\u00e3o apenas mentalmente, mas tamb\u00e9m, espiritualmente, pois, com a suposta &#8220;mente humana&#8221; alegre, as ora\u00e7\u00f5es possibilitam plena abertura e receptividade \u00e0 ALEGRIA PERMANENTE DO ALTO, estado natural e onipresente de Deus!<\/span><br \/>\n<span style=\"color: #612626;\">N\u00e3o h\u00e1 situa\u00e7\u00e3o fenom\u00eanica, TRISTE OU ANGUSTIANTE, que seja duradoura ou que tenha realidade! Mas a CREN\u00c7A COLETIVA tenta induzir a todos no sentido de ACREDITAR em seu &#8220;sensacionismo ilus\u00f3rio&#8221;, prendendo a aten\u00e7\u00e3o de cada um em sua &#8220;tristeza espec\u00edfica&#8221;, e deixando-o cego para a Verdade de que &#8220;UNICAMENTE DEUS \u00c9 REALIDADE! POR ISSO, NOSSA ALEGRIA DEVE SER PERMANENTE, ATRAV\u00c9S DE CONT\u00cdNUA LEMBRAN\u00c7A DE QUE <strong><em>&#8220;SOMOS UM COM ALEGRIA DE DEUS, QUE \u00c9 TUDO!<\/em> <\/strong><\/span><\/h2>\n<h2><\/h2>\n<h2 style=\"text-align: center;\"><span style=\"color: #612626;\">Esta Verdade destr\u00f3i as pretens\u00f5es dos &#8220;sensacionismos&#8221; da &#8220;mente carnal&#8221;, deixando-nos, como disse Isa\u00edas, MUITO ALEGRES E FELIZES SEMPRE, e, assim, <strong><em>PODERMOS SENTIR A ALEGRIA DE DEUS, COM QUE NOSSA ALMA \u00c9 UMA, E QUE TRANSCENDE O MUNDO BEM COMO OS SENTIDOS QUE CAPTAM DISTORCIDAMENTE O MUNDO!\u00a0\u00a0<\/em><\/strong><\/span><\/h2>\n<h2 style=\"text-align: center;\"><span style=\"color: #612626;\"> *<\/span><\/h2>\n","protected":false},"excerpt":{"rendered":"<p>&#8220;Eu me regozijarei muito em Deus, e nEle minha alma se alegra!&#8221; Isa\u00edas, 61,10 A alegria de conhecer a Verdade, e de saber que somos habilitados a viver em Deus, em unidade com Deus, e, enfim, habilitados a ser Deus, deve ser lembrada, reconhecida e vivenciada como a alegria m\u00e1xima poss\u00edvel de ser vivenciada por &hellip; <\/p>\n<p class=\"link-more\"><a href=\"https:\/\/www.fachodeluz.blog.br\/wp\/2019\/07\/09\/em-deus-sua-alma-se-alegra\/\" class=\"more-link\">Leia mais<span class=\"screen-reader-text\"> &#8220;&#8220;EM DEUS SUA ALMA SE ALEGRA!&#8221;&#8221;<\/span><\/a><\/p>\n","protected":false},"author":2,"featured_media":0,"comment_status":"open","ping_status":"closed","sticky":false,"template":"","format":"standard","meta":{"nf_dc_page":"","_crdt_document":"","footnotes":""},"categories":[10],"tags":[],"class_list":["post-24725","post","type-post","status-publish","format-standard","hentry","category-darcio-dezolt"],"featured_media_urls":[],"_links":{"self":[{"href":"https:\/\/www.fachodeluz.blog.br\/wp\/wp-json\/wp\/v2\/posts\/24725","targetHints":{"allow":["GET"]}}],"collection":[{"href":"https:\/\/www.fachodeluz.blog.br\/wp\/wp-json\/wp\/v2\/posts"}],"about":[{"href":"https:\/\/www.fachodeluz.blog.br\/wp\/wp-json\/wp\/v2\/types\/post"}],"author":[{"embeddable":true,"href":"https:\/\/www.fachodeluz.blog.br\/wp\/wp-json\/wp\/v2\/users\/2"}],"replies":[{"embeddable":true,"href":"https:\/\/www.fachodeluz.blog.br\/wp\/wp-json\/wp\/v2\/comments?post=24725"}],"version-history":[{"count":0,"href":"https:\/\/www.fachodeluz.blog.br\/wp\/wp-json\/wp\/v2\/posts\/24725\/revisions"}],"wp:attachment":[{"href":"https:\/\/www.fachodeluz.blog.br\/wp\/wp-json\/wp\/v2\/media?parent=24725"}],"wp:term":[{"taxonomy":"category","embeddable":true,"href":"https:\/\/www.fachodeluz.blog.br\/wp\/wp-json\/wp\/v2\/categories?post=24725"},{"taxonomy":"post_tag","embeddable":true,"href":"https:\/\/www.fachodeluz.blog.br\/wp\/wp-json\/wp\/v2\/tags?post=24725"}],"curies":[{"name":"wp","href":"https:\/\/api.w.org\/{rel}","templated":true}]}}