{"id":24814,"date":"2019-07-26T12:11:40","date_gmt":"2019-07-26T15:11:40","guid":{"rendered":"http:\/\/fachodeluz.blog.br\/wp\/?p=24814"},"modified":"2019-07-26T12:11:40","modified_gmt":"2019-07-26T15:11:40","slug":"conhecendo-em-si-mesmo-deus-face-a-face","status":"publish","type":"post","link":"https:\/\/www.fachodeluz.blog.br\/wp\/2019\/07\/26\/conhecendo-em-si-mesmo-deus-face-a-face\/","title":{"rendered":"CONHECENDO, EM SI MESMO, DEUS FACE A FACE!"},"content":{"rendered":"<h3 style=\"text-align: center;\"><span style=\"color: #63632e;\"><a style=\"color: #63632e;\" href=\"https:\/\/i0.wp.com\/fachodeluz.blog.br\/wp\/wp-content\/uploads\/2019\/07\/FACE-A.jpg\"><img data-recalc-dims=\"1\" loading=\"lazy\" decoding=\"async\" loading=\"lazy\" class=\"aligncenter size-full wp-image-24815\" src=\"https:\/\/i0.wp.com\/fachodeluz.blog.br\/wp\/wp-content\/uploads\/2019\/07\/FACE-A.jpg?resize=522%2C364\" alt=\"\" width=\"522\" height=\"364\" srcset=\"https:\/\/i0.wp.com\/www.fachodeluz.blog.br\/wp\/wp-content\/uploads\/2019\/07\/FACE-A.jpg?w=522&amp;ssl=1 522w, https:\/\/i0.wp.com\/www.fachodeluz.blog.br\/wp\/wp-content\/uploads\/2019\/07\/FACE-A.jpg?resize=300%2C209&amp;ssl=1 300w\" sizes=\"auto, (max-width: 522px) 100vw, 522px\" \/><\/a><\/span><\/h3>\n<h3 style=\"text-align: center;\"><span style=\"color: #63632e;\"><em>\u201cPorque agora vemos como por espelho, em enigma, mas ent\u00e3o veremos face a face; agora conhe\u00e7o em parte, mas ent\u00e3o conhecerei plenamente, como tamb\u00e9m sou plenamente conhecido\u201d.<\/em><\/span><\/h3>\n<h4 style=\"text-align: center;\"><span style=\"color: #63632e;\">1 Cor\u00edntios 13: 12<\/span><\/h4>\n<h2 style=\"text-align: center;\"><\/h2>\n<h2 style=\"text-align: center;\"><span style=\"color: #63632e;\">Assim como ningu\u00e9m conhecer\u00e1 um dia ensolarado sem nunca tirar os \u00f3culos escuros, ningu\u00e9m ver\u00e1 DEUS FACE A FACE, enquanto empregar a suposta \u201cmente humana\u201d. O que se requer, \u00e9 uma abdica\u00e7\u00e3o plena desta mente falsa, que \u201cv\u00ea tudo como espelho em enigma\u201d, para RECONHECERMOS que VEMOS DEUS FACE A FACE mediante a PR\u00d3PRIA \u201cMENTE DE DEUS\u201d, que \u00e9 \u00fanica, verdadeira, onipresente, <strong><em>EVIDENCIADA \u201cDESDE O PRINC\u00cdPIO\u201d como a NOSSA MENTE!<\/em><\/strong><\/span><\/h2>\n<h2><\/h2>\n<h2 style=\"text-align: center;\"><span style=\"color: #63632e;\"><em>\u201cPorque agora vemos como por espelho, em enigma, mas ent\u00e3o veremos face a face; agora conhe\u00e7o em parte, mas ent\u00e3o conhecerei plenamente, como tamb\u00e9m sou plenamente conhecido\u201d, <\/em>disse Paulo.<\/span><\/h2>\n<h2 style=\"text-align: center;\"><span style=\"color: #63632e;\">\u00a0\u00a0\u00a0\u00a0\u00a0\u00a0\u00a0\u00a0 <\/span><\/h2>\n<h2 style=\"text-align: center;\"><span style=\"color: #63632e;\"><strong><em>\u201cAGORA CONHE\u00c7O EM PARTE\u201d \u2013<\/em> <\/strong>aqui, Paulo explica o que diz a Metaf\u00edsica: <em><strong>\u201cAs apar\u00eancias insinuam a Verdade Absoluta que se evidencia subjacente a elas\u201d.<\/strong> <\/em>N\u00e3o h\u00e1 realidade nas \u201capar\u00eancias\u201d, que, como \u201csombras\u201d, apenas indicam haver ALGO REAL fazendo com que elas sejam \u201cvistas\u201d!<\/span><\/h2>\n<h2><\/h2>\n<h2 style=\"text-align: center;\"><span style=\"color: #63632e;\"><strong><em>\u201cMAS ENT\u00c3O VEREMOS FACE A FACE\u201d \u2013<\/em> <\/strong>assim como algu\u00e9m, diante do espelho, se v\u00ea estando como \u201cimagem refletida\u201d e n\u00e3o como de fato \u00e9, se fosse \u201cvisto em si mesmo\u201d, diante e fora do espelho, igualmente ocorre com DEUS CONOSCO, evidenciando a SI MESMO como O CRISTO, mas que somente \u00e9 visto QUANDO TIRARMOS A ATEN\u00c7\u00c3O DA IMAGEM REFLETIDA NO &#8220;ESPELHO EM ENIGMA&#8221;, que \u00e9 a suposta \u201cmente carnal, NOS MOSTRANDO UM IRREAL <em><strong>\u201cCARNAL NASCIDO\u201d,<\/strong> <\/em>uma <strong><em>ILUS\u00c3O<\/em><\/strong> QUE JAMAIS EXISTIU!<\/span><\/h2>\n<h2><\/h2>\n<h2 style=\"text-align: center;\"><span style=\"color: #63632e;\">Medite e contemple a Verdade de ESTAR EM DEUS, SENDO DEUS, E, <strong><em>EM SI MESMO,<\/em> <em>ESTAR SENDO O CRISTO, QUE \u00c9 DEUS EVIDENCIADO COMO SER INDIVIDUAL! <\/em><\/strong><\/span><\/h2>\n<h2><\/h2>\n<h2 style=\"text-align: center;\"><span style=\"color: #63632e;\"><strong>ESTE \u00c9 O SENTIDO DE<em> &#8220;VIR A MIM!&#8221;<br \/>\n<\/em><\/strong><\/span><\/h2>\n<p>&nbsp;<\/p>\n<p>&nbsp;<\/p>\n<p>&nbsp;<\/p>\n<h2 style=\"text-align: center;\"><span style=\"color: #63632e;\"> *<\/span><\/h2>\n","protected":false},"excerpt":{"rendered":"<p>\u201cPorque agora vemos como por espelho, em enigma, mas ent\u00e3o veremos face a face; agora conhe\u00e7o em parte, mas ent\u00e3o conhecerei plenamente, como tamb\u00e9m sou plenamente conhecido\u201d. 1 Cor\u00edntios 13: 12 Assim como ningu\u00e9m conhecer\u00e1 um dia ensolarado sem nunca tirar os \u00f3culos escuros, ningu\u00e9m ver\u00e1 DEUS FACE A FACE, enquanto empregar a suposta \u201cmente &hellip; <\/p>\n<p class=\"link-more\"><a href=\"https:\/\/www.fachodeluz.blog.br\/wp\/2019\/07\/26\/conhecendo-em-si-mesmo-deus-face-a-face\/\" class=\"more-link\">Leia mais<span class=\"screen-reader-text\"> &#8220;CONHECENDO, EM SI MESMO, DEUS FACE A FACE!&#8221;<\/span><\/a><\/p>\n","protected":false},"author":2,"featured_media":0,"comment_status":"open","ping_status":"closed","sticky":false,"template":"","format":"standard","meta":{"nf_dc_page":"","_crdt_document":"","footnotes":""},"categories":[10],"tags":[],"class_list":["post-24814","post","type-post","status-publish","format-standard","hentry","category-darcio-dezolt"],"featured_media_urls":[],"_links":{"self":[{"href":"https:\/\/www.fachodeluz.blog.br\/wp\/wp-json\/wp\/v2\/posts\/24814","targetHints":{"allow":["GET"]}}],"collection":[{"href":"https:\/\/www.fachodeluz.blog.br\/wp\/wp-json\/wp\/v2\/posts"}],"about":[{"href":"https:\/\/www.fachodeluz.blog.br\/wp\/wp-json\/wp\/v2\/types\/post"}],"author":[{"embeddable":true,"href":"https:\/\/www.fachodeluz.blog.br\/wp\/wp-json\/wp\/v2\/users\/2"}],"replies":[{"embeddable":true,"href":"https:\/\/www.fachodeluz.blog.br\/wp\/wp-json\/wp\/v2\/comments?post=24814"}],"version-history":[{"count":0,"href":"https:\/\/www.fachodeluz.blog.br\/wp\/wp-json\/wp\/v2\/posts\/24814\/revisions"}],"wp:attachment":[{"href":"https:\/\/www.fachodeluz.blog.br\/wp\/wp-json\/wp\/v2\/media?parent=24814"}],"wp:term":[{"taxonomy":"category","embeddable":true,"href":"https:\/\/www.fachodeluz.blog.br\/wp\/wp-json\/wp\/v2\/categories?post=24814"},{"taxonomy":"post_tag","embeddable":true,"href":"https:\/\/www.fachodeluz.blog.br\/wp\/wp-json\/wp\/v2\/tags?post=24814"}],"curies":[{"name":"wp","href":"https:\/\/api.w.org\/{rel}","templated":true}]}}