{"id":24881,"date":"2019-08-07T12:58:37","date_gmt":"2019-08-07T15:58:37","guid":{"rendered":"http:\/\/fachodeluz.blog.br\/wp\/?p=24881"},"modified":"2019-08-07T23:04:28","modified_gmt":"2019-08-08T02:04:28","slug":"o-sentido-da-palavra-ilusao-no-estudo-da-verdade","status":"publish","type":"post","link":"https:\/\/www.fachodeluz.blog.br\/wp\/2019\/08\/07\/o-sentido-da-palavra-ilusao-no-estudo-da-verdade\/","title":{"rendered":"O SENTIDO DA PALAVRA \u201cILUS\u00c3O\u201d NO ESTUDO DA VERDADE"},"content":{"rendered":"<h2 style=\"text-align: center;\"><\/h2>\n<h2 style=\"text-align: center;\"><span style=\"color: #354c70;\"><a style=\"color: #354c70;\" href=\"https:\/\/i0.wp.com\/fachodeluz.blog.br\/wp\/wp-content\/uploads\/2019\/08\/V-DIVINA-1.jpg\"><img data-recalc-dims=\"1\" loading=\"lazy\" decoding=\"async\" loading=\"lazy\" class=\"aligncenter size-full wp-image-24882\" src=\"https:\/\/i0.wp.com\/fachodeluz.blog.br\/wp\/wp-content\/uploads\/2019\/08\/V-DIVINA-1.jpg?resize=522%2C347\" alt=\"\" width=\"522\" height=\"347\" srcset=\"https:\/\/i0.wp.com\/www.fachodeluz.blog.br\/wp\/wp-content\/uploads\/2019\/08\/V-DIVINA-1.jpg?w=522&amp;ssl=1 522w, https:\/\/i0.wp.com\/www.fachodeluz.blog.br\/wp\/wp-content\/uploads\/2019\/08\/V-DIVINA-1.jpg?resize=300%2C199&amp;ssl=1 300w\" sizes=\"auto, (max-width: 522px) 100vw, 522px\" \/><\/a><\/span><\/h2>\n<h2 style=\"text-align: center;\"><span style=\"color: #354c70;\">Devido \u00e0s falsas \u201ccren\u00e7as coletivas\u201d, a humanidade deixa de \u201cter a vida plena com abund\u00e2ncia\u201d a que se referiu Jesus, ao explicar sua vinda com o prop\u00f3sito de desmantelar a ILUS\u00c3O de suposta \u201cvida na mat\u00e9ria\u201d.<\/span><\/h2>\n<h2 style=\"text-align: center;\"><span style=\"color: #354c70;\"><strong><em> \u201c\u00c9 CHEGADO O REINO DE DEUS; BUSCAI-O EM PRIMEIRO LUGAR!\u201d<\/em> <\/strong><\/span><\/h2>\n<h2 style=\"text-align: center;\"><span style=\"color: #354c70;\">A doutrina trazida por Jesus revela a <strong><em>REALIDADE<\/em><\/strong> DE <strong><em>ESTARMOS EM DEUS,<\/em> <\/strong>E A <strong><em>ILUS\u00c3O<\/em><\/strong> DE <strong><em>ESTARMOS ENCARNADOS!<\/em><\/strong><\/span><\/h2>\n<h2><\/h2>\n<h2 style=\"text-align: center;\"><span style=\"color: #354c70;\">Perceber o que \u00e9 REAL e o que \u00e9 ILUS\u00c3O, \u00e9 CONHECER A VERDADE e se libertar<\/span><\/h2>\n<h2 style=\"text-align: center;\"><span style=\"color: #354c70;\">\u00a0da ILUS\u00c3O. As multid\u00f5es se maravilhavam, diante das \u201ccuras\u201d realizadas por Jesus. TODOS ACREDITAVAM PIAMENTE NOS MALES, DOEN\u00c7AS E IMPERFEI\u00c7\u00d5ES, \u201cVISTOS&#8221; PELA <em><strong>ILUS\u00d3RIA<\/strong><\/em> MENTE HUMANA! <strong><em>MENOS JESUS!<\/em> <\/strong>APENAS RECONHECIA A REALIDADE E DESCARTAVA A ILUS\u00c3O! Sabia ser o \u201cmundo\u201d um \u201cmundo do pai da mentira\u201d, e o povo, aberto \u00e0 sua vis\u00e3o divina e iluminada, constatava o sumi\u00e7o da ILUS\u00c3O.<\/span><\/h2>\n<h2><\/h2>\n<h2 style=\"text-align: center;\"><span style=\"color: #354c70;\">Certo jornal assim dizia: <em>\u201cProjetaram-se imagens hologr\u00e1ficas de pessoas num audit\u00f3rio, como se elas fossem seres reais na plateia, e aqueles que iam chegando, crendo que os assentos estivessem realmente ocupados, pediam licen\u00e7a para passar, procurando alcan\u00e7ar as poltronas seguintes, que viam como estando \u201cvazias\u201d.<\/em><\/span><\/h2>\n<h2 style=\"text-align: center;\"><span style=\"color: #354c70;\">TODAS AS POLTRONAS ESTAVAM DESOCUPADAS, MAS SOMENTE OS QUE SABIAM DA \u201cPROJE\u00c7\u00c3O HOLOGR\u00c1FICA\u201d CONHECIAM ESTA VERDADE!<\/span><\/h2>\n<h2><\/h2>\n<h2 style=\"text-align: center;\"><span style=\"color: #354c70;\">N\u00e3o existe \u201ccorpo nascido\u201d nem \u201ccorpo enterrado\u201d ou \u201ccremado\u201d! S\u00c3O <strong><em>ILUS\u00c3O,<\/em><\/strong> TANTO QUANTO\u00a0 AS \u201cPESSOAS OCUPANTES DAS POLTRONAS\u201d! Por isso, o enfoque absoluto da Verdade revela que UNICAMENTE DEUS \u00c9 REALIDADE, ENQUANTO O SUPOSTO \u201cMUNDO MATERIAL\u201d N\u00c3O PASSA DE \u201cPROJE\u00c7\u00c3O HOLOGR\u00c1FICA\u201d, <strong><em>ILUS\u00c3O, PUR\u00cdSSIMO \u201cNADA\u201d!<\/em><\/strong><\/span><\/h2>\n<h2 style=\"text-align: center;\"><span style=\"color: #354c70;\">A <em>Seicho-no-ie<\/em> assim explica: <em>SUPOR <strong>EXISTENTE<\/strong> O QUE \u00c9 <strong>INEXISTENTE, <\/strong>NISTO CONSISTE A <strong>ILUS\u00c3O\u201d<\/strong>.<\/em> No entanto, estas VERDADES REQUEREM SER POSTAS NA PR\u00c1TICA! <em>Para isso, devemos SUPOR <strong>EXISTENTE<\/strong> unicamente DEUS! E SUPOR <strong>INEXISTENTE<\/strong> o suposto \u201cmundo material\u201d, com todos os seus males, problemas e defeitos!<\/em><\/span><\/h2>\n<h2 style=\"text-align: center;\"><span style=\"color: #354c70;\">N\u00e3o h\u00e1 qualquer sentido \u00a0em algu\u00e9m dizer: <em>\u201cEu sei que em DEUS eu sou perfeito; mas, na ILUS\u00c3O, estou abarrotado de problemas!\u201d. <\/em>POR QU\u00ca? POR ESTAR CRENDO EM \u201cPOLTRONAS OCUPADAS\u201d, QUE S\u00c3O VISTAS COMO <strong><em>\u201cIMAGENS HOLOGR\u00c1FICAS\u201d, MESMO ESTANDO VAZIAS!<\/em><\/strong><\/span><\/h2>\n<h2><\/h2>\n<h2 style=\"text-align: center;\"><span style=\"color: #354c70;\"><strong><em>VOC\u00ca \u00c9 DEUS SENDO O CRISTO ETERNO QUE \u00c9!<\/em><\/strong> TODA \u201cAPAR\u00caNCIA\u201d DE \u201cCORPO MATERIAL\u201d OU\u00a0 DE \u201cMUNDO MATERIAL\u201d \u00c9 \u201cVAZIA\u201d! PORTANTO, DEDIQUE-SE A RECONHECER ESTA VERDADE, EM VEZ DE \u201cSUPOR EXISTENTE O QUE \u00c9 INEXISTENTE\u201d!<\/span><\/h2>\n<h2 style=\"text-align: center;\"><span style=\"color: #354c70;\"><strong><em>&#8220;EU, PARA ISTO VIM AO MUNDO, PARA QUE OS QUE VEEM SEJAM CEGOS, E PARA QUE OS QUE N\u00c3O VEEM VEJAM!&#8221; <\/em><\/strong><\/span><\/h2>\n<h2><\/h2>\n<h2 style=\"text-align: center;\"><span style=\"color: #354c70;\"><strong>JESUS ESTAVA PREGANDO<em> SERMOS CEGOS PARA A ILUS\u00c3O, PARA VERMOS A VERDADE! SERMOS CEGOS PARA A IRREAL MAT\u00c9RIA, PARA ENXERGARMOS A TOTALIDADE DE DEUS!<\/em><\/strong><\/span><\/h2>\n<p>&nbsp;<\/p>\n<h2 style=\"text-align: center;\"><span style=\"color: #354c70;\">*<\/span><\/h2>\n<p>&nbsp;<\/p>\n<p>&nbsp;<\/p>\n<p>&nbsp;<\/p>\n","protected":false},"excerpt":{"rendered":"<p>Devido \u00e0s falsas \u201ccren\u00e7as coletivas\u201d, a humanidade deixa de \u201cter a vida plena com abund\u00e2ncia\u201d a que se referiu Jesus, ao explicar sua vinda com o prop\u00f3sito de desmantelar a ILUS\u00c3O de suposta \u201cvida na mat\u00e9ria\u201d. \u201c\u00c9 CHEGADO O REINO DE DEUS; BUSCAI-O EM PRIMEIRO LUGAR!\u201d A doutrina trazida por Jesus revela a REALIDADE DE &hellip; <\/p>\n<p class=\"link-more\"><a href=\"https:\/\/www.fachodeluz.blog.br\/wp\/2019\/08\/07\/o-sentido-da-palavra-ilusao-no-estudo-da-verdade\/\" class=\"more-link\">Leia mais<span class=\"screen-reader-text\"> &#8220;O SENTIDO DA PALAVRA \u201cILUS\u00c3O\u201d NO ESTUDO DA VERDADE&#8221;<\/span><\/a><\/p>\n","protected":false},"author":2,"featured_media":0,"comment_status":"open","ping_status":"closed","sticky":false,"template":"","format":"standard","meta":{"nf_dc_page":"","_crdt_document":"","footnotes":""},"categories":[10],"tags":[],"class_list":["post-24881","post","type-post","status-publish","format-standard","hentry","category-darcio-dezolt"],"featured_media_urls":[],"_links":{"self":[{"href":"https:\/\/www.fachodeluz.blog.br\/wp\/wp-json\/wp\/v2\/posts\/24881","targetHints":{"allow":["GET"]}}],"collection":[{"href":"https:\/\/www.fachodeluz.blog.br\/wp\/wp-json\/wp\/v2\/posts"}],"about":[{"href":"https:\/\/www.fachodeluz.blog.br\/wp\/wp-json\/wp\/v2\/types\/post"}],"author":[{"embeddable":true,"href":"https:\/\/www.fachodeluz.blog.br\/wp\/wp-json\/wp\/v2\/users\/2"}],"replies":[{"embeddable":true,"href":"https:\/\/www.fachodeluz.blog.br\/wp\/wp-json\/wp\/v2\/comments?post=24881"}],"version-history":[{"count":0,"href":"https:\/\/www.fachodeluz.blog.br\/wp\/wp-json\/wp\/v2\/posts\/24881\/revisions"}],"wp:attachment":[{"href":"https:\/\/www.fachodeluz.blog.br\/wp\/wp-json\/wp\/v2\/media?parent=24881"}],"wp:term":[{"taxonomy":"category","embeddable":true,"href":"https:\/\/www.fachodeluz.blog.br\/wp\/wp-json\/wp\/v2\/categories?post=24881"},{"taxonomy":"post_tag","embeddable":true,"href":"https:\/\/www.fachodeluz.blog.br\/wp\/wp-json\/wp\/v2\/tags?post=24881"}],"curies":[{"name":"wp","href":"https:\/\/api.w.org\/{rel}","templated":true}]}}