{"id":24933,"date":"2019-08-17T12:43:52","date_gmt":"2019-08-17T15:43:52","guid":{"rendered":"http:\/\/fachodeluz.blog.br\/wp\/?p=24933"},"modified":"2019-08-17T14:45:52","modified_gmt":"2019-08-17T17:45:52","slug":"viver-o-agora-esta-alem-de-transcender-o-tempo","status":"publish","type":"post","link":"https:\/\/www.fachodeluz.blog.br\/wp\/2019\/08\/17\/viver-o-agora-esta-alem-de-transcender-o-tempo\/","title":{"rendered":"VIVER O AGORA EST\u00c1 AL\u00c9M DE TRANSCENDER O TEMPO!"},"content":{"rendered":"<p style=\"text-align: center;\"><a href=\"https:\/\/i0.wp.com\/fachodeluz.blog.br\/wp\/wp-content\/uploads\/2019\/08\/AGORA-7A2.jpg\"><img data-recalc-dims=\"1\" loading=\"lazy\" decoding=\"async\" loading=\"lazy\" class=\"aligncenter size-full wp-image-24934\" src=\"https:\/\/i0.wp.com\/fachodeluz.blog.br\/wp\/wp-content\/uploads\/2019\/08\/AGORA-7A2.jpg?resize=522%2C348\" alt=\"\" width=\"522\" height=\"348\" srcset=\"https:\/\/i0.wp.com\/www.fachodeluz.blog.br\/wp\/wp-content\/uploads\/2019\/08\/AGORA-7A2.jpg?w=522&amp;ssl=1 522w, https:\/\/i0.wp.com\/www.fachodeluz.blog.br\/wp\/wp-content\/uploads\/2019\/08\/AGORA-7A2.jpg?resize=300%2C200&amp;ssl=1 300w\" sizes=\"auto, (max-width: 522px) 100vw, 522px\" \/><\/a><\/p>\n<h2 style=\"text-align: center;\">SOMENTE DEUS \u00c9 REALIDADE; SOMENTE O AGORA DIVINO SE MANIFESTA COMO UNIVERSO CONSUMADO! <strong><em>\u201cNELE VIVEMOS, NOS MOVEMOS E EXISTIMOS!&#8221;<\/em><\/strong><\/h2>\n<h2 style=\"text-align: center;\">O ensinamento absoluto \u00e9 a Verdade que nos liberta da CREN\u00c7A NO TEMPO, com suas limita\u00e7\u00f5es chamadas \u201cpassado\u201d, \u201cpresente\u201d e \u201cfuturo\u201d! \u00a0ENQUANTO N\u00c3O NOS LIBERTARMOS DA \u201cCREN\u00c7A NO TEMPO\u201d, N\u00c3O ENTENDEREMOS A IRREALIDADE DOS SUPOSTOS \u201cNASCIMENTOS E MORTES\u201d!<\/h2>\n<h2 style=\"text-align: center;\">A Verdade, quando vista e revelada entre as \u201cnuvens&#8221; da ILUS\u00c3O TEMPORAL, se mostra consumada, iluminada, onipresente e plena! <strong><em>Por isso \u00e9 identificada como DEUS SENDO TUDO!<\/em><\/strong><\/h2>\n<h2 style=\"text-align: center;\"><\/h2>\n<h2 style=\"text-align: center;\">Podemos imaginar a dificuldade encontrada por Mois\u00e9s, Krishna, Buda, Jesus e demais reveladores, para transmitir <strong><em>O QUE J\u00c1 \u00c9<\/em><\/strong> a uma humanidade piamente convicta de VIVER EM <strong><em>MUNDO DE MUTA\u00c7\u00d5ES CONT\u00cdNUAS!<\/em><\/strong><\/h2>\n<h2 style=\"text-align: center;\">Os livros b\u00edblicos, principalmente <em>Eclesiastes<\/em> e <em>Apocalipse,<\/em> nos afirmam que AS OBRAS DIVINAS EST\u00c3O CONSUMADAS, SEM QUE NADA POSSA DELAS POSSA SER TIRADO OU ACRESCENTADO! Nem assim a humanidade p\u00f4de SE LIVRAR DO ILUS\u00d3RIO \u201cMUNDO DOS FEN\u00d4MENOS\u201d, chamado de <em>ILUS\u00c3O,<\/em> <em>\u201cMUNDO DO PAI AS MENTIRA&#8221;, MIRAGEM, <\/em>E TANTAS OUTRAS DENOMINA\u00c7\u00d5ES! A ILUS\u00c3O DE \u201cTEMPO\u201d FOI MANTIDA, E, COM ELA, <em><strong>A CREN\u00c7A DE QUE \u201cN\u00c3O SOMOS SERES COMPLETOS E VIVOS DO REINO DE DEUS&#8221;<\/strong> <\/em>continua predominando, sem contar a quantidade de pessoas entendendo que VIVER O AGORA signifique VIVER O MOMENTO PRESENTE DESTE MUNDO HIPN\u00d3TICO!<\/h2>\n<h2><\/h2>\n<h2 style=\"text-align: center;\"><strong><em>A liberta\u00e7\u00e3o real deriva do VIVER O AGORA TRANSCENDENTE AO TEMPO!<\/em><\/strong> MAIS DO QUE ISTO! REQUER ACEITAR E RECONHECER QUE O AGORA \u00c9 TUDO, E QUE O TEMPO \u00c9 NADA! TUDO EST\u00c1 FEITO! PARA QU\u00ca EXISTIRIA \u201cTEMPO\u201d? PARA NADA! N\u00e3o passa de fruto ilus\u00f3rio da \u201cmente carnal\u201d, que, com ele , <em><strong>APARENTA<\/strong><\/em> <em><strong>OCULTAR O AGORA PLENO E PERMANENTE EM QUE VIVEMOS COMO DEUSES!<\/strong><\/em><\/h2>\n<h2 style=\"text-align: center;\">Sem este conhecimento absoluto, as doutrinas iluminadas sequer s\u00e3o entendidas, o que, em muitos casos, faz com que as revela\u00e7\u00f5es sejam rebaixadas a um n\u00edvel poss\u00edvel de serem entendidas pelo mundo. Seriam adequa\u00e7\u00e3o a supostos &#8220;graus de evolu\u00e7\u00e3o&#8221;? N\u00e3o, mas muitos foram os autores que cederam a esta arapuca da \u201cmente carnal\u201d. Aceitaram a dualidade <strong><em>REINO DE DEUS E MUNDO MATERIAL,<\/em> <\/strong>para, depois, <strong><em>se escravizarem ao err\u00f4neo &#8220;ju\u00edzo pelas apar\u00eancias\u201d!<\/em><\/strong><\/h2>\n<h2 style=\"text-align: center;\">JESUS N\u00c3O CEDEU A ESTA ILUS\u00c3O! REVELOU ESTARMOS TODOS COM ELE <strong><em>&#8220;DESDE O PRINC\u00cdPIO&#8221;,<\/em>\u00a0 SEMPRE NO &#8220;AGORA DE DEUS&#8221;,<\/strong>\u00a0 PERFEITOS E ILUMINADOS COM A LUZ DE DEUS, SEM JAMAIS TERMOS TIDO PAIS NA TERRA, QUE <em><strong>SABIA SER TOTALMENTE ILUS\u00d3RIA!<\/strong><\/em><\/h2>\n<h2 style=\"text-align: center;\">O FOCO do ensinamento absoluto parte de DEUS SENDO TUDO, do &#8220;AGORA&#8221; SENDO\u00a0 O &#8220;TUDO CONSUMADO&#8221;, COM TODOS N\u00d3S\u00a0 SENDO O CRISTO, FORMANDO ESTA REALIDADE ONIPRESENTE!<\/h2>\n<h2><\/h2>\n<h2 style=\"text-align: center;\"><em><strong> ESTA ACEITA\u00c7\u00c3O \u00c9 A VIDA PELA GRA\u00c7A E PELA VERDADE!<\/strong><\/em> ALHEIA \u00c0 <strong><em>ILUS\u00c3O DE TEMPO<\/em> <\/strong>E CONVICTA DE UNICAMENTE EXISTIR O <em><strong>\u201cAGORA&#8221;\u00a0<\/strong><\/em> EM QUE DEUS \u00c9 TUDO!\u00a0 <strong><em>UNIDADE PERFEITA, EM QUE O PAI,\u00a0 E CADA UM DE N\u00d3S, S\u00c3O UM! E O MESMO! <\/em><\/strong><\/h2>\n<h2 style=\"text-align: center;\"><strong><em>*<\/em><\/strong><\/h2>\n","protected":false},"excerpt":{"rendered":"<p>SOMENTE DEUS \u00c9 REALIDADE; SOMENTE O AGORA DIVINO SE MANIFESTA COMO UNIVERSO CONSUMADO! \u201cNELE VIVEMOS, NOS MOVEMOS E EXISTIMOS!&#8221; O ensinamento absoluto \u00e9 a Verdade que nos liberta da CREN\u00c7A NO TEMPO, com suas limita\u00e7\u00f5es chamadas \u201cpassado\u201d, \u201cpresente\u201d e \u201cfuturo\u201d! \u00a0ENQUANTO N\u00c3O NOS LIBERTARMOS DA \u201cCREN\u00c7A NO TEMPO\u201d, N\u00c3O ENTENDEREMOS A IRREALIDADE DOS SUPOSTOS \u201cNASCIMENTOS &hellip; <\/p>\n<p class=\"link-more\"><a href=\"https:\/\/www.fachodeluz.blog.br\/wp\/2019\/08\/17\/viver-o-agora-esta-alem-de-transcender-o-tempo\/\" class=\"more-link\">Leia mais<span class=\"screen-reader-text\"> &#8220;VIVER O AGORA EST\u00c1 AL\u00c9M DE TRANSCENDER O TEMPO!&#8221;<\/span><\/a><\/p>\n","protected":false},"author":2,"featured_media":0,"comment_status":"open","ping_status":"closed","sticky":false,"template":"","format":"standard","meta":{"nf_dc_page":"","_crdt_document":"","footnotes":""},"categories":[10],"tags":[],"class_list":["post-24933","post","type-post","status-publish","format-standard","hentry","category-darcio-dezolt"],"featured_media_urls":[],"_links":{"self":[{"href":"https:\/\/www.fachodeluz.blog.br\/wp\/wp-json\/wp\/v2\/posts\/24933","targetHints":{"allow":["GET"]}}],"collection":[{"href":"https:\/\/www.fachodeluz.blog.br\/wp\/wp-json\/wp\/v2\/posts"}],"about":[{"href":"https:\/\/www.fachodeluz.blog.br\/wp\/wp-json\/wp\/v2\/types\/post"}],"author":[{"embeddable":true,"href":"https:\/\/www.fachodeluz.blog.br\/wp\/wp-json\/wp\/v2\/users\/2"}],"replies":[{"embeddable":true,"href":"https:\/\/www.fachodeluz.blog.br\/wp\/wp-json\/wp\/v2\/comments?post=24933"}],"version-history":[{"count":0,"href":"https:\/\/www.fachodeluz.blog.br\/wp\/wp-json\/wp\/v2\/posts\/24933\/revisions"}],"wp:attachment":[{"href":"https:\/\/www.fachodeluz.blog.br\/wp\/wp-json\/wp\/v2\/media?parent=24933"}],"wp:term":[{"taxonomy":"category","embeddable":true,"href":"https:\/\/www.fachodeluz.blog.br\/wp\/wp-json\/wp\/v2\/categories?post=24933"},{"taxonomy":"post_tag","embeddable":true,"href":"https:\/\/www.fachodeluz.blog.br\/wp\/wp-json\/wp\/v2\/tags?post=24933"}],"curies":[{"name":"wp","href":"https:\/\/api.w.org\/{rel}","templated":true}]}}