{"id":25043,"date":"2019-09-08T10:18:49","date_gmt":"2019-09-08T13:18:49","guid":{"rendered":"http:\/\/fachodeluz.blog.br\/wp\/?p=25043"},"modified":"2019-09-08T10:25:51","modified_gmt":"2019-09-08T13:25:51","slug":"pensamentos-de-deus","status":"publish","type":"post","link":"https:\/\/www.fachodeluz.blog.br\/wp\/2019\/09\/08\/pensamentos-de-deus\/","title":{"rendered":"PENSAMENTOS DE DEUS"},"content":{"rendered":"<h2><a href=\"https:\/\/i0.wp.com\/fachodeluz.blog.br\/wp\/wp-content\/uploads\/2019\/09\/PENSAMENTOS-DE-DEUS-2.jpg\"><img data-recalc-dims=\"1\" loading=\"lazy\" decoding=\"async\" loading=\"lazy\" class=\"aligncenter size-full wp-image-25044\" src=\"https:\/\/i0.wp.com\/fachodeluz.blog.br\/wp\/wp-content\/uploads\/2019\/09\/PENSAMENTOS-DE-DEUS-2.jpg?resize=522%2C362\" alt=\"\" width=\"522\" height=\"362\" srcset=\"https:\/\/i0.wp.com\/www.fachodeluz.blog.br\/wp\/wp-content\/uploads\/2019\/09\/PENSAMENTOS-DE-DEUS-2.jpg?w=522&amp;ssl=1 522w, https:\/\/i0.wp.com\/www.fachodeluz.blog.br\/wp\/wp-content\/uploads\/2019\/09\/PENSAMENTOS-DE-DEUS-2.jpg?resize=300%2C208&amp;ssl=1 300w\" sizes=\"auto, (max-width: 522px) 100vw, 522px\" \/><\/a><\/h2>\n<h2 style=\"text-align: center;\"><span style=\"color: #333399;\">Todo o enredo de um sonho\u00a0aparenta\u00a0ter algum fundamento, enquanto se sabe que tudo aquilo\u00a0 desaparece pelo simples despertar daquele que dormia. Muitos estranham a revela\u00e7\u00e3o de Paulo, &#8220;temos a mente de Cristo&#8221;, por acharem ser a mente humana o que temos para discernir a vida, o mundo, o universo e o pr\u00f3prio ser que somos. Por que estudamos o Absoluto? <strong><em>Porque unicamente o Absoluto n\u00e3o \u00e9 sonho! S\u00f3 por isso! O resto, \u00e9 sonho!<\/em> <\/strong>Desaparece sob o raiar da Consci\u00eancia cr\u00edstica!<\/span><\/h2>\n<h2><\/h2>\n<h2 style=\"text-align: center;\"><span style=\"color: #333399;\">Em Isa\u00edas, 55: 9, encontramos:\u00a0<strong><em>&#8220;Assim como os c\u00e9us s\u00e3o mais altos do que a terra, tamb\u00e9m os pensamentos de Deus s\u00e3o mais elevados do que os nossos pensamentos&#8221;.<\/em><\/strong>\u00a0\u00a0O ap\u00f3stolo Paulo j\u00e1 foi mais absoluto, dizendo que &#8220;temos os pensamentos de Deus&#8221;. Saber que &#8220;temos os pensamentos de Deus&#8221; est\u00e1 em unidade com a percep\u00e7\u00e3o clara e absoluta de que unicamente Deus \u00e9 realidade e Se manifesta como a Vida que somos! Este conhecimento nos liberta dos &#8220;pensamentos humanos&#8221;, uma vez que s\u00e3o revelados como &#8220;menos elevados&#8221; do que os de Deus. Na verdade, n\u00e3o s\u00e3o realmente\u00a0 &#8220;menos elevados&#8221;, mas sim\u00a0pensamentos ilus\u00f3rios,\u00a0falsas cren\u00e7as coletivas que n\u00e3o resistem \u00e0 Verdade de que &#8220;os pensamentos de Deus&#8221; s\u00e3o os nossos.<\/span><\/h2>\n<h2 style=\"text-align: center;\"><strong><em><span style=\"color: #333399;\">J<\/span><\/em><\/strong><span style=\"color: #333399;\"><strong><em>amais lute com pensamentos &#8220;menos elevados&#8221;!<\/em> <\/strong>N\u00e3o s\u00e3o realidades! Aparecem agora, tentam tirar sua paz,\u00a0 por vezes at\u00e9 conseguem, por estar voc\u00ea\u00a0 aparentemente distra\u00eddo e sem reconhecer a real natureza de sua Mente e de seus pensamentos, mas, em seguida, se esvaem! N\u00e3o deixe que formem ninho! A todo momento, reconhe\u00e7a a Verdade, assuma &#8220;ter os pensamentos elevados de Deus&#8221;, e, decorrente deste cuidado contemplativo, voc\u00ea viver\u00e1 pela Gra\u00e7a, em unidade com a Verdade, livre da ilus\u00e3o.<\/span><\/h2>\n<h2 style=\"text-align: center;\">*<\/h2>\n","protected":false},"excerpt":{"rendered":"<p>Todo o enredo de um sonho\u00a0aparenta\u00a0ter algum fundamento, enquanto se sabe que tudo aquilo\u00a0 desaparece pelo simples despertar daquele que dormia. Muitos estranham a revela\u00e7\u00e3o de Paulo, &#8220;temos a mente de Cristo&#8221;, por acharem ser a mente humana o que temos para discernir a vida, o mundo, o universo e o pr\u00f3prio ser que somos. &hellip; <\/p>\n<p class=\"link-more\"><a href=\"https:\/\/www.fachodeluz.blog.br\/wp\/2019\/09\/08\/pensamentos-de-deus\/\" class=\"more-link\">Leia mais<span class=\"screen-reader-text\"> &#8220;PENSAMENTOS DE DEUS&#8221;<\/span><\/a><\/p>\n","protected":false},"author":2,"featured_media":0,"comment_status":"open","ping_status":"closed","sticky":false,"template":"","format":"standard","meta":{"nf_dc_page":"","_crdt_document":"","footnotes":""},"categories":[10],"tags":[],"class_list":["post-25043","post","type-post","status-publish","format-standard","hentry","category-darcio-dezolt"],"featured_media_urls":[],"_links":{"self":[{"href":"https:\/\/www.fachodeluz.blog.br\/wp\/wp-json\/wp\/v2\/posts\/25043","targetHints":{"allow":["GET"]}}],"collection":[{"href":"https:\/\/www.fachodeluz.blog.br\/wp\/wp-json\/wp\/v2\/posts"}],"about":[{"href":"https:\/\/www.fachodeluz.blog.br\/wp\/wp-json\/wp\/v2\/types\/post"}],"author":[{"embeddable":true,"href":"https:\/\/www.fachodeluz.blog.br\/wp\/wp-json\/wp\/v2\/users\/2"}],"replies":[{"embeddable":true,"href":"https:\/\/www.fachodeluz.blog.br\/wp\/wp-json\/wp\/v2\/comments?post=25043"}],"version-history":[{"count":0,"href":"https:\/\/www.fachodeluz.blog.br\/wp\/wp-json\/wp\/v2\/posts\/25043\/revisions"}],"wp:attachment":[{"href":"https:\/\/www.fachodeluz.blog.br\/wp\/wp-json\/wp\/v2\/media?parent=25043"}],"wp:term":[{"taxonomy":"category","embeddable":true,"href":"https:\/\/www.fachodeluz.blog.br\/wp\/wp-json\/wp\/v2\/categories?post=25043"},{"taxonomy":"post_tag","embeddable":true,"href":"https:\/\/www.fachodeluz.blog.br\/wp\/wp-json\/wp\/v2\/tags?post=25043"}],"curies":[{"name":"wp","href":"https:\/\/api.w.org\/{rel}","templated":true}]}}