{"id":25121,"date":"2019-09-22T12:37:50","date_gmt":"2019-09-22T15:37:50","guid":{"rendered":"http:\/\/fachodeluz.blog.br\/wp\/?p=25121"},"modified":"2019-09-22T12:53:04","modified_gmt":"2019-09-22T15:53:04","slug":"contemple-o-verbo-de-deus-emanado-como-voce-neste-exato-agora","status":"publish","type":"post","link":"https:\/\/www.fachodeluz.blog.br\/wp\/2019\/09\/22\/contemple-o-verbo-de-deus-emanado-como-voce-neste-exato-agora\/","title":{"rendered":"CONTEMPLE O &#8220;VERBO DE DEUS&#8221;  EMANADO COMO VOC\u00ca NESTE EXATO AGORA!"},"content":{"rendered":"<h2 style=\"text-align: center;\"><span style=\"color: #142d9c;\"><a style=\"color: #142d9c;\" href=\"https:\/\/i0.wp.com\/fachodeluz.blog.br\/wp\/wp-content\/uploads\/2019\/09\/JO%C3%83O-7A.jpg\"><img data-recalc-dims=\"1\" loading=\"lazy\" decoding=\"async\" loading=\"lazy\" class=\"aligncenter size-full wp-image-25124\" src=\"https:\/\/i0.wp.com\/fachodeluz.blog.br\/wp\/wp-content\/uploads\/2019\/09\/JO%C3%83O-7A.jpg?resize=522%2C522\" alt=\"\" width=\"522\" height=\"522\" srcset=\"https:\/\/i0.wp.com\/www.fachodeluz.blog.br\/wp\/wp-content\/uploads\/2019\/09\/JO%C3%83O-7A.jpg?w=522&amp;ssl=1 522w, https:\/\/i0.wp.com\/www.fachodeluz.blog.br\/wp\/wp-content\/uploads\/2019\/09\/JO%C3%83O-7A.jpg?resize=150%2C150&amp;ssl=1 150w, https:\/\/i0.wp.com\/www.fachodeluz.blog.br\/wp\/wp-content\/uploads\/2019\/09\/JO%C3%83O-7A.jpg?resize=300%2C300&amp;ssl=1 300w\" sizes=\"auto, (max-width: 522px) 100vw, 522px\" \/><\/a><\/span><\/h2>\n<h2 style=\"text-align: center;\"><span style=\"color: #142d9c;\">Deus \u00e9 TUDO, e, para Deus, \u201co tempo n\u00e3o existe\u201d! Desse modo, toda REVELA\u00c7\u00c3O DIVINA \u00e9 algo se dando neste exato AGORA, algo AGORA acontecendo. Quando nos \u00e9 dito que <em>\u201cas obras de Deus duram perpetuamente, e nada pode ser-lhes tirado nem acrescentado\u201d,<\/em> estas palavras endossam a Verdade da CONST\u00c2NCIA IMUT\u00c1VEL da Realidade divina, e revelam <em><strong>QUEM SOMOS<\/strong><\/em> como integrantes ESPIRITUAIS desta CONST\u00c2NCIA permanente!<\/span><\/h2>\n<h2><\/h2>\n<h2 style=\"text-align: center;\"><span style=\"color: #142d9c;\">Uma revela\u00e7\u00e3o vitalmente importante, e que nos diz respeito, requer ser percebida integralmente em nossas \u201ccontempla\u00e7\u00f5es absolutas\u201d. \u00c9 a revelada por Jo\u00e3o, no in\u00edcio de seu<em> \u201cEvangelho sem manjedoura\u201d, que assim diz:<\/em><\/span><\/h2>\n<h2 style=\"text-align: center;\"><span style=\"color: #142d9c;\"><strong><em>\u201cNo princ\u00edpio era o Verbo, e o Verbo estava com Deus, e o Verbo era Deus.<br \/>\nEle estava no princ\u00edpio com Deus. Todas as coisas foram feitas por ele, e sem ele nada do que foi feito se fez. Nele estava a vida, e a vida era a luz dos homens. E a luz resplandece nas trevas, e as trevas n\u00e3o a compreenderam\u201d<\/em><\/strong> (Jo\u00e3o 1: 1-5).<\/span><\/h2>\n<h2 style=\"text-align: center;\"><\/h2>\n<h2 style=\"text-align: center;\"><span style=\"color: #142d9c;\">Passemos estas palavras de Jo\u00e3o \u00e0 CONST\u00c2NCIA e ao AGORA IMUT\u00c1VEL, eliminando as coloca\u00e7\u00f5es temporais, apenas aceitas pela suposta \u201cmente humana\u201d. E assim teremos:<\/span><\/h2>\n<h2 style=\"text-align: center;\"><span style=\"color: #142d9c;\"><strong><em>\u201cNo AGORA \u00e9 o Verbo, e o Verbo est\u00e1 com Deus, e o Verbo \u00e9 Deus.<br \/>\nEle est\u00e1 AGORA com Deus. Todas as coisas S\u00c3O AGORA FEITAS por ele, e SEM ELE nada do que EST\u00c1 FEITO se faz. Nele est\u00e1 a vida, E A VIDA \u00c9 A LUZ DOS HOMENS. E a luz resplandece nas trevas, e AS TREVAS N\u00c3O A COMPREENDEM\u201d,<\/em><\/strong><\/span><\/h2>\n<h2 style=\"text-align: center;\"><span style=\"color: #142d9c;\"><em>\u00a0<\/em><\/span><\/h2>\n<h2 style=\"text-align: center;\"><span style=\"color: #142d9c;\">Leia com calma, algumas vezes, e <em><strong>ACHE VOC\u00ca<\/strong> <\/em>contido nestas palavras! O Evangelho \u00e9 a \u201cBOA NOVA\u201d SOBRE VOC\u00ca! <strong><em>\u00c9 A VERDADE QUE \u00c9 DEUS SENDO VOC\u00ca!<\/em><\/strong><\/span><\/h2>\n<h2 style=\"text-align: center;\"><\/h2>\n<h2 style=\"text-align: center;\"><span style=\"color: #142d9c;\">Observe que \u201cBoa Nova\u201d n\u00e3o \u00e9 express\u00e3o apropriada para \u201crevela\u00e7\u00f5es\u201d! <em><strong>TUDO SEMPRE \u00c9 CONST\u00c2NCIA ETERNA, sem novidades!<\/strong><\/em><\/span><\/h2>\n<h2 style=\"text-align: center;\"><span style=\"color: #142d9c;\">O UNIVERSO EM QUE ESTAMOS <strong><em>EST\u00c1 FEITO,<\/em> <\/strong>E ESTAMOS CONSTANTEMENTE VIVENDO NELE!<\/span><\/h2>\n<h2 style=\"text-align: center;\"><\/h2>\n<h2 style=\"text-align: center;\"><span style=\"color: #142d9c;\">\u201cO Verbo \u00e9 o que \u00c9, o Verbo \u00e9 Deus, o Verbo est\u00e1 AGORA com Deus, <strong><em>TUDO EST\u00c1 FEITO POR ELE. E, SEM ELE, NADA EST\u00c1 FEITO,<\/em> <\/strong>ou seja, podemos chamar de ILUS\u00c3O, MENTIRA OU NADA!<\/span><\/h2>\n<h2 style=\"text-align: center;\"><span style=\"color: #142d9c;\">A VIDA EST\u00c1 NO VERBO, <strong><em>E A VIDA \u00c9 A LUZ DOS HOMENS,<\/em> <\/strong>SUA LUZ, A MINHA LUZ E A LUZ DE TODOS!<\/span><\/h2>\n<h2 style=\"text-align: center;\"><span style=\"color: #142d9c;\"><strong><em>\u00a0<\/em><\/strong><\/span><\/h2>\n<h2 style=\"text-align: center;\"><span style=\"color: #142d9c;\"><strong><em>\u00a0\u201cA LUZ <\/em><\/strong>\u00a0<strong><em>RESPLANDECE NAS TREVAS\u201d,<\/em><\/strong> diz Jo\u00e3o. EM OUTRAS PALAVRAS, SUA LUZ \u00c9 A SUA VIDA, VIVA COMO \u201cVERBO DIVINO\u201d, EM <strong><em>PLENA RESPLANDEC\u00caNCIA<\/em><\/strong>, AQUI E AGORA.<\/span><\/h2>\n<h2 style=\"text-align: center;\"><\/h2>\n<h2 style=\"text-align: center;\"><span style=\"color: #142d9c;\"><strong><em>\u201cE AS TREVAS N\u00c3O A COMPREENDEM\u201d, <\/em><\/strong><em>por N\u00c3O SEREM \u201cVERBO\u201d, POR N\u00c3O SEREM LUZ, POR N\u00c3O \u201cSEREM FEITAS\u201d!<\/em><\/span><\/h2>\n<h2 style=\"text-align: center;\"><span style=\"color: #142d9c;\"><strong><em>\u00a0<\/em><\/strong><\/span><\/h2>\n<h2 style=\"text-align: center;\"><span style=\"color: #142d9c;\"><strong>Grave nitidamente o que \u00e9<em> SER LUZ <\/em>e o que \u00e9<em> \u201cSER O NADA DIANTE DA LUZ\u201d. <\/em><\/strong><\/span><\/h2>\n<h2 style=\"text-align: center;\"><span style=\"color: #142d9c;\"><strong><em>\u00a0<\/em><\/strong><\/span><\/h2>\n<h2 style=\"text-align: center;\"><span style=\"color: #142d9c;\"><strong>Suas \u201ccontempla\u00e7\u00f5es absolutas\u201d devem sempre partir da <em>CONST\u00c2NCIA<\/em> de sua PRESEN\u00c7A como <em>\u201cVERBO DE DEUS\u201d,<\/em> como <em>\u201cCORPO RESPLANDECENTE DE LUZ\u201d,<\/em> e como <em>\u201cLUZ INFINITA QUE DESCONHECE TREVAS\u201d! <\/em><\/strong><\/span><\/h2>\n<h2 style=\"text-align: center;\"><span style=\"color: #142d9c;\"><strong><em>\u00a0<\/em><\/strong><\/span><\/h2>\n<h2 style=\"text-align: center;\"><span style=\"color: #142d9c;\"><strong><em>*<\/em><\/strong><\/span><\/h2>\n<h2 style=\"text-align: center;\"><\/h2>\n<h2 style=\"text-align: center;\"><\/h2>\n<h2 style=\"text-align: center;\"><\/h2>\n","protected":false},"excerpt":{"rendered":"<p>Deus \u00e9 TUDO, e, para Deus, \u201co tempo n\u00e3o existe\u201d! Desse modo, toda REVELA\u00c7\u00c3O DIVINA \u00e9 algo se dando neste exato AGORA, algo AGORA acontecendo. Quando nos \u00e9 dito que \u201cas obras de Deus duram perpetuamente, e nada pode ser-lhes tirado nem acrescentado\u201d, estas palavras endossam a Verdade da CONST\u00c2NCIA IMUT\u00c1VEL da Realidade divina, e &hellip; <\/p>\n<p class=\"link-more\"><a href=\"https:\/\/www.fachodeluz.blog.br\/wp\/2019\/09\/22\/contemple-o-verbo-de-deus-emanado-como-voce-neste-exato-agora\/\" class=\"more-link\">Leia mais<span class=\"screen-reader-text\"> &#8220;CONTEMPLE O &#8220;VERBO DE DEUS&#8221;  EMANADO COMO VOC\u00ca NESTE EXATO AGORA!&#8221;<\/span><\/a><\/p>\n","protected":false},"author":2,"featured_media":0,"comment_status":"open","ping_status":"closed","sticky":false,"template":"","format":"standard","meta":{"nf_dc_page":"","_crdt_document":"","footnotes":""},"categories":[10,1],"tags":[],"class_list":["post-25121","post","type-post","status-publish","format-standard","hentry","category-darcio-dezolt","category-diversas"],"featured_media_urls":[],"_links":{"self":[{"href":"https:\/\/www.fachodeluz.blog.br\/wp\/wp-json\/wp\/v2\/posts\/25121","targetHints":{"allow":["GET"]}}],"collection":[{"href":"https:\/\/www.fachodeluz.blog.br\/wp\/wp-json\/wp\/v2\/posts"}],"about":[{"href":"https:\/\/www.fachodeluz.blog.br\/wp\/wp-json\/wp\/v2\/types\/post"}],"author":[{"embeddable":true,"href":"https:\/\/www.fachodeluz.blog.br\/wp\/wp-json\/wp\/v2\/users\/2"}],"replies":[{"embeddable":true,"href":"https:\/\/www.fachodeluz.blog.br\/wp\/wp-json\/wp\/v2\/comments?post=25121"}],"version-history":[{"count":0,"href":"https:\/\/www.fachodeluz.blog.br\/wp\/wp-json\/wp\/v2\/posts\/25121\/revisions"}],"wp:attachment":[{"href":"https:\/\/www.fachodeluz.blog.br\/wp\/wp-json\/wp\/v2\/media?parent=25121"}],"wp:term":[{"taxonomy":"category","embeddable":true,"href":"https:\/\/www.fachodeluz.blog.br\/wp\/wp-json\/wp\/v2\/categories?post=25121"},{"taxonomy":"post_tag","embeddable":true,"href":"https:\/\/www.fachodeluz.blog.br\/wp\/wp-json\/wp\/v2\/tags?post=25121"}],"curies":[{"name":"wp","href":"https:\/\/api.w.org\/{rel}","templated":true}]}}