{"id":25162,"date":"2019-10-01T12:45:25","date_gmt":"2019-10-01T15:45:25","guid":{"rendered":"http:\/\/fachodeluz.blog.br\/wp\/?p=25162"},"modified":"2019-10-01T12:45:25","modified_gmt":"2019-10-01T15:45:25","slug":"a-transcendente-luz-do-alto-que-voce-e","status":"publish","type":"post","link":"https:\/\/www.fachodeluz.blog.br\/wp\/2019\/10\/01\/a-transcendente-luz-do-alto-que-voce-e\/","title":{"rendered":"A TRANSCENDENTE \u201cLUZ DO ALTO\u201d QUE VOC\u00ca \u00c9!"},"content":{"rendered":"<p style=\"text-align: center;\"><span style=\"color: #800000;\"><a style=\"color: #800000;\" href=\"https:\/\/i0.wp.com\/fachodeluz.blog.br\/wp\/wp-content\/uploads\/2019\/10\/LUZ-27-A2.jpg\"><img data-recalc-dims=\"1\" loading=\"lazy\" decoding=\"async\" loading=\"lazy\" class=\"aligncenter size-full wp-image-25163\" src=\"https:\/\/i0.wp.com\/fachodeluz.blog.br\/wp\/wp-content\/uploads\/2019\/10\/LUZ-27-A2.jpg?resize=522%2C229\" alt=\"\" width=\"522\" height=\"229\" srcset=\"https:\/\/i0.wp.com\/www.fachodeluz.blog.br\/wp\/wp-content\/uploads\/2019\/10\/LUZ-27-A2.jpg?w=522&amp;ssl=1 522w, https:\/\/i0.wp.com\/www.fachodeluz.blog.br\/wp\/wp-content\/uploads\/2019\/10\/LUZ-27-A2.jpg?resize=300%2C132&amp;ssl=1 300w\" sizes=\"auto, (max-width: 522px) 100vw, 522px\" \/><\/a><\/span><\/p>\n<h3 style=\"text-align: center;\"><span style=\"color: #800000;\"><em>\u201cV\u00f3s sois a luz do mundo. Uma cidade edificada sobre um monte n\u00e3o pode ser escondida. Igualmente n\u00e3o se acende uma candeia para coloc\u00e1-la debaixo de um cesto. Ao contr\u00e1rio, coloca-se no velador e, assim, ilumina a todos os que est\u00e3o na casa. Assim deixai a vossa luz resplandecer diante dos homens, para que vejam as vossas boas obras e glorifiquem o vosso Pai que est\u00e1 nos c\u00e9us. A Lei se cumpre em Cristo&#8221;.<\/em><\/span><\/h3>\n<h4 style=\"text-align: center;\"><span style=\"color: #800000;\">MATEUS 5: 15-16<\/span><\/h4>\n<p>&nbsp;<\/p>\n<h2 style=\"text-align: center;\"><span style=\"color: #800000;\">Para ser feita a proje\u00e7\u00e3o de um filme no cinema, duas coisas s\u00e3o fundamentais: a tela e a escurid\u00e3o local. Igualmente se d\u00e1 com o suposto \u201cmundo fenom\u00eanico\u201d, que \u00e9 uma \u201cproje\u00e7\u00e3o\u201d sem VIDA e sem LUZ DE DEUS, <strong><em>enquanto o Universo inteiro resplandece em sua LUZ DIVINA ABSOLUTA, em que INEXISTEM TREVAS.<\/em><\/strong><\/span><\/h2>\n<h2><\/h2>\n<h2 style=\"text-align: center;\"><span style=\"color: #800000;\"><em><strong>\u201cV\u00f3s sois a luz do mundo\u201d,<\/strong><\/em> disse Jesus. Poucos se detiveram como deveriam nesta iluminada revela\u00e7\u00e3o! Ela simplesmente NEGA a \u201cmortalidade\u201d e a mentira de que somos \u201ccarnais\u201d, para nos chamar a aten\u00e7\u00e3o para a Verdade que somos, como FILHOS ILUMINADOS DE DEUS!<\/span><\/h2>\n<h2 style=\"text-align: center;\"><span style=\"color: #800000;\">A LUZ QUE SOMOS transcende os supostos \u201csentidos humanos\u201d, que acreditam em \u201cluz e trevas\u201d! Transcendente a esta ILUS\u00c3O, resplandece a LUZ INFINITA, ONIPRESENTE, brilhando aqui e agora como \u201cUNIDADE DIVINA PERFEITA\u201d.<\/span><\/h2>\n<h2 style=\"text-align: center;\"><span style=\"color: #800000;\">\u201cSer LUZ DO MUNDO\u201d \u00e9 a condi\u00e7\u00e3o presente e absoluta de cada FILHO DE DEUS, que \u00e9 Deus se evidenciando\u00a0 como o CRISTO QUE SOMOS! N\u00e3o se trata de \u201cmeta a ser atingida\u201d, mas sim, de VERDADE UNIVERSAL CONSUMADA, jamais percebida pela \u201cmente carnal\u201d, mas que J\u00c1 EST\u00c1 MANIFESTADA COMO TUDO E TODOS QUE REALMENTE S\u00c3O EXIST\u00caNCIAS!<\/span><\/h2>\n<h2 style=\"text-align: center;\"><span style=\"color: #800000;\">N\u00e3o h\u00e1 realidade nenhuma em \u201cluzes e trevas\u201d do irreal mundo ilus\u00f3rio! A REALIDADE \u00c9 DEUS SE EXPRESSANDO COMO LUZ ONIPRESENTE! Por isso, assim disse Jesus: <em>\u201cDeixai a vossa luz resplandecer diante dos homens, para que vejam as vossas boas obras e glorifiquem o vosso Pai que est\u00e1 nos c\u00e9us. A Lei se cumpre em Cristo\u201d.<\/em><\/span><\/h2>\n<h2 style=\"text-align: center;\"><span style=\"color: #800000;\">Um \u201chipnotismo de massa\u201d aparenta esconder a LUZ QUE SOMOS, e, com isto, ilude a maioria a crer \u201cser algu\u00e9m de um mundo de apar\u00eancias\u201d. Al\u00e9m disso, cega esta maioria, para que sequer perceba<em><strong> \u201cser v\u00edtima de uma ilus\u00e3o coletiva\u201d.<\/strong> <\/em>Assim, a LUZ que todos j\u00e1 est\u00e3o sendo sequer \u00e9 levada em conta para ser reconhecida em seu transcendente patamar, enquanto a humanidade acha tempo para tudo, menos para SE VER ESTANDO COM LUZ PR\u00d3PRIA J\u00c1 NO ALTO!<\/span><\/h2>\n<h2 style=\"text-align: center;\"><span style=\"color: #800000;\"><em>\u201cN\u00e3o se acende uma candeia para coloc\u00e1-la debaixo de um cesto. Ao contr\u00e1rio, coloca-se no velador e, assim, ilumina a todos os que est\u00e3o na casa\u201d.<\/em><\/span><\/h2>\n<h2 style=\"text-align: center;\"><span style=\"color: #800000;\">Acharemos com facilidade aqueles que \u201cacham oito horas para dormir\u201d, para \u201cestar em viagens terrenas\u201d, para assistir filmes, v\u00eddeos, notici\u00e1rios ou novelas; por\u00e9m, dificilmente acharemos algu\u00e9m se dedicando tantas horas para \u201ctrocar de referencial\u201d e NEGAR-SE A SI MESMO como \u201ccarnal iludido\u201d para se perceberem SENDO A LUZ DE DEUS QUE REALMENTE \u00c9. <\/span><\/h2>\n<h2 style=\"text-align: center;\"><span style=\"color: #800000;\">A estes, disse Jesus, <strong><em>\u201cCOLOCAM A CANDEIA ACESA DEBAIXO DE UM CESTO\u201d!<\/em><\/strong><\/span><\/h2>\n<h2><\/h2>\n<h2 style=\"text-align: center;\"><span style=\"color: #800000;\">Medite e COLOQUE SUA CANDEIA ACESA NAS <em><strong>ALTITUDES<\/strong> <\/em>EM QUE ELA SEMPRE EST\u00c1! NO CRISTO, <strong><em>QUE \u00c9 DEUS SENDO VOC\u00ca!<\/em><\/strong><\/span><\/h2>\n<h2 style=\"text-align: center;\"><span style=\"color: #800000;\"><strong><em>\u201cA Lei se cumpre em Cristo\u201d,<\/em> <\/strong>disse Jesus, e nunca em supostos \u201ccarnais\u201d do \u201cmundo do pai da mentira\u201d! <\/span><\/h2>\n<h2 style=\"text-align: center;\"><span style=\"color: #800000;\">SEJA A LUZ QUE VOC\u00ca J\u00c1 \u00c9, RECONHECENDO-A EM TODOS OS SEUS CAMINHOS, RESPLANDECENDO ACIMA DAS CREN\u00c7AS DE LUZ E TREVA, \u00a0E BRILHANDO ININTERRUPTAMENTE, <strong><em>TRANSCENDENTE A TODAS AS \u201cAPAR\u00caNCIAS\u201d DO MUNDO!<\/em><\/strong><\/span><\/h2>\n<h2 style=\"text-align: center;\"><span style=\"color: #800000;\"><strong><em>*<\/em><\/strong><\/span><\/h2>\n","protected":false},"excerpt":{"rendered":"<p>\u201cV\u00f3s sois a luz do mundo. Uma cidade edificada sobre um monte n\u00e3o pode ser escondida. Igualmente n\u00e3o se acende uma candeia para coloc\u00e1-la debaixo de um cesto. Ao contr\u00e1rio, coloca-se no velador e, assim, ilumina a todos os que est\u00e3o na casa. Assim deixai a vossa luz resplandecer diante dos homens, para que vejam &hellip; <\/p>\n<p class=\"link-more\"><a href=\"https:\/\/www.fachodeluz.blog.br\/wp\/2019\/10\/01\/a-transcendente-luz-do-alto-que-voce-e\/\" class=\"more-link\">Leia mais<span class=\"screen-reader-text\"> &#8220;A TRANSCENDENTE \u201cLUZ DO ALTO\u201d QUE VOC\u00ca \u00c9!&#8221;<\/span><\/a><\/p>\n","protected":false},"author":2,"featured_media":0,"comment_status":"open","ping_status":"closed","sticky":false,"template":"","format":"standard","meta":{"nf_dc_page":"","_crdt_document":"","footnotes":""},"categories":[10],"tags":[],"class_list":["post-25162","post","type-post","status-publish","format-standard","hentry","category-darcio-dezolt"],"featured_media_urls":[],"_links":{"self":[{"href":"https:\/\/www.fachodeluz.blog.br\/wp\/wp-json\/wp\/v2\/posts\/25162","targetHints":{"allow":["GET"]}}],"collection":[{"href":"https:\/\/www.fachodeluz.blog.br\/wp\/wp-json\/wp\/v2\/posts"}],"about":[{"href":"https:\/\/www.fachodeluz.blog.br\/wp\/wp-json\/wp\/v2\/types\/post"}],"author":[{"embeddable":true,"href":"https:\/\/www.fachodeluz.blog.br\/wp\/wp-json\/wp\/v2\/users\/2"}],"replies":[{"embeddable":true,"href":"https:\/\/www.fachodeluz.blog.br\/wp\/wp-json\/wp\/v2\/comments?post=25162"}],"version-history":[{"count":0,"href":"https:\/\/www.fachodeluz.blog.br\/wp\/wp-json\/wp\/v2\/posts\/25162\/revisions"}],"wp:attachment":[{"href":"https:\/\/www.fachodeluz.blog.br\/wp\/wp-json\/wp\/v2\/media?parent=25162"}],"wp:term":[{"taxonomy":"category","embeddable":true,"href":"https:\/\/www.fachodeluz.blog.br\/wp\/wp-json\/wp\/v2\/categories?post=25162"},{"taxonomy":"post_tag","embeddable":true,"href":"https:\/\/www.fachodeluz.blog.br\/wp\/wp-json\/wp\/v2\/tags?post=25162"}],"curies":[{"name":"wp","href":"https:\/\/api.w.org\/{rel}","templated":true}]}}