{"id":25267,"date":"2019-10-21T12:31:27","date_gmt":"2019-10-21T15:31:27","guid":{"rendered":"http:\/\/fachodeluz.blog.br\/wp\/?p=25267"},"modified":"2019-10-21T12:47:14","modified_gmt":"2019-10-21T15:47:14","slug":"vivendo-com-as-escrituras-e-o-poder-de-deus","status":"publish","type":"post","link":"https:\/\/www.fachodeluz.blog.br\/wp\/2019\/10\/21\/vivendo-com-as-escrituras-e-o-poder-de-deus\/","title":{"rendered":"VIVENDO COM AS ESCRITURAS E COM O PODER DE DEUS!"},"content":{"rendered":"<h2><span style=\"color: #000000;\"><a style=\"color: #000000;\" href=\"https:\/\/i0.wp.com\/fachodeluz.blog.br\/wp\/wp-content\/uploads\/2019\/10\/ESCRITURAS-1.jpg\"><img data-recalc-dims=\"1\" loading=\"lazy\" decoding=\"async\" loading=\"lazy\" class=\"aligncenter size-full wp-image-25268\" src=\"https:\/\/i0.wp.com\/fachodeluz.blog.br\/wp\/wp-content\/uploads\/2019\/10\/ESCRITURAS-1.jpg?resize=522%2C392\" alt=\"\" width=\"522\" height=\"392\" srcset=\"https:\/\/i0.wp.com\/www.fachodeluz.blog.br\/wp\/wp-content\/uploads\/2019\/10\/ESCRITURAS-1.jpg?w=522&amp;ssl=1 522w, https:\/\/i0.wp.com\/www.fachodeluz.blog.br\/wp\/wp-content\/uploads\/2019\/10\/ESCRITURAS-1.jpg?resize=300%2C225&amp;ssl=1 300w\" sizes=\"auto, (max-width: 522px) 100vw, 522px\" \/><\/a><\/span><\/h2>\n<h2 style=\"text-align: center;\"><span style=\"color: #000000;\">Assim como os esportistas contam com seus t\u00e9cnicos, para lhes dirigirem <\/span><span style=\"color: #000000;\">as a\u00e7\u00f5es ou formas de se comportar, a fim de obterem os melhores resultados, de igual modo contamos com as revela\u00e7\u00f5es absolutas, sempre a nos instru\u00edrem quanto \u00e0 melhor forma de lidarmos com as <strong><em>aparentes<\/em><\/strong> diversidades da vida.<\/span><\/h2>\n<h2><\/h2>\n<h2 style=\"text-align: center;\"><span style=\"color: #000000;\">No estudo da Verdade, temos por \u201coponentes\u201d unicamente <strong><em>cren\u00e7as mentirosas,<\/em><\/strong> que buscam nos reter a aten\u00e7\u00e3o para que acreditemos em suas <strong><em>falsas alega\u00e7\u00f5es, <\/em><\/strong>sempre &#8220;vindas&#8221; em forma de \u201cimagens hipn\u00f3ticas\u201d. Para n\u00e3o sermos surpreendidos nem iludidos, precisamos nos dedicar ao conhecimento radical das revela\u00e7\u00f5es absolutas, bem como\u00a0 reconhecer a <strong><em>Onipresen\u00e7a onipotente de Deus,<\/em><\/strong> sempre\u00a0 estando ativa como o Cristo que somos. <\/span><\/h2>\n<h2><\/h2>\n<h2 style=\"text-align: center;\"><span style=\"color: #000000;\"><strong><em>\u201cErrais por desconhecerdes as Escrituras e o Poder de Deus\u201d,<\/em> <\/strong>disse Jesus! Desse modo, sintetizou o mais importante, dentre tudo aquilo que nos instruiu a fazer!<\/span><\/h2>\n<h2><\/h2>\n<h2 style=\"text-align: center;\"><span style=\"color: #000000;\">Ningu\u00e9m deve se acomodar \u00e0s \u201caparentes fases boas da vida\u201d, de modo a relaxar e mesmo abandonar a &#8220;pr\u00e1tica da Verdade&#8221;. Pelo contr\u00e1rio, mais e mais deve conhecer as instru\u00e7\u00f5es para aplic\u00e1-las e vivenci\u00e1-las na suposta &#8220;vida pr\u00e1tica&#8221;. <\/span><\/h2>\n<h2 style=\"text-align: center;\"><span style=\"color: #000000;\">\u00c9 comum o erro decorrente da liberdade dada ao suposto \u201chomem natural\u201d, quando este, se achando \u201cautor\u201d do aparente \u201cbem fenom\u00eanico\u201d, faz com que A\u00c7\u00c3O REAL de cada um seja \u201cesquecida\u201d, em vez de ser cada vez mais reconhecida! E ent\u00e3o, A VERDADE FICA\u00a0<\/span><\/h2>\n<h2 style=\"text-align: center;\"><span style=\"color: #000000;\"> RELEGADA A SEGUNDO PLANO, bem como fica <em>aparentemente<\/em> esquecido o que dizia Jesus: <\/span><\/h2>\n<h2 style=\"text-align: center;\"><span style=\"color: #000000;\"><strong><em>\u201cDe mim mesmo, nada sou e nada fa\u00e7o; O PAI EM MIM FAZ AS OBRAS\u201d.<\/em><\/strong><\/span><\/h2>\n<h2><\/h2>\n<h2 style=\"text-align: center;\"><span style=\"color: #000000;\">Numa luta de boxe, o pugilista estava seguindo as orienta\u00e7\u00f5es de seu t\u00e9cnico, e de repente viu-se em superioridade na luta; e ent\u00e3o, se entusiasmou precipitadamente em dar continuidade \u00e0 luta <strong><em>SEM OUVIR O SEU T\u00c9CNICO,<\/em><\/strong> que lhe gritava e orientava para <em><strong>conter aquele perigoso entusiasmo.<\/strong><\/em> Continuou avan\u00e7ando cegamente em dire\u00e7\u00e3o ao advers\u00e1rio, foi surpreendido por violento golpe dado por ele, e acabou indo ao ch\u00e3o, nocauteado! <\/span><\/h2>\n<h2 style=\"text-align: center;\"><span style=\"color: #000000;\">O mesmo ocorre com muitos que saem de dificuldades gra\u00e7as \u00e0 pr\u00e1tica dos princ\u00edpios espirituais, mas logo se sentem <em><strong>vitoriosos de si mesmos,<\/strong><\/em> &#8220;abrindo a guarda&#8221; para serem surpreendidos pelas \u201capar\u00eancias\u201d, que, para eles, <strong><em>\u201cvoltaram a ser realidades&#8221;!<\/em><\/strong><\/span><\/h2>\n<h2><\/h2>\n<h2 style=\"text-align: center;\"><span style=\"color: #000000;\"><strong><em>DEUS \u00c9 TUDO, E A TOTALIDADE DE DEUS SE EVIDENCIA COMO O CRISTO QUE SOMOS!<\/em> <\/strong><\/span><\/h2>\n<h2 style=\"text-align: center;\"><span style=\"color: #000000;\">Jamais se descuide, deixando de RECONHECER E CONTEMPLAR esta Verdade! Tendo isso em PLENA CONSCI\u00caNCIA, estar\u00e1 voc\u00ea, como disse Jesus, VIVENDO SEM ERRAR, por estar <strong><em>CONHECENDO AS ESCRITURAS E RECONHECENDO O PODER DE DEUS!<\/em> <\/strong><\/span><\/h2>\n<h2 style=\"text-align: center;\"><span style=\"color: #000000;\">Esta viv\u00eancia iluminada deve <strong><em>prevalecer em sua experi\u00eancia,<\/em><\/strong> seja em suas \u201ccontempla\u00e7\u00f5es absolutas\u201d, seja em sua aparente \u201cviv\u00eancia\u201d na \u201csombra fenom\u00eanica\u201d! <\/span><\/h2>\n<h2 style=\"text-align: center;\"><span style=\"color: #000000;\">UNICAMENTE DEUS \u00c9 REALIDADE, E UNICAMENTE O \u201cEU ABSOLUTO\u201d \u00c9 O \u201cEU QUE VOC\u00ca \u00c9\u201d! \u00a0 <\/span><\/h2>\n<h2 style=\"text-align: center;\"><span style=\"color: #000000;\"><em><strong>JAMAIS SE DESVIE DESTA VERDADE!<\/strong><\/em><\/span><\/h2>\n<h2 style=\"text-align: center;\"><span style=\"color: #000000;\">*<\/span><\/h2>\n","protected":false},"excerpt":{"rendered":"<p>Assim como os esportistas contam com seus t\u00e9cnicos, para lhes dirigirem as a\u00e7\u00f5es ou formas de se comportar, a fim de obterem os melhores resultados, de igual modo contamos com as revela\u00e7\u00f5es absolutas, sempre a nos instru\u00edrem quanto \u00e0 melhor forma de lidarmos com as aparentes diversidades da vida. No estudo da Verdade, temos por &hellip; <\/p>\n<p class=\"link-more\"><a href=\"https:\/\/www.fachodeluz.blog.br\/wp\/2019\/10\/21\/vivendo-com-as-escrituras-e-o-poder-de-deus\/\" class=\"more-link\">Leia mais<span class=\"screen-reader-text\"> &#8220;VIVENDO COM AS ESCRITURAS E COM O PODER DE DEUS!&#8221;<\/span><\/a><\/p>\n","protected":false},"author":2,"featured_media":0,"comment_status":"open","ping_status":"closed","sticky":false,"template":"","format":"standard","meta":{"nf_dc_page":"","_crdt_document":"","footnotes":""},"categories":[10],"tags":[],"class_list":["post-25267","post","type-post","status-publish","format-standard","hentry","category-darcio-dezolt"],"featured_media_urls":[],"_links":{"self":[{"href":"https:\/\/www.fachodeluz.blog.br\/wp\/wp-json\/wp\/v2\/posts\/25267","targetHints":{"allow":["GET"]}}],"collection":[{"href":"https:\/\/www.fachodeluz.blog.br\/wp\/wp-json\/wp\/v2\/posts"}],"about":[{"href":"https:\/\/www.fachodeluz.blog.br\/wp\/wp-json\/wp\/v2\/types\/post"}],"author":[{"embeddable":true,"href":"https:\/\/www.fachodeluz.blog.br\/wp\/wp-json\/wp\/v2\/users\/2"}],"replies":[{"embeddable":true,"href":"https:\/\/www.fachodeluz.blog.br\/wp\/wp-json\/wp\/v2\/comments?post=25267"}],"version-history":[{"count":0,"href":"https:\/\/www.fachodeluz.blog.br\/wp\/wp-json\/wp\/v2\/posts\/25267\/revisions"}],"wp:attachment":[{"href":"https:\/\/www.fachodeluz.blog.br\/wp\/wp-json\/wp\/v2\/media?parent=25267"}],"wp:term":[{"taxonomy":"category","embeddable":true,"href":"https:\/\/www.fachodeluz.blog.br\/wp\/wp-json\/wp\/v2\/categories?post=25267"},{"taxonomy":"post_tag","embeddable":true,"href":"https:\/\/www.fachodeluz.blog.br\/wp\/wp-json\/wp\/v2\/tags?post=25267"}],"curies":[{"name":"wp","href":"https:\/\/api.w.org\/{rel}","templated":true}]}}