{"id":25299,"date":"2019-10-28T12:09:53","date_gmt":"2019-10-28T15:09:53","guid":{"rendered":"http:\/\/fachodeluz.blog.br\/wp\/?p=25299"},"modified":"2019-10-28T12:23:42","modified_gmt":"2019-10-28T15:23:42","slug":"receba-a-verdade-como-unidade-perfeita","status":"publish","type":"post","link":"https:\/\/www.fachodeluz.blog.br\/wp\/2019\/10\/28\/receba-a-verdade-como-unidade-perfeita\/","title":{"rendered":"RECEBA A VERDADE COMO &#8220;UNIDADE PERFEITA!&#8221;"},"content":{"rendered":"<h2 style=\"text-align: center;\"><span style=\"color: #000000;\"><a style=\"color: #000000;\" href=\"https:\/\/i0.wp.com\/fachodeluz.blog.br\/wp\/wp-content\/uploads\/2019\/10\/jesus-and-the-500-2.jpg\"><img data-recalc-dims=\"1\" loading=\"lazy\" decoding=\"async\" loading=\"lazy\" class=\"aligncenter size-full wp-image-25300\" src=\"https:\/\/i0.wp.com\/fachodeluz.blog.br\/wp\/wp-content\/uploads\/2019\/10\/jesus-and-the-500-2.jpg?resize=522%2C332\" alt=\"\" width=\"522\" height=\"332\" srcset=\"https:\/\/i0.wp.com\/www.fachodeluz.blog.br\/wp\/wp-content\/uploads\/2019\/10\/jesus-and-the-500-2.jpg?w=522&amp;ssl=1 522w, https:\/\/i0.wp.com\/www.fachodeluz.blog.br\/wp\/wp-content\/uploads\/2019\/10\/jesus-and-the-500-2.jpg?resize=300%2C191&amp;ssl=1 300w\" sizes=\"auto, (max-width: 522px) 100vw, 522px\" \/><\/a><\/span><\/h2>\n<h2 style=\"text-align: center;\"><span style=\"color: #000000;\"><em>&#8220;Na verdade, na verdade vos digo: Se algu\u00e9m receber o que eu enviar, me recebe a mim, e quem me recebe a mim, recebe aquele que me enviou&#8221;.<\/em><\/span><\/h2>\n<h2 style=\"text-align: center;\"><span style=\"color: #000000;\">Jo\u00e3o 13: 20<\/span><br \/>\n<span style=\"color: #000000;\">Assim como Jesus encarava a Verdade divina como UNIDADE PERFEITA , igualmente devemos faz\u00ea-lo todos n\u00f3s, para que O DEUS QUE \u00c9 TUDO esteja sempre em pauta e reconhecido como o EU que todos somos. <\/span><\/h2>\n<h2 style=\"text-align: center;\"><span style=\"color: #000000;\">Por esse motivo, assim disse Jesus:<strong><em> \u201cSe algu\u00e9m receber o que eu enviar, me recebe a mim, e quem me recebe a mim, recebe aquele que me enviou\u201d.<\/em><\/strong><\/span><\/h2>\n<h2 style=\"text-align: center;\"><span style=\"color: #000000;\">Sempre a Verdade nos chega como UNIDADE PERFEITA, e n\u00e3o como \u201cmestres\u201d ou \u201cpessoas\u201d. E isto para ser recebida e percebida, como disse Jesus, <em><strong>EM MIM,<\/strong><\/em> naquele a quem ela foi anunciada! Este conhecimento, se tivesse sido assim difundido <strong><em>IMPERSONALIZADO,<\/em> <\/strong>teria evitado que tantos tivessem se arvorado em \u201ccultuar mensageiros\u201d, visitar supostos &#8220;mestres iluminados&#8221;, enfim, evitado que muitos se desviassem da VERDADE EM SI PR\u00d3PRIOS para busc\u00e1-la <strong><em>\u201cfora de si mesmos\u201d!<\/em><\/strong><\/span><\/h2>\n<h2 style=\"text-align: center;\"><\/h2>\n<h2 style=\"text-align: center;\"><span style=\"color: #000000;\"><strong><em>\u201cSe algu\u00e9m receber o que eu enviar, me recebe a mim, e quem me recebe a mim, recebe aquele que me enviou\u201d.<\/em><\/strong> Este \u00e9 o PRINC\u00cdPIO ABSOLUTO a ser lembrado tamb\u00e9m em cada \u201cMensagem da Verdade&#8221; lida e em cada \u201ccontempla\u00e7\u00e3o absoluta\u201d que for feita! Por qu\u00ea? Por n\u00e3o haver um \u201cEu\u201d sendo Buda ou sendo Jesus, e\u00a0 n\u00e3o haver outro &#8220;Eu&#8221; sendo VOC\u00ca! H\u00e1 unicamente um \u201cEU \u00daNICO\u201d, sendo TODOS, e sendo VOC\u00ca! <\/span><\/h2>\n<h2 style=\"text-align: center;\"><span style=\"color: #000000;\">A cren\u00e7a em &#8220;mais de um\u201d precisa ser abolida de modo radical e contundente, para que POSSAMOS PERMANECER <strong><em>\u201cEM MIM\u201d,<\/em><\/strong> NO <strong><em>\u201cEU SOU ABSOLUTO\u201d,<\/em><\/strong> NA GLORIOSA VERDADE DA <em><strong>\u201cUNIDADE PERFEITA\u201d!<\/strong><\/em><\/span><\/h2>\n<h2 style=\"text-align: center;\"><\/h2>\n<h2 style=\"text-align: center;\"><span style=\"color: #000000;\">Por esta Verdade n\u00e3o vir sendo praticada, \u00e9 que o mundo sempre tem se mostrado ludibriado pelos falsos profetas! Jesus sempre foi claro a esse respeito, dizendo: <strong><em>\u201cA tua f\u00e9 te salvou\u201d,<\/em> <\/strong>querendo dizer que \u201cestar fisicamente perto ou longe dele&#8221;, S\u00d3 TERIA algum VALOR, SE A F\u00c9 AUMENTASSE EM VISTA DISSO! <\/span><\/h2>\n<h2><\/h2>\n<h2 style=\"text-align: center;\"><span style=\"color: #000000;\">Aos disc\u00edpulos, assim disse: <strong><em>\u201cPermanecei na cidade at\u00e9 serdes revestidos do Poder vindo do Alto\u201d!<\/em><\/strong><\/span><\/h2>\n<h2 style=\"text-align: center;\"><span style=\"color: #000000;\">Deus sempre esteve sendo TUDO, uma Unidade Perfeita Se evidenciando universalmente! Portanto, o FOCO desta percep\u00e7\u00e3o est\u00e1 em \u201caceitarmos A PRESEN\u00c7A DIVINA<strong><em> \u201cEM MIM\u201d,<\/em> <\/strong>sem quaisquer desvios ou d\u00favidas!\u00a0 O ap\u00f3stolo Paulo p\u00f4de comprovar a efic\u00e1cia deste procedimento praticado por ele, com extrema dedica\u00e7\u00e3o e assiduidade! Atrav\u00e9s dele, p\u00f4de assim \u00a0declarar: <strong><em>\u201cN\u00e3o sou mais eu; o CRISTO vive EM MIM!\u201d.<\/em><\/strong><\/span><\/h2>\n<h2 style=\"text-align: center;\"><\/h2>\n<h2 style=\"text-align: center;\"><span style=\"color: #000000;\">O ensinamento absoluto parte da Verdade eterna de que DEUS \u00c9 TUDO, inclusive \u00e9 o CRISTO que eternamente somos! E salienta a Verdade dita por Jesus: <\/span><\/h2>\n<h2 style=\"text-align: center;\"><span style=\"color: #000000;\"><em><strong>\u201cAQUELE QUE PERMANECER EM MIM, CONHECER\u00c1 A VERDADE, E A VERDADE O TORNAR\u00c1 LIVRE\u201d.\u00a0<\/strong><\/em><\/span><\/h2>\n<h2 style=\"text-align: center;\"><\/h2>\n<h2 style=\"text-align: center;\"><span style=\"color: #000000;\">*<\/span><\/h2>\n","protected":false},"excerpt":{"rendered":"<p>&#8220;Na verdade, na verdade vos digo: Se algu\u00e9m receber o que eu enviar, me recebe a mim, e quem me recebe a mim, recebe aquele que me enviou&#8221;. Jo\u00e3o 13: 20 Assim como Jesus encarava a Verdade divina como UNIDADE PERFEITA , igualmente devemos faz\u00ea-lo todos n\u00f3s, para que O DEUS QUE \u00c9 TUDO esteja &hellip; <\/p>\n<p class=\"link-more\"><a href=\"https:\/\/www.fachodeluz.blog.br\/wp\/2019\/10\/28\/receba-a-verdade-como-unidade-perfeita\/\" class=\"more-link\">Leia mais<span class=\"screen-reader-text\"> &#8220;RECEBA A VERDADE COMO &#8220;UNIDADE PERFEITA!&#8221;&#8221;<\/span><\/a><\/p>\n","protected":false},"author":2,"featured_media":0,"comment_status":"open","ping_status":"closed","sticky":false,"template":"","format":"standard","meta":{"nf_dc_page":"","_crdt_document":"","footnotes":""},"categories":[10],"tags":[],"class_list":["post-25299","post","type-post","status-publish","format-standard","hentry","category-darcio-dezolt"],"featured_media_urls":[],"_links":{"self":[{"href":"https:\/\/www.fachodeluz.blog.br\/wp\/wp-json\/wp\/v2\/posts\/25299","targetHints":{"allow":["GET"]}}],"collection":[{"href":"https:\/\/www.fachodeluz.blog.br\/wp\/wp-json\/wp\/v2\/posts"}],"about":[{"href":"https:\/\/www.fachodeluz.blog.br\/wp\/wp-json\/wp\/v2\/types\/post"}],"author":[{"embeddable":true,"href":"https:\/\/www.fachodeluz.blog.br\/wp\/wp-json\/wp\/v2\/users\/2"}],"replies":[{"embeddable":true,"href":"https:\/\/www.fachodeluz.blog.br\/wp\/wp-json\/wp\/v2\/comments?post=25299"}],"version-history":[{"count":0,"href":"https:\/\/www.fachodeluz.blog.br\/wp\/wp-json\/wp\/v2\/posts\/25299\/revisions"}],"wp:attachment":[{"href":"https:\/\/www.fachodeluz.blog.br\/wp\/wp-json\/wp\/v2\/media?parent=25299"}],"wp:term":[{"taxonomy":"category","embeddable":true,"href":"https:\/\/www.fachodeluz.blog.br\/wp\/wp-json\/wp\/v2\/categories?post=25299"},{"taxonomy":"post_tag","embeddable":true,"href":"https:\/\/www.fachodeluz.blog.br\/wp\/wp-json\/wp\/v2\/tags?post=25299"}],"curies":[{"name":"wp","href":"https:\/\/api.w.org\/{rel}","templated":true}]}}