{"id":25304,"date":"2019-10-29T11:07:08","date_gmt":"2019-10-29T14:07:08","guid":{"rendered":"http:\/\/fachodeluz.blog.br\/wp\/?p=25304"},"modified":"2019-10-29T11:07:08","modified_gmt":"2019-10-29T14:07:08","slug":"um-so-corpo-um-so-espirito","status":"publish","type":"post","link":"https:\/\/www.fachodeluz.blog.br\/wp\/2019\/10\/29\/um-so-corpo-um-so-espirito\/","title":{"rendered":"UM S\u00d3 CORPO, UM S\u00d3 ESP\u00cdRITO!"},"content":{"rendered":"<h3 style=\"text-align: center;\"><span style=\"color: #245357;\"><a style=\"color: #245357;\" href=\"https:\/\/i0.wp.com\/fachodeluz.blog.br\/wp\/wp-content\/uploads\/2019\/10\/harmonia-1C.jpg\"><img data-recalc-dims=\"1\" loading=\"lazy\" decoding=\"async\" loading=\"lazy\" class=\"aligncenter size-full wp-image-25305\" src=\"https:\/\/i0.wp.com\/fachodeluz.blog.br\/wp\/wp-content\/uploads\/2019\/10\/harmonia-1C.jpg?resize=526%2C352\" alt=\"\" width=\"526\" height=\"352\" srcset=\"https:\/\/i0.wp.com\/www.fachodeluz.blog.br\/wp\/wp-content\/uploads\/2019\/10\/harmonia-1C.jpg?w=526&amp;ssl=1 526w, https:\/\/i0.wp.com\/www.fachodeluz.blog.br\/wp\/wp-content\/uploads\/2019\/10\/harmonia-1C.jpg?resize=300%2C201&amp;ssl=1 300w\" sizes=\"auto, (max-width: 526px) 100vw, 526px\" \/><\/a><\/span><\/h3>\n<h3 style=\"text-align: center;\"><span style=\"color: #245357;\"><em>\u201cH\u00e1 um s\u00f3 corpo e um s\u00f3 Esp\u00edrito, como tamb\u00e9m fostes chamados em uma s\u00f3 esperan\u00e7a da vossa voca\u00e7\u00e3o;<br \/>\num s\u00f3 Senhor, uma s\u00f3 f\u00e9, um s\u00f3 batismo;<br \/>\nUm s\u00f3 Deus e Pai de todos, o qual \u00e9 sobre todos, e por todos e em todos v\u00f3s\u201d.<\/em><\/span><\/h3>\n<h3 style=\"text-align: center;\"><span style=\"color: #245357;\"><em>\u00a0<\/em>Ef\u00e9sios 4: 4-6<\/span><\/h3>\n<p style=\"text-align: center;\">\n<h2 style=\"text-align: center;\"><span style=\"color: #245357;\">A ilus\u00e3o de DUALIDADE fomenta todas as \u201capar\u00eancias\u201d de disc\u00f3rdia, dissens\u00e3o e conflito. E quando a Verdade da UNIDADE \u00e9 conhecida, este falso <strong><em>\u201cju\u00edzo segundo as apar\u00eancias\u201d<\/em><\/strong> \u00e9 percebido como ilus\u00f3rio, e a aceita\u00e7\u00e3o do \u201cju\u00edzo justo\u201d, cada um se honrar como honra a Deus, passa a ser adotado!\u00a0 Com isto, a harmonia sempre presente, at\u00e9 ent\u00e3o oculta pela DUALIDADE, \u00e9 \u201ctrazida \u00e0 luz\u201d!<\/span><\/h2>\n<h2 style=\"text-align: center;\"><\/h2>\n<h2 style=\"text-align: center;\"><span style=\"color: #245357;\">Um monge budista, que h\u00e1 tempos conheci, disse-me o seguinte: <strong><em>\u201cEu s\u00f3 discuto com quem concorda comigo!\u201d.<\/em><\/strong> Quando a Unidade Essencial \u00e9 acreditada, o suposto \u201cser humano\u201d e suas \u201cvontades pessoais\u201d, geradoras de aparentes e conflitantes \u201cpontos de vista\u201d deixam de se mostrar como \u201cobsessivas opini\u00f5es&#8221;, levando-nos a recordar e apreciar o precioso ensinamento de Jesus: <strong><em>\u201cConcorde rapidamente com o seu advers\u00e1rio\u201d!<\/em><\/strong><\/span><\/h2>\n<h2><\/h2>\n<h2 style=\"text-align: center;\"><span style=\"color: #245357;\">A base de tudo reside na aceita\u00e7\u00e3o incondicional de que DEUS \u00c9 TUDO! E as palavras de Paulo, dirigidas aos Ef\u00e9sios, s\u00e3o puramente reveladoras desta totalidade de Deus:<\/span><\/h2>\n<h2 style=\"text-align: center;\"><span style=\"color: #245357;\"><em>\u201cH\u00e1 um s\u00f3 corpo e um s\u00f3 Esp\u00edrito, como tamb\u00e9m fostes chamados em uma s\u00f3 esperan\u00e7a da vossa voca\u00e7\u00e3o; um s\u00f3 Senhor, uma s\u00f3 f\u00e9, um s\u00f3 batismo.<br \/>\nUm s\u00f3 Deus e Pai de todos, o qual \u00e9 sobre todos, e por todos e em todos v\u00f3s\u201d.<\/em><\/span><\/h2>\n<h2 style=\"text-align: center;\"><span style=\"color: #245357;\"><em>\u00a0<\/em><\/span><\/h2>\n<h2 style=\"text-align: center;\"><span style=\"color: #245357;\">N\u00e3o h\u00e1 briga ou confus\u00e3o que resista \u00e0 aplica\u00e7\u00e3o desta Verdade! Quando Jesus enfatizava a necessidade de cada\u00a0<\/span><\/h2>\n<h2 style=\"text-align: center;\"><span style=\"color: #245357;\"> seguidor de <strong><em>\u201cse negar a si mesmo\u201d,<\/em><\/strong> abria o entendimento iluminado de que <em><strong>\u201cH\u00c1 UM S\u00d3 CORPO E UM S\u00d3 ESP\u00cdRITO\u201d,<\/strong><\/em> ou seja, <strong><em>TUDO \u00c9 DEUS EM ONIA\u00c7\u00c3O,<\/em> <\/strong>sem que haja \u201cganhador ou perdedor\u201d VERDADEIROS em qualquer tipo de relacionamento humano!<\/span><\/h2>\n<h2 style=\"text-align: center;\"><\/h2>\n<h2 style=\"text-align: center;\"><span style=\"color: #245357;\">A Ess\u00eancia \u00e9 UMA, e sua aparente \u201csombra fenom\u00eanica\u201d somente poderia ser \u201csombra \u00fanica\u201d!<\/span><\/h2>\n<h2 style=\"text-align: center;\"><span style=\"color: #245357;\">Muitos v\u00e3o atr\u00e1s de terapeutas e psic\u00f3logos, na esperan\u00e7a de obter solu\u00e7\u00e3o de problemas conjugais, de problemas profissionais, ou de problemas com supostos parentes, vizinhos, etc. Paulo disse o seguinte: <strong><em>\u201cFostes chamados em uma s\u00f3 esperan\u00e7a da vossa voca\u00e7\u00e3o!\u201d. <\/em><\/strong>Isto significa cada um \u201cmurchar o ego\u201d,\u00a0 n\u00e3o frente a \u201coutro ego\u201d, <em><strong>e sim diante de DEUS, entendido como sendo o CRISTO de si mesmo e sendo o CRISTO no suposto \u201coutro\u201d!<\/strong><\/em><\/span><\/h2>\n<h2 style=\"text-align: center;\"><\/h2>\n<h2 style=\"text-align: center;\"><span style=\"color: #245357;\">Em seguida, assim ele diz: <em><strong>&#8220;Um s\u00f3 Senhor, uma s\u00f3 f\u00e9, um s\u00f3 batismo; um s\u00f3 Deus e Pai de todos, o qual \u00e9 sobre todos, e por todos e em todos v\u00f3s\u201d.<\/strong><\/em><\/span><\/h2>\n<h2 style=\"text-align: center;\"><span style=\"color: #245357;\"><em>\u00a0<\/em><\/span><\/h2>\n<h2 style=\"text-align: center;\"><span style=\"color: #245357;\">Aquele que optar pela \u201csolu\u00e7\u00e3o divina indicada\u201d, ter\u00e1 o seu caso resolvido, al\u00e9m de evitar as \u201can\u00e1lises fenom\u00eanicas\u201d apresentadas pelos terapeutas humanos, que buscam, na <strong><em>\u201cescurid\u00e3o da mente humana\u201d,<\/em><\/strong>\u00a0 encontrar alguma <strong><em>\u201cluz salvadora\u201d!<\/em><\/strong><\/span><\/h2>\n<h2 style=\"text-align: center;\"><\/h2>\n<h2 style=\"text-align: center;\"><span style=\"color: #245357;\">*<\/span><\/h2>\n","protected":false},"excerpt":{"rendered":"<p>\u201cH\u00e1 um s\u00f3 corpo e um s\u00f3 Esp\u00edrito, como tamb\u00e9m fostes chamados em uma s\u00f3 esperan\u00e7a da vossa voca\u00e7\u00e3o; um s\u00f3 Senhor, uma s\u00f3 f\u00e9, um s\u00f3 batismo; Um s\u00f3 Deus e Pai de todos, o qual \u00e9 sobre todos, e por todos e em todos v\u00f3s\u201d. \u00a0Ef\u00e9sios 4: 4-6 A ilus\u00e3o de DUALIDADE fomenta &hellip; <\/p>\n<p class=\"link-more\"><a href=\"https:\/\/www.fachodeluz.blog.br\/wp\/2019\/10\/29\/um-so-corpo-um-so-espirito\/\" class=\"more-link\">Leia mais<span class=\"screen-reader-text\"> &#8220;UM S\u00d3 CORPO, UM S\u00d3 ESP\u00cdRITO!&#8221;<\/span><\/a><\/p>\n","protected":false},"author":2,"featured_media":0,"comment_status":"open","ping_status":"closed","sticky":false,"template":"","format":"standard","meta":{"nf_dc_page":"","_crdt_document":"","footnotes":""},"categories":[10],"tags":[],"class_list":["post-25304","post","type-post","status-publish","format-standard","hentry","category-darcio-dezolt"],"featured_media_urls":[],"_links":{"self":[{"href":"https:\/\/www.fachodeluz.blog.br\/wp\/wp-json\/wp\/v2\/posts\/25304","targetHints":{"allow":["GET"]}}],"collection":[{"href":"https:\/\/www.fachodeluz.blog.br\/wp\/wp-json\/wp\/v2\/posts"}],"about":[{"href":"https:\/\/www.fachodeluz.blog.br\/wp\/wp-json\/wp\/v2\/types\/post"}],"author":[{"embeddable":true,"href":"https:\/\/www.fachodeluz.blog.br\/wp\/wp-json\/wp\/v2\/users\/2"}],"replies":[{"embeddable":true,"href":"https:\/\/www.fachodeluz.blog.br\/wp\/wp-json\/wp\/v2\/comments?post=25304"}],"version-history":[{"count":0,"href":"https:\/\/www.fachodeluz.blog.br\/wp\/wp-json\/wp\/v2\/posts\/25304\/revisions"}],"wp:attachment":[{"href":"https:\/\/www.fachodeluz.blog.br\/wp\/wp-json\/wp\/v2\/media?parent=25304"}],"wp:term":[{"taxonomy":"category","embeddable":true,"href":"https:\/\/www.fachodeluz.blog.br\/wp\/wp-json\/wp\/v2\/categories?post=25304"},{"taxonomy":"post_tag","embeddable":true,"href":"https:\/\/www.fachodeluz.blog.br\/wp\/wp-json\/wp\/v2\/tags?post=25304"}],"curies":[{"name":"wp","href":"https:\/\/api.w.org\/{rel}","templated":true}]}}