{"id":25321,"date":"2019-11-02T12:10:58","date_gmt":"2019-11-02T15:10:58","guid":{"rendered":"http:\/\/fachodeluz.blog.br\/wp\/?p=25321"},"modified":"2019-11-02T12:17:27","modified_gmt":"2019-11-02T15:17:27","slug":"sindrome-de-tome-ver-materia-para-poder-crer","status":"publish","type":"post","link":"https:\/\/www.fachodeluz.blog.br\/wp\/2019\/11\/02\/sindrome-de-tome-ver-materia-para-poder-crer\/","title":{"rendered":"S\u00cdNDROME DE TOM\u00c9: VER &#8220;MAT\u00c9RIA&#8221; PARA PODER CRER!"},"content":{"rendered":"<h2 style=\"text-align: center;\"><span style=\"color: #000000;\"><a style=\"color: #000000;\" href=\"https:\/\/i0.wp.com\/fachodeluz.blog.br\/wp\/wp-content\/uploads\/2019\/11\/thomas-1.jpg\"><img data-recalc-dims=\"1\" loading=\"lazy\" decoding=\"async\" loading=\"lazy\" class=\"aligncenter size-full wp-image-25322\" src=\"https:\/\/i0.wp.com\/fachodeluz.blog.br\/wp\/wp-content\/uploads\/2019\/11\/thomas-1.jpg?resize=522%2C405\" alt=\"\" width=\"522\" height=\"405\" srcset=\"https:\/\/i0.wp.com\/www.fachodeluz.blog.br\/wp\/wp-content\/uploads\/2019\/11\/thomas-1.jpg?w=522&amp;ssl=1 522w, https:\/\/i0.wp.com\/www.fachodeluz.blog.br\/wp\/wp-content\/uploads\/2019\/11\/thomas-1.jpg?resize=300%2C233&amp;ssl=1 300w\" sizes=\"auto, (max-width: 522px) 100vw, 522px\" \/><\/a><\/span><\/h2>\n<h3 style=\"text-align: center;\"><span style=\"color: #000000;\"><em>Tom\u00e9, chamado D\u00eddimo, que era um dos doze, n\u00e3o estava com eles quando Jesus veio. Os outros disc\u00edpulos contaram-lhe depois: <strong>&#8220;Vimos o Senhor!&#8221;.<\/strong> Mas Tom\u00e9 disse-lhes: <strong>&#8220;Se eu n\u00e3o vir a marca dos pregos em suas m\u00e3os, se eu n\u00e3o puser o dedo nas marcas dos pregos e n\u00e3o puser a m\u00e3o no seu lado, n\u00e3o acreditarei&#8221;. <\/strong><\/em>Jo\u00e3o 20: 24<em><strong><br \/>\n<\/strong><\/em><\/span><\/h3>\n<h2 style=\"text-align: center;\"><\/h2>\n<h2 style=\"text-align: center;\"><span style=\"color: #000000;\">Quando algu\u00e9m come\u00e7a a intuir e perceber que o suposto <strong><em>\u201cmundo dos fen\u00f4menos\u201d<\/em><\/strong> \u00e9, de fato, uma <em><strong>farsa hipn\u00f3tica,<\/strong><\/em> sem Deus e sem realidade, somente ent\u00e3o, se v\u00ea dotado de interesse, dedica\u00e7\u00e3o, perseveran\u00e7a e determina\u00e7\u00e3o para n\u00e3o mais se deixar iludir, por buscar se realizar <strong><em>\u201cnas coisas da terra\u201d,<\/em><\/strong> em vez de<\/span><\/h2>\n<h2 style=\"text-align: center;\"><span style=\"color: #000000;\"><strong><em>&#8220;nas coisas do Alto\u201d,<\/em> <\/strong>sua <strong><em>Autorrealiza\u00e7\u00e3o<\/em> <\/strong>genu\u00edna, que \u00e9 espiritual, eterna, consumada e plena.<\/span><\/h2>\n<h2 style=\"text-align: center;\"><span style=\"color: #000000;\">Aparentemente, nos vemos diante de um \u201cmundo material\u201d e de \u201cseres carnais\u201d! Desacreditar desta CREN\u00c7A FALSA \u00e9 CONHECER A VERDADE que nos liberta! <strong><em>\u201cDEUS \u00c9 ESP\u00cdRITO\u201d,<\/em><\/strong>\u00a0 disse Jesus, <em><strong>\u201cE IMPORTA QUE O ADOREMOS EM ESP\u00cdRITO E EM VERDADE\u201d! <\/strong><\/em><\/span><\/h2>\n<h2 style=\"text-align: center;\"><span style=\"color: #000000;\">O sentido \u00e9 claro, por\u00e9m, coloc\u00e1-lo em pr\u00e1tica nos requer o que disse Jeremias: TEREMOS DE FAZ\u00ca-LO DE <em><strong>TODO O CORA\u00c7\u00c3O!<\/strong><\/em><\/span><\/h2>\n<h2><\/h2>\n<h2 style=\"text-align: center;\"><span style=\"color: #000000;\">Tom\u00e9, sendo informado de que Jesus, ressuscitado, havia se encontrado com os demais disc\u00edpulos, como\u00a0 estava ausente, na ocasi\u00e3o, assim disse: <strong><em>&#8220;Se eu n\u00e3o vir a marca dos pregos em suas m\u00e3os, se eu n\u00e3o puser o dedo nas marcas dos pregos e n\u00e3o puser a m\u00e3o no seu lado, n\u00e3o acreditarei&#8221;. <\/em><\/strong><\/span><\/h2>\n<h2 style=\"text-align: center;\"><span style=\"color: #000000;\">Sua DESCREN\u00c7A simbolizava a humanidade toda se mostrando iludida pela CREN\u00c7A NA MAT\u00c9RIA, e mesmo os disc\u00edpulos se convenciam dela! <\/span><\/h2>\n<h2 style=\"text-align: center;\"><span style=\"color: #000000;\">N\u00e3o h\u00e1 quem<strong><em> \u201cGLORIFIQUE A DEUS EM SEU CORPO\u201d<\/em> <\/strong>ENDOSSANDO A CREN\u00c7A DE &#8220;ESTAR ENCARNADO&#8221;! Mas h\u00e1 quem acredite que O CORPO CARNAL \u00c9 O \u201cTEMPLO DE DEUS\u201d! Por isso, a Metaf\u00edsica Absoluta revela, como axioma fundamental, que a suposta &#8220;MAT\u00c9RIA&#8221; <em><strong>N\u00c3O EXISTE!<\/strong><\/em><\/span><\/h2>\n<h2><\/h2>\n<h2 style=\"text-align: center;\"><span style=\"color: #000000;\">Voltando \u00e0 B\u00edblia, assim ela prossegue, dizendo: <\/span><\/h2>\n<h3 style=\"text-align: center;\"><span style=\"color: #000000;\"><strong><em>Oito dias depois, encontravam-se os disc\u00edpulos novamente reunidos em casa, e Tom\u00e9 estava com eles. Estando fechadas as portas, Jesus entrou, p\u00f4s-se no meio deles e disse: &#8220;A paz esteja convosco&#8221;. Depois disse a Tom\u00e9: &#8220;P\u00f5e o teu dedo aqui e olha as minhas m\u00e3os. Estende a tua m\u00e3o e coloca-a no meu lado. E n\u00e3o sejas incr\u00e9dulo, mas fiel&#8221;. Tom\u00e9 respondeu: &#8220;Meu Senhor e meu Deus!&#8221; Jesus lhe disse: &#8220;Acreditaste, porque me viste? Bem-aventurados os que creram sem terem visto!&#8221;<\/em><\/strong><\/span><\/h3>\n<h2 style=\"text-align: center;\"><span style=\"color: #000000;\">O ensinamento absoluto, enfatizando que DEUS \u00c9 TUDO e incentivando o abandono consciente do <strong><em>\u201cju\u00edzo segundo as apar\u00eancias\u201d,<\/em><\/strong> intenta fazer com que todos creiam, MESMO SEM VER, no <strong><em>Cristo de si mesmos\u201d,<\/em><\/strong> para serem considerados \u201cbem-aventurados\u201d, mesmo estando, <em>aparentemente,\u00a0<\/em> diante de \u201capar\u00eancias materiais\u201d.<\/span><\/h2>\n<h2 style=\"text-align: center;\"><span style=\"color: #000000;\">\u00c9 como disse Paulo: <strong><em>&#8220;Daqui por diante, a ningu\u00e9m conhecemos segundo a carne, e, ainda que tamb\u00e9m tenhamos conhecido Cristo segundo a carne, contudo, agora, j\u00e1 o n\u00e3o conhecemos deste modo&#8221;.<\/em><\/strong><\/span><\/h2>\n<h2 style=\"text-align: center;\"><span style=\"color: #000000;\">2 Cor. 5:16 <\/span><\/h2>\n<h2 style=\"text-align: center;\"><span style=\"color: #000000;\">*<\/span><\/h2>\n","protected":false},"excerpt":{"rendered":"<p>Tom\u00e9, chamado D\u00eddimo, que era um dos doze, n\u00e3o estava com eles quando Jesus veio. Os outros disc\u00edpulos contaram-lhe depois: &#8220;Vimos o Senhor!&#8221;. Mas Tom\u00e9 disse-lhes: &#8220;Se eu n\u00e3o vir a marca dos pregos em suas m\u00e3os, se eu n\u00e3o puser o dedo nas marcas dos pregos e n\u00e3o puser a m\u00e3o no seu lado, &hellip; <\/p>\n<p class=\"link-more\"><a href=\"https:\/\/www.fachodeluz.blog.br\/wp\/2019\/11\/02\/sindrome-de-tome-ver-materia-para-poder-crer\/\" class=\"more-link\">Leia mais<span class=\"screen-reader-text\"> &#8220;S\u00cdNDROME DE TOM\u00c9: VER &#8220;MAT\u00c9RIA&#8221; PARA PODER CRER!&#8221;<\/span><\/a><\/p>\n","protected":false},"author":2,"featured_media":0,"comment_status":"open","ping_status":"closed","sticky":false,"template":"","format":"standard","meta":{"nf_dc_page":"","_crdt_document":"","footnotes":""},"categories":[10,1],"tags":[],"class_list":["post-25321","post","type-post","status-publish","format-standard","hentry","category-darcio-dezolt","category-diversas"],"featured_media_urls":[],"_links":{"self":[{"href":"https:\/\/www.fachodeluz.blog.br\/wp\/wp-json\/wp\/v2\/posts\/25321","targetHints":{"allow":["GET"]}}],"collection":[{"href":"https:\/\/www.fachodeluz.blog.br\/wp\/wp-json\/wp\/v2\/posts"}],"about":[{"href":"https:\/\/www.fachodeluz.blog.br\/wp\/wp-json\/wp\/v2\/types\/post"}],"author":[{"embeddable":true,"href":"https:\/\/www.fachodeluz.blog.br\/wp\/wp-json\/wp\/v2\/users\/2"}],"replies":[{"embeddable":true,"href":"https:\/\/www.fachodeluz.blog.br\/wp\/wp-json\/wp\/v2\/comments?post=25321"}],"version-history":[{"count":0,"href":"https:\/\/www.fachodeluz.blog.br\/wp\/wp-json\/wp\/v2\/posts\/25321\/revisions"}],"wp:attachment":[{"href":"https:\/\/www.fachodeluz.blog.br\/wp\/wp-json\/wp\/v2\/media?parent=25321"}],"wp:term":[{"taxonomy":"category","embeddable":true,"href":"https:\/\/www.fachodeluz.blog.br\/wp\/wp-json\/wp\/v2\/categories?post=25321"},{"taxonomy":"post_tag","embeddable":true,"href":"https:\/\/www.fachodeluz.blog.br\/wp\/wp-json\/wp\/v2\/tags?post=25321"}],"curies":[{"name":"wp","href":"https:\/\/api.w.org\/{rel}","templated":true}]}}