{"id":25357,"date":"2019-11-08T12:41:47","date_gmt":"2019-11-08T15:41:47","guid":{"rendered":"http:\/\/fachodeluz.blog.br\/wp\/?p=25357"},"modified":"2019-11-08T12:41:47","modified_gmt":"2019-11-08T15:41:47","slug":"silencio-contemplacao-e-perfeicao-consumada","status":"publish","type":"post","link":"https:\/\/www.fachodeluz.blog.br\/wp\/2019\/11\/08\/silencio-contemplacao-e-perfeicao-consumada\/","title":{"rendered":"SIL\u00caNCIO, CONTEMPLA\u00c7\u00c3O E PERFEI\u00c7\u00c3O CONSUMADA"},"content":{"rendered":"<h2 style=\"text-align: center;\"><span style=\"color: #696428;\"><a style=\"color: #696428;\" href=\"https:\/\/i0.wp.com\/fachodeluz.blog.br\/wp\/wp-content\/uploads\/2019\/11\/jesus-sozinho-pensativo-contemplativo-1.jpg\"><img data-recalc-dims=\"1\" loading=\"lazy\" decoding=\"async\" loading=\"lazy\" class=\"aligncenter size-full wp-image-25358\" src=\"https:\/\/i0.wp.com\/fachodeluz.blog.br\/wp\/wp-content\/uploads\/2019\/11\/jesus-sozinho-pensativo-contemplativo-1.jpg?resize=522%2C367\" alt=\"\" width=\"522\" height=\"367\" srcset=\"https:\/\/i0.wp.com\/www.fachodeluz.blog.br\/wp\/wp-content\/uploads\/2019\/11\/jesus-sozinho-pensativo-contemplativo-1.jpg?w=522&amp;ssl=1 522w, https:\/\/i0.wp.com\/www.fachodeluz.blog.br\/wp\/wp-content\/uploads\/2019\/11\/jesus-sozinho-pensativo-contemplativo-1.jpg?resize=300%2C211&amp;ssl=1 300w\" sizes=\"auto, (max-width: 522px) 100vw, 522px\" \/><\/a><\/span><\/h2>\n<h2 style=\"text-align: center;\"><span style=\"color: #696428;\">A <strong><em>Pr\u00e1tica do Sil\u00eancio<\/em><\/strong> existe para que a Verdade seja reconhecida, contemplada e vivida. <strong><em>\u201cNo sil\u00eancio est\u00e1 a Vossa fortaleza\u201d,<\/em> <\/strong>disse Isa\u00edas. Atrav\u00e9s dele, desviamos nossa aten\u00e7\u00e3o do ilus\u00f3rio \u201cmundo de apar\u00eancias\u201d para, como FILHOS <strong><em>ESPIRITUAIS<\/em><\/strong> DE DEUS, contemplarmos o Reino perfeito da Verdade, que nos est\u00e1 \u201cmais pr\u00f3ximo\u201d do que QUAISQUER \u201capar\u00eancias\u201d do mundo.<\/span><\/h2>\n<h2><\/h2>\n<h2 style=\"text-align: center;\"><span style=\"color: #696428;\">No sil\u00eancio, sem esfor\u00e7o algum, contemplamos a Verdade de que DEUS \u00c9 TUDO, que Suas obras s\u00e3o consumadas e perfeitas, <strong><em>enquanto todas as supostas imperfei\u00e7\u00f5es n\u00e3o passam de \u201cimagens falsas\u201d, s\u00f3 vistas pela \u201cmente carnal\u201d.<\/em> <\/strong><\/span><\/h2>\n<h2 style=\"text-align: center;\"><span style=\"color: #696428;\">Tamb\u00e9m no sil\u00eancio, percebemos que SOMOS VIDA DE DEUS, vivendo EM DEUS com a pr\u00f3pria Mente de Deus! Estas Verdades s\u00e3o contempladas com alegria e confian\u00e7a nos princ\u00edpios absolutos, e as contempla\u00e7\u00f5es devem durar at\u00e9 que nos sintamos \u201centregues \u00e0 Paz da Verdade&#8221;.<\/span><\/h2>\n<h2 style=\"text-align: center;\"><span style=\"color: #696428;\">Faz parte da Pr\u00e1tica do Sil\u00eancio tomarmos as revela\u00e7\u00f5es divinas, ditas pelos profetas ou mestres da Verdade, de forma que nos coloquemos como se estivessem sendo dirigidas diretamente a n\u00f3s mesmos! Se Jesus disse: <strong><em>&#8220;S\u00e3o-te perdoados os teus pecados\u201d.<\/em><\/strong> ou\u00e7a isto como dirigido a voc\u00ea! <\/span><\/h2>\n<h2 style=\"text-align: center;\"><span style=\"color: #696428;\">As contempla\u00e7\u00f5es requerem um \u201ccora\u00e7\u00e3o de menino\u201d, a presen\u00e7a da <strong><em>pura receptividade <\/em><\/strong><\/span><\/h2>\n<h2 style=\"text-align: center;\"><span style=\"color: #696428;\">\u00e0s Verdades divinas, vindas de um Deus que \u00e9 Poder e Amor!<\/span><\/h2>\n<h2 style=\"text-align: center;\"><span style=\"color: #696428;\">Com o sil\u00eancio, podemos reconhecer a Verdade de que<em><strong> TUDO EST\u00c1 FEITO, E FEITO AGORA!<\/strong><\/em> Desse modo, quando <em>aparentemente<\/em> estivermos lidando com o mundo, n\u00e3o veremos nele a manifesta\u00e7\u00e3o de passado, presente e futuro, mas sim, que ele \u00e9 mero desdobramento <em><strong>DAQUILO QUE \u00c9, DA PERFEI\u00c7\u00c3O QUE TUDO \u00c9, DA MANIFESTA\u00c7\u00c3O DO CRISTO QUE, NA UNIDADE CONSUMADA, CADA UM \u00c9!<\/strong><\/em><\/span><\/h2>\n<h2><\/h2>\n<h2 style=\"text-align: center;\"><span style=\"color: #696428;\">O FOCO DA PR\u00c1TICA DO SIL\u00caNCIO EST\u00c1 EM NOSSA \u201cPERMAN\u00caNCIA EM MIM\u201d, quando a perfei\u00e7\u00e3o absoluta e onipresente \u00c9 RECONHECIDA COMO \u201cJ\u00c1 FEITA\u201d. Somente nesta certeza, poderemos VIVER <strong><em>COMO P\u00c1SSAROS NO C\u00c9U<\/em><\/strong> ou <em><strong>COMO L\u00cdRIOS DO CAMPO,<\/strong><\/em> sem preocupa\u00e7\u00f5es e sem desgastes emocionais gerados por meras cren\u00e7as hipn\u00f3ticas!<\/span><\/h2>\n<h2 style=\"text-align: center;\"><span style=\"color: #696428;\"><strong><em>&#8220;O Reino de Deus est\u00e1 presente no mundo inteiro\u201d,<\/em><\/strong> disse Jesus! E no sil\u00eancio, contemplamos NOSSA PRESEN\u00c7A integralmente nele! <strong>A perfei\u00e7\u00e3o sempre nos est\u00e1 mais pr\u00f3xima do que quaisquer \u201capar\u00eancias de imperfei\u00e7\u00e3o&#8221;!<\/strong> N\u00e3o h\u00e1 \u201cpoder de Deus\u201d que sustente \u201cimagens hipn\u00f3ticas&#8221;! A express\u00e3o<strong><em> \u201ca tua f\u00e9 te salvou\u201d,<\/em> <\/strong>dita por Jesus, deve estar presente nas contempla\u00e7\u00f5es absolutas, quando NOS VEMOS EM MIM, NA TOTALIDADE DO PAI, NA ONIPRESEN\u00c7A DA PERFEI\u00c7\u00c3O! Por isso, logo de\u00a0 \u201cin\u00edcio\u201d, reconhecemos a PERFEI\u00c7\u00c3O CONSUMADA e descartamos as \u201cimagens hipn\u00f3ticas\u201d de imperfei\u00e7\u00f5es! Nenhuma tem subst\u00e2ncia nem mat\u00e9ria-prima! S\u00e3o &#8220;nadas&#8221;!<\/span><\/h2>\n<h2><\/h2>\n<h2 style=\"text-align: center;\"><span style=\"color: #696428;\">SOMOS <em><strong>O QUE DEUS \u00c9,<\/strong><\/em> E DEUS \u00c9 <em><strong>AQUELE QUE SOMOS!<\/strong><\/em> O Salmo 91 assim diz: <em><strong>\u201cAquele que habita no LUGAR SECRETO DO ALT\u00cdSSIMO, \u00e0 sombra do Onipotente repousar\u00e1\u201d.<\/strong> <\/em>Viver REPOUSADO <strong><em>\u00c0 SOMBRA DO ONIPOTENTE<\/em><\/strong> significa AGIR PELO N\u00c3O AGIR, cientes que <em><strong>AGIMOS NA ONIA\u00c7\u00c3O E N\u00c3O \u201cNO MUNDO\u201d,<\/strong><\/em> como disse Jesus|: <strong><em>\u201cDe mim, nada fa\u00e7o; O PAI EM MIM FAZ AS OBRAS\u201d!<\/em><\/strong> <\/span><\/h2>\n<h2 style=\"text-align: center;\"><span style=\"color: #696428;\">\u00c9 ESTA A VIDA PELA GRA\u00c7A! <\/span><\/h2>\n<h2 style=\"text-align: center;\"><span style=\"color: #696428;\">*<\/span><\/h2>\n","protected":false},"excerpt":{"rendered":"<p>A Pr\u00e1tica do Sil\u00eancio existe para que a Verdade seja reconhecida, contemplada e vivida. \u201cNo sil\u00eancio est\u00e1 a Vossa fortaleza\u201d, disse Isa\u00edas. Atrav\u00e9s dele, desviamos nossa aten\u00e7\u00e3o do ilus\u00f3rio \u201cmundo de apar\u00eancias\u201d para, como FILHOS ESPIRITUAIS DE DEUS, contemplarmos o Reino perfeito da Verdade, que nos est\u00e1 \u201cmais pr\u00f3ximo\u201d do que QUAISQUER \u201capar\u00eancias\u201d do mundo. &hellip; <\/p>\n<p class=\"link-more\"><a href=\"https:\/\/www.fachodeluz.blog.br\/wp\/2019\/11\/08\/silencio-contemplacao-e-perfeicao-consumada\/\" class=\"more-link\">Leia mais<span class=\"screen-reader-text\"> &#8220;SIL\u00caNCIO, CONTEMPLA\u00c7\u00c3O E PERFEI\u00c7\u00c3O CONSUMADA&#8221;<\/span><\/a><\/p>\n","protected":false},"author":2,"featured_media":0,"comment_status":"open","ping_status":"closed","sticky":false,"template":"","format":"standard","meta":{"nf_dc_page":"","_crdt_document":"","footnotes":""},"categories":[10],"tags":[],"class_list":["post-25357","post","type-post","status-publish","format-standard","hentry","category-darcio-dezolt"],"featured_media_urls":[],"_links":{"self":[{"href":"https:\/\/www.fachodeluz.blog.br\/wp\/wp-json\/wp\/v2\/posts\/25357","targetHints":{"allow":["GET"]}}],"collection":[{"href":"https:\/\/www.fachodeluz.blog.br\/wp\/wp-json\/wp\/v2\/posts"}],"about":[{"href":"https:\/\/www.fachodeluz.blog.br\/wp\/wp-json\/wp\/v2\/types\/post"}],"author":[{"embeddable":true,"href":"https:\/\/www.fachodeluz.blog.br\/wp\/wp-json\/wp\/v2\/users\/2"}],"replies":[{"embeddable":true,"href":"https:\/\/www.fachodeluz.blog.br\/wp\/wp-json\/wp\/v2\/comments?post=25357"}],"version-history":[{"count":0,"href":"https:\/\/www.fachodeluz.blog.br\/wp\/wp-json\/wp\/v2\/posts\/25357\/revisions"}],"wp:attachment":[{"href":"https:\/\/www.fachodeluz.blog.br\/wp\/wp-json\/wp\/v2\/media?parent=25357"}],"wp:term":[{"taxonomy":"category","embeddable":true,"href":"https:\/\/www.fachodeluz.blog.br\/wp\/wp-json\/wp\/v2\/categories?post=25357"},{"taxonomy":"post_tag","embeddable":true,"href":"https:\/\/www.fachodeluz.blog.br\/wp\/wp-json\/wp\/v2\/tags?post=25357"}],"curies":[{"name":"wp","href":"https:\/\/api.w.org\/{rel}","templated":true}]}}