{"id":25525,"date":"2019-12-08T13:29:51","date_gmt":"2019-12-08T16:29:51","guid":{"rendered":"http:\/\/fachodeluz.blog.br\/wp\/?p=25525"},"modified":"2019-12-08T15:31:52","modified_gmt":"2019-12-08T18:31:52","slug":"vinde-a-mim-quer-dizer-vinde-ao-um","status":"publish","type":"post","link":"https:\/\/www.fachodeluz.blog.br\/wp\/2019\/12\/08\/vinde-a-mim-quer-dizer-vinde-ao-um\/","title":{"rendered":"\u201cVINDE A MIM\u201d QUER DIZER \u201cVINDE AO UM\u201d!"},"content":{"rendered":"<h2 style=\"text-align: center;\"><span style=\"color: #8b5d94;\"><a style=\"color: #8b5d94;\" href=\"https:\/\/i0.wp.com\/fachodeluz.blog.br\/wp\/wp-content\/uploads\/2019\/12\/POMBA-2.jpg\"><img data-recalc-dims=\"1\" loading=\"lazy\" decoding=\"async\" loading=\"lazy\" class=\"aligncenter size-full wp-image-25526\" src=\"https:\/\/i0.wp.com\/fachodeluz.blog.br\/wp\/wp-content\/uploads\/2019\/12\/POMBA-2.jpg?resize=522%2C299\" alt=\"\" width=\"522\" height=\"299\" srcset=\"https:\/\/i0.wp.com\/www.fachodeluz.blog.br\/wp\/wp-content\/uploads\/2019\/12\/POMBA-2.jpg?w=522&amp;ssl=1 522w, https:\/\/i0.wp.com\/www.fachodeluz.blog.br\/wp\/wp-content\/uploads\/2019\/12\/POMBA-2.jpg?resize=300%2C172&amp;ssl=1 300w\" sizes=\"auto, (max-width: 522px) 100vw, 522px\" \/><\/a> <\/span><\/h2>\n<h2><\/h2>\n<h2 style=\"text-align: center;\"><span style=\"color: #8b5d94;\">O convite \u201cVINDE A MIM\u201d veio sendo seguidamente \u00a0repetido \u00e0 humanidade pelos variados mensageiros da Verdade que por ela passaram, inclusive Jesus. O foco das prega\u00e7\u00f5es sempre esteve sendo a UNIDADE ESPIRITUAL ABSOLUTA, embora\u00a0 o mundo mais se apegasse, de forma pessoal, aos mensageiros.<\/span><\/h2>\n<h2 style=\"text-align: center;\"><span style=\"color: #8b5d94;\">Quando Jesus disse:<strong><em> \u201cSe eu n\u00e3o for, o Consolador n\u00e3o vir\u00e1 a v\u00f3s\u201d,<\/em> <\/strong>explicava sair de cena para que, no lugar pessoal do Cristo EXTERIOR, a Verdade IMPESSOAL pudesse ser percebida sendo o \u201cCristo C\u00f3smico\u201d, INTERIOR, presente como TODO FILHO DE DEUS, como Paulo chegou a pregar, dizendo que <strong><em>\u201cO CRISTO \u00c9 TUDO EM TODOS\u201d.<\/em><\/strong><\/span><\/h2>\n<h2><\/h2>\n<h2 style=\"text-align: center;\"><span style=\"color: #8b5d94;\">Se formos observar \u201cgotas separadas\u201d, ao olharmos um oceano, n\u00e3o perceberemos a UNIDADE chamada \u201coceano\u201d, mesmo ali se manifestando! E caso uma gota fosse olhar \u201coutra gota vizinha\u201d, a dualidade seria aceita e endossada, como se fossem \u201cgotas separadas\u201d. A humanidade \u00e9 \u201creflexo\u201d da Realidade ESPIRITUAL, que se evidencia como UNIDADE PERFEITA, como Universo de Luz formado por TODOS N\u00d3S, o que explica o sentido do convite <em><strong>\u201cVINDE A MIM\u201d,<\/strong><\/em> feito por todos os mensageiros!<\/span><\/h2>\n<h2 style=\"text-align: center;\"><span style=\"color: #8b5d94;\">O sentido deste chamado est\u00e1 em <strong><em>CADA UM SE VOLTAR AO \u201cUM\u201d, AO \u201cEU SOU&#8221; ABSOLUTO que se expressa como UNIDADE,\u00a0<\/em><\/strong> assim como as gotas do oceano, se mostram tamb\u00e9m \u201cindividualizadas\u201d,<em> mas sem deixarem de SER UM!<\/em><\/span><\/h2>\n<h2 style=\"text-align: center;\"><span style=\"color: #8b5d94;\">Nesta PERCEP\u00c7\u00c3O ENCONTRA-SE O \u201cCONHECIMENTO DA VERDADE&#8221; e com o sentido com que Jesus assim d<\/span><span style=\"color: #8b5d94;\">eclarou: \u201cEU SOU A VERDADE\u201d! N\u00e3o se via como <em>&#8220;gota separada do oceano!&#8221; <\/em><\/span><\/h2>\n<h2 style=\"text-align: center;\"><span style=\"color: #8b5d94;\"><strong><em>&#8220;Por que me chamas bom? BOM S\u00d3 UM, QUE \u00c9 DEUS&#8221;!<\/em> <\/strong>Enquanto o oceano deixar de ser visto como UM, e formado por todas as suas gotas, a ILUS\u00c3O de separatividade se conservar\u00e1, com as gotas se vendo separadas entre si! <\/span><\/h2>\n<h2 style=\"text-align: center;\"><span style=\"color: #8b5d94;\">\u201cVINDE A MIM\u201d, diz o convite! <strong><em>Nunca foi \u201cuma gota convidando outras\u201d!<\/em><\/strong><\/span><\/h2>\n<h2 style=\"text-align: center;\"><span style=\"color: #8b5d94;\">O CONVITE \u00c0 HUMANIDADE, PORTANTO, \u00c9 PARA <em><strong>TODOS SE VOLTAREM A SI MESMOS, AO CRISTO QUE TODOS SEMPRE ESTIVERAM SENDO, AO \u201cPAI\u201d QUE \u00c9 A \u201cUNIDADE PERFEITA\u201d!<\/strong><\/em><\/span><\/h2>\n<h2 style=\"text-align: center;\"><span style=\"color: #8b5d94;\">Se fotografarmos um oceano, a foto o mostrar\u00e1 como unidade! Se fotografarmos uma rua com pessoas por ela caminhando, a foto mostrar\u00e1 tudo em unidade! ISTO SE DEVE AO SEGUINTE: <strong><em>O REINO DE DEUS \u00c9 UMA UNIDADE ONIPRESENTE, E O SUPOSTO \u201cMUNDO FENOM\u00caNICO\u201d, ENQUANTO\u00a0<\/em><\/strong><\/span><\/h2>\n<h2 style=\"text-align: center;\"><span style=\"color: #8b5d94;\"><strong><em> VISTO COMO \u201cPESSOAS E COISAS SEPARADAS\u201d<\/em><\/strong>, SER\u00c1 UNICAMENTE <\/span><\/h2>\n<h2 style=\"text-align: center;\"><span style=\"color: #8b5d94;\">VISTO COMO <strong><em>\u201cAPAR\u00caNCIAS\u201d,<\/em><\/strong> \u00a0 E N\u00c3O REFLETIR\u00c1 A VERDADE ! <\/span><\/h2>\n<h2 style=\"text-align: center;\"><span style=\"color: #8b5d94;\">SE AS PESSOAS FOTOGRAFADAS DESCARTAREM OS SUPOSTOS \u201cSENTIDOS HUMANOS\u201d, <strong><em>ESTAR\u00c3O ACHANDO DEUS EM SI MESMAS, TANTO SENDO O CRISTO COMO SENDO O REINO ONIPRESENTE!<\/em><\/strong> E isto porque DEUS \u00c9 TUDO, e porque, AO NOS RECONHECERMOS SENDO FILHOS<\/span><\/h2>\n<h2 style=\"text-align: center;\"><span style=\"color: #8b5d94;\">\u00a0DE DEUS, ESTAREMOS RECONHECENDO NOSSA UNIDADE COM O PAI, A UNIDADE ESSENCIAL, <em><strong>E NOS VEREMOS \u201cEM MIM\u201d!<\/strong> <\/em><\/span><\/h2>\n<h2><\/h2>\n<h2 style=\"text-align: center;\"><span style=\"color: #8b5d94;\"><strong><em>Nesta PERCEP\u00c7\u00c3O, teremos transcendido o ilus\u00f3rio e dualista \u201cmundo de apar\u00eancias\u201d e efetivamente atendido ao convite \u201cVINDE A MIM\u201d!<\/em><\/strong><\/span><\/h2>\n<h2 style=\"text-align: center;\"><span style=\"color: #8b5d94;\"><strong><em> *<\/em><\/strong><\/span><\/h2>\n","protected":false},"excerpt":{"rendered":"<p>O convite \u201cVINDE A MIM\u201d veio sendo seguidamente \u00a0repetido \u00e0 humanidade pelos variados mensageiros da Verdade que por ela passaram, inclusive Jesus. O foco das prega\u00e7\u00f5es sempre esteve sendo a UNIDADE ESPIRITUAL ABSOLUTA, embora\u00a0 o mundo mais se apegasse, de forma pessoal, aos mensageiros. Quando Jesus disse: \u201cSe eu n\u00e3o for, o Consolador n\u00e3o vir\u00e1 &hellip; <\/p>\n<p class=\"link-more\"><a href=\"https:\/\/www.fachodeluz.blog.br\/wp\/2019\/12\/08\/vinde-a-mim-quer-dizer-vinde-ao-um\/\" class=\"more-link\">Leia mais<span class=\"screen-reader-text\"> &#8220;\u201cVINDE A MIM\u201d QUER DIZER \u201cVINDE AO UM\u201d!&#8221;<\/span><\/a><\/p>\n","protected":false},"author":2,"featured_media":0,"comment_status":"open","ping_status":"closed","sticky":false,"template":"","format":"standard","meta":{"nf_dc_page":"","_crdt_document":"","footnotes":""},"categories":[10],"tags":[],"class_list":["post-25525","post","type-post","status-publish","format-standard","hentry","category-darcio-dezolt"],"featured_media_urls":[],"_links":{"self":[{"href":"https:\/\/www.fachodeluz.blog.br\/wp\/wp-json\/wp\/v2\/posts\/25525","targetHints":{"allow":["GET"]}}],"collection":[{"href":"https:\/\/www.fachodeluz.blog.br\/wp\/wp-json\/wp\/v2\/posts"}],"about":[{"href":"https:\/\/www.fachodeluz.blog.br\/wp\/wp-json\/wp\/v2\/types\/post"}],"author":[{"embeddable":true,"href":"https:\/\/www.fachodeluz.blog.br\/wp\/wp-json\/wp\/v2\/users\/2"}],"replies":[{"embeddable":true,"href":"https:\/\/www.fachodeluz.blog.br\/wp\/wp-json\/wp\/v2\/comments?post=25525"}],"version-history":[{"count":0,"href":"https:\/\/www.fachodeluz.blog.br\/wp\/wp-json\/wp\/v2\/posts\/25525\/revisions"}],"wp:attachment":[{"href":"https:\/\/www.fachodeluz.blog.br\/wp\/wp-json\/wp\/v2\/media?parent=25525"}],"wp:term":[{"taxonomy":"category","embeddable":true,"href":"https:\/\/www.fachodeluz.blog.br\/wp\/wp-json\/wp\/v2\/categories?post=25525"},{"taxonomy":"post_tag","embeddable":true,"href":"https:\/\/www.fachodeluz.blog.br\/wp\/wp-json\/wp\/v2\/tags?post=25525"}],"curies":[{"name":"wp","href":"https:\/\/api.w.org\/{rel}","templated":true}]}}