{"id":25589,"date":"2019-12-19T11:48:37","date_gmt":"2019-12-19T14:48:37","guid":{"rendered":"http:\/\/fachodeluz.blog.br\/wp\/?p=25589"},"modified":"2019-12-19T11:48:37","modified_gmt":"2019-12-19T14:48:37","slug":"quem-tem-na-mao-o-reino-de-deus-recebera","status":"publish","type":"post","link":"https:\/\/www.fachodeluz.blog.br\/wp\/2019\/12\/19\/quem-tem-na-mao-o-reino-de-deus-recebera\/","title":{"rendered":"&#8220;QUEM TEM NA M\u00c3O O REINO DE DEUS, RECEBER\u00c1!&#8221;"},"content":{"rendered":"<h3 style=\"text-align: center;\"><span style=\"color: #000000;\"><a style=\"color: #000000;\" href=\"https:\/\/i0.wp.com\/fachodeluz.blog.br\/wp\/wp-content\/uploads\/2019\/12\/RECEBENDO-1.jpg\"><img data-recalc-dims=\"1\" loading=\"lazy\" decoding=\"async\" loading=\"lazy\" class=\"aligncenter size-full wp-image-25590\" src=\"https:\/\/i0.wp.com\/fachodeluz.blog.br\/wp\/wp-content\/uploads\/2019\/12\/RECEBENDO-1.jpg?resize=525%2C525\" alt=\"\" width=\"525\" height=\"525\" srcset=\"https:\/\/i0.wp.com\/www.fachodeluz.blog.br\/wp\/wp-content\/uploads\/2019\/12\/RECEBENDO-1.jpg?w=525&amp;ssl=1 525w, https:\/\/i0.wp.com\/www.fachodeluz.blog.br\/wp\/wp-content\/uploads\/2019\/12\/RECEBENDO-1.jpg?resize=300%2C300&amp;ssl=1 300w, https:\/\/i0.wp.com\/www.fachodeluz.blog.br\/wp\/wp-content\/uploads\/2019\/12\/RECEBENDO-1.jpg?resize=150%2C150&amp;ssl=1 150w\" sizes=\"auto, (max-width: 525px) 100vw, 525px\" \/><\/a><\/span><\/h3>\n<h3 style=\"text-align: center;\"><span style=\"color: #000000;\"><em>\u201cAquele que tem algo na m\u00e3o, esse receber\u00e1; e aquele que n\u00e3o tem, esse at\u00e9 perder\u00e1 o pouco que tem\u201d.<\/em><\/span><\/h3>\n<h3 style=\"text-align: center;\"><span style=\"color: #000000;\">Evangelho de Tom\u00e9<\/span><\/h3>\n<h2 style=\"text-align: center;\"><span style=\"color: #000000;\">A instru\u00e7\u00e3o de Jesus, \u201cconhecereis a Verdade e a Verdade vos libertar\u00e1\u201d, dever\u00e1 ser entendida com o seguinte sentido: <strong><em>\u201cPRATICAREIS A VERDADE E A VERDADE VOS LIBERTAR\u00c1!\u201d<\/em><\/strong> Se algu\u00e9m \u201ctomar conhecimento\u201d, por exemplo, de que DEUS COM AGRADO LHE DEU O REINO DIVINO, mas continuar imerso na ILUS\u00c3O de \u201cexist\u00eancia terrena\u201d, continuar\u00e1 presa f\u00e1cil das CREN\u00c7AS FALSAS do suposto \u201cmundo do pai da mentira\u201d!<\/span><\/h2>\n<h2 style=\"text-align: center;\"><span style=\"color: #000000;\"><em>\u201cAquele que tem algo na m\u00e3o, esse receber\u00e1; e aquele que n\u00e3o tem, esse at\u00e9 perder\u00e1 o pouco que tem\u201d. <\/em><\/span><\/h2>\n<h2 style=\"text-align: center;\"><span style=\"color: #000000;\"><strong><em>Conhecer E PRATICAR ESTA VERDADE o far\u00e1 imune \u00e0s CREN\u00c7AS que escravizam a humanidade, pois, VOC\u00ca TER\u00c1 \u201cNA M\u00c3O\u201d O REINO DE DEUS!<\/em><\/strong><\/span><\/h2>\n<h2><\/h2>\n<h2 style=\"text-align: center;\"><span style=\"color: #000000;\">A maioria acredita que \u201cTER ALGO NA M\u00c3O\u201d significa \u201cpossuir algo material na m\u00e3o\u201d, e isto por DESCONHECER A VERDADE de que DEUS \u00c9 ESP\u00cdRITO, E QUE \u00c9 TUDO!<\/span><\/h2>\n<h2><\/h2>\n<h2 style=\"text-align: center;\"><span style=\"color: #000000;\"><em><strong>&#8220;O REINO DE DEUS EST\u00c1 \u00c0 M\u00c3O&#8221;,<\/strong><\/em> disse Jesus! Assim registra a B\u00edblia, na vers\u00e3o inglesa; infelizmente, na vers\u00e3o em portugu\u00eas, foi traduzido como<strong><em> \u201cO REINO DE DEUS EST\u00c1 PR\u00d3XIMO\u201d,<\/em> <\/strong>tirando o seu real e imediato conte\u00fado!<\/span><\/h2>\n<h2><\/h2>\n<h2 style=\"text-align: center;\"><span style=\"color: #000000;\">Vivemos como \u201cdeuses\u201d na UNIDADE PERFEITA, e n\u00e3o como \u201ccarnais avulsos\u201d em suposto \u201cmundo material\u201d. E al\u00e9m desse CONHECIMENTO, teremos de PRATICAR esta Verdade! <strong><em>SABER SEM PRATICAR SE EQUIPARA A N\u00c3O SABER!<\/em><\/strong><\/span><\/h2>\n<h2><\/h2>\n<h2 style=\"text-align: center;\"><span style=\"color: #000000;\">O \u201cconhecimento da Verdade\u201d se chama RENASCIMENTO, isto \u00e9, requer uma VIS\u00c3O RENOVADA DA PR\u00d3PRIA EXIST\u00caNCIA, que \u00e9 a de VIVERMOS EM DEUS COMO O\u00a0 FILHO DE DEUS, CONSCIENTES DE <strong><em>\u201cTERMOS NA M\u00c3O\u201d<\/em><\/strong> TUDO QUE ESPIRITUALMENTE DEUS POSSUI Em termos pr\u00e1ticos, significa JAMAIS NEGARMOS ESTA VERDADE, seja duvidando de que \u201ctudo o necess\u00e1rio j\u00e1 temos na m\u00e3o\u201d, seja atribuindo aparente \u201cFALTA DE ALGO\u201d\u00a0 ao \u201cmundo de apar\u00eancias\u201d, culpando pessoas, pol\u00edticos, s\u00f3cios, patr\u00f5es, crises, demiss\u00f5es de emprego, etc..<\/span><\/h2>\n<h2 style=\"text-align: center;\"><span style=\"color: #000000;\">Seja a alega\u00e7\u00e3o qual possa ser, A CAUSA \u00c9 \u00daNICA: <strong><em>\u201cALGO FOI RECONHECIDO COMO TIRADO DA M\u00c3O DE ALGU\u00c9M\u201d,<\/em><\/strong> enquanto o que Jesus disse, foi: <strong><em>\u201cE aquele que n\u00e3o tem, esse at\u00e9 perder\u00e1 o pouco que tem\u201d.<\/em><\/strong><\/span><\/h2>\n<h2><\/h2>\n<h2 style=\"text-align: center;\"><span style=\"color: #000000;\">TUDO QUE DEUS POSSUI, <em><strong>EST\u00c1 ESPIRITUALMENTE NA SUA M\u00c3O E EM UNIDADE COM VOC\u00ca!<\/strong><\/em> PERMANE\u00c7A EM UNIDADE COM O QUE LHE PARECER NECESS\u00c1RIO, E CONSTATAR\u00c1 O SEU <em>\u201cSURGIMENTO NO VIS\u00cdVEL\u201d<\/em> COMO \u201cSOMBRA\u201d VINDA POR ACR\u00c9SCIMO. <\/span><\/h2>\n<h2 style=\"text-align: center;\"><span style=\"color: #000000;\">*<\/span><\/h2>\n","protected":false},"excerpt":{"rendered":"<p>\u201cAquele que tem algo na m\u00e3o, esse receber\u00e1; e aquele que n\u00e3o tem, esse at\u00e9 perder\u00e1 o pouco que tem\u201d. Evangelho de Tom\u00e9 A instru\u00e7\u00e3o de Jesus, \u201cconhecereis a Verdade e a Verdade vos libertar\u00e1\u201d, dever\u00e1 ser entendida com o seguinte sentido: \u201cPRATICAREIS A VERDADE E A VERDADE VOS LIBERTAR\u00c1!\u201d Se algu\u00e9m \u201ctomar conhecimento\u201d, por &hellip; <\/p>\n<p class=\"link-more\"><a href=\"https:\/\/www.fachodeluz.blog.br\/wp\/2019\/12\/19\/quem-tem-na-mao-o-reino-de-deus-recebera\/\" class=\"more-link\">Leia mais<span class=\"screen-reader-text\"> &#8220;&#8220;QUEM TEM NA M\u00c3O O REINO DE DEUS, RECEBER\u00c1!&#8221;&#8221;<\/span><\/a><\/p>\n","protected":false},"author":2,"featured_media":0,"comment_status":"open","ping_status":"closed","sticky":false,"template":"","format":"standard","meta":{"nf_dc_page":"","_crdt_document":"","footnotes":""},"categories":[10],"tags":[],"class_list":["post-25589","post","type-post","status-publish","format-standard","hentry","category-darcio-dezolt"],"featured_media_urls":[],"_links":{"self":[{"href":"https:\/\/www.fachodeluz.blog.br\/wp\/wp-json\/wp\/v2\/posts\/25589","targetHints":{"allow":["GET"]}}],"collection":[{"href":"https:\/\/www.fachodeluz.blog.br\/wp\/wp-json\/wp\/v2\/posts"}],"about":[{"href":"https:\/\/www.fachodeluz.blog.br\/wp\/wp-json\/wp\/v2\/types\/post"}],"author":[{"embeddable":true,"href":"https:\/\/www.fachodeluz.blog.br\/wp\/wp-json\/wp\/v2\/users\/2"}],"replies":[{"embeddable":true,"href":"https:\/\/www.fachodeluz.blog.br\/wp\/wp-json\/wp\/v2\/comments?post=25589"}],"version-history":[{"count":0,"href":"https:\/\/www.fachodeluz.blog.br\/wp\/wp-json\/wp\/v2\/posts\/25589\/revisions"}],"wp:attachment":[{"href":"https:\/\/www.fachodeluz.blog.br\/wp\/wp-json\/wp\/v2\/media?parent=25589"}],"wp:term":[{"taxonomy":"category","embeddable":true,"href":"https:\/\/www.fachodeluz.blog.br\/wp\/wp-json\/wp\/v2\/categories?post=25589"},{"taxonomy":"post_tag","embeddable":true,"href":"https:\/\/www.fachodeluz.blog.br\/wp\/wp-json\/wp\/v2\/tags?post=25589"}],"curies":[{"name":"wp","href":"https:\/\/api.w.org\/{rel}","templated":true}]}}