{"id":25673,"date":"2020-01-04T12:50:03","date_gmt":"2020-01-04T15:50:03","guid":{"rendered":"http:\/\/fachodeluz.blog.br\/wp\/?p=25673"},"modified":"2020-01-04T12:51:03","modified_gmt":"2020-01-04T15:51:03","slug":"a-consciencia-mistica-e-a-acao-pratica-sao-uma-so-na-essencia","status":"publish","type":"post","link":"https:\/\/www.fachodeluz.blog.br\/wp\/2020\/01\/04\/a-consciencia-mistica-e-a-acao-pratica-sao-uma-so-na-essencia\/","title":{"rendered":"A Consci\u00eancia M\u00edstica e a A\u00e7\u00e3o Pr\u00e1tica S\u00e3o Uma S\u00f3 na Ess\u00eancia!"},"content":{"rendered":"<h3 style=\"text-align: center;\"><a href=\"https:\/\/i0.wp.com\/fachodeluz.blog.br\/wp\/wp-content\/uploads\/2020\/01\/krishna2.jpg\"><img data-recalc-dims=\"1\" loading=\"lazy\" decoding=\"async\" loading=\"lazy\" class=\"aligncenter size-full wp-image-25674\" src=\"https:\/\/i0.wp.com\/fachodeluz.blog.br\/wp\/wp-content\/uploads\/2020\/01\/krishna2.jpg?resize=555%2C501\" alt=\"\" width=\"555\" height=\"501\" srcset=\"https:\/\/i0.wp.com\/www.fachodeluz.blog.br\/wp\/wp-content\/uploads\/2020\/01\/krishna2.jpg?w=555&amp;ssl=1 555w, https:\/\/i0.wp.com\/www.fachodeluz.blog.br\/wp\/wp-content\/uploads\/2020\/01\/krishna2.jpg?resize=300%2C271&amp;ssl=1 300w\" sizes=\"auto, (max-width: 555px) 100vw, 555px\" \/><\/a><\/h3>\n<h3 style=\"text-align: center;\"><em>\u201cO reino da quietude que os s\u00e1bios conquistam pela medita\u00e7\u00e3o \u00e9 tamb\u00e9m conquistado pelos que praticam a\u00e7\u00f5es; s\u00e1bio \u00e9 aquele que compreende que essas duas coisas \u2013 a consci\u00eancia m\u00edstica e a a\u00e7\u00e3o pr\u00e1tica \u2013 s\u00e3o uma s\u00f3 em sua ess\u00eancia\u201d.<\/em><\/h3>\n<h4 style=\"text-align: center;\">Bhagavad Gita<\/h4>\n<h2 style=\"text-align: center;\">Tanto a medita\u00e7\u00e3o como o reto agir, trazem ambos o REINO DA QUIETUDE, pois, como explica Krishna, as duas coisas s\u00e3o UMA S\u00d3, em sua Ess\u00eancia. Este entendimento deixa claro que N\u00c3O H\u00c1 DOIS MUNDOS, mas UM REINO \u00daNICO, que se manifesta como QUIETUDE ONIATIVA!<\/h2>\n<h2><\/h2>\n<h2 style=\"text-align: center;\">O suposto \u201cser profano\u201d , por desconhecer sua pr\u00f3pria consci\u00eancia m\u00edstica, n\u00e3o consegue viver sem ser predominantemente ego\u00edsta, fazendo de tudo por si mesmo, e por seus \u201cfamiliares mais pr\u00f3ximos\u201d, sem se perceber sendo movido \u00e0 pr\u00e1tica de a\u00e7\u00f5es altru\u00edstas que partem daqueles que emanam naturalmente o \u201camor incondicional\u201d.<\/h2>\n<h2 style=\"text-align: center;\">Quais s\u00e3o as a\u00e7\u00f5es que levam seus praticantes ao REINO DA QUIETUDE? S\u00e3o o que a Metaf\u00edsica chama de \u201cAGIR PELO N\u00c3O AGIR&#8221;! S\u00e3o atividades espont\u00e2neas e cont\u00ednuas daqueles que atuam como UM TODO, e n\u00e3o como um \u201cser avulso agindo na mat\u00e9ria\u201d. Podemos tomar por exemplo as a\u00e7\u00f5es de Jesus. Ensinou-nos a agir como ele, dizendo: <strong><em>\u201cSede mansos como os pombos e astutos como as serpentes\u201d!<\/em><\/strong> Isto significa agirmos sem ego, conforme formos inspirados a cada momento, entendendo as a\u00e7\u00f5es como promotoras de \u201cajustes naturais\u201d nos contatos da suposta \u201cvida fenom\u00eanica\u201d!<\/h2>\n<h2 style=\"text-align: center;\">Com Jesus, ocorria tanto a mansid\u00e3o dos pombos como a ast\u00facia das serpentes, sempre com \u201co Pai fazendo as obras\u201d, em <strong><em>Onia\u00e7\u00e3o,<\/em><\/strong> e sempre \u201cagindo pelo n\u00e3o agir\u201d, deixando fluir, a cada instante, <strong><em>o \u201creflexo da Onia\u00e7\u00e3o\u201d como aparente \u201csitua\u00e7\u00e3o vis\u00edvel\u201d.<\/em><\/strong><\/h2>\n<h2><\/h2>\n<h2 style=\"text-align: center;\">Este \u00e9 o sentido das palavras de Krishna:\u00a0 <strong><em>&#8220;S\u00e1bio \u00e9 aquele que compreende que essas duas coisas \u2013 a consci\u00eancia m\u00edstica e a a\u00e7\u00e3o pr\u00e1tica \u2013 s\u00e3o uma s\u00f3 em sua ess\u00eancia&#8221;. <\/em><\/strong><\/h2>\n<h2><\/h2>\n<h2 style=\"text-align: center;\"><strong><em>*<br \/>\n<\/em><\/strong><\/h2>\n","protected":false},"excerpt":{"rendered":"<p>\u201cO reino da quietude que os s\u00e1bios conquistam pela medita\u00e7\u00e3o \u00e9 tamb\u00e9m conquistado pelos que praticam a\u00e7\u00f5es; s\u00e1bio \u00e9 aquele que compreende que essas duas coisas \u2013 a consci\u00eancia m\u00edstica e a a\u00e7\u00e3o pr\u00e1tica \u2013 s\u00e3o uma s\u00f3 em sua ess\u00eancia\u201d. Bhagavad Gita Tanto a medita\u00e7\u00e3o como o reto agir, trazem ambos o REINO DA &hellip; <\/p>\n<p class=\"link-more\"><a href=\"https:\/\/www.fachodeluz.blog.br\/wp\/2020\/01\/04\/a-consciencia-mistica-e-a-acao-pratica-sao-uma-so-na-essencia\/\" class=\"more-link\">Leia mais<span class=\"screen-reader-text\"> &#8220;A Consci\u00eancia M\u00edstica e a A\u00e7\u00e3o Pr\u00e1tica S\u00e3o Uma S\u00f3 na Ess\u00eancia!&#8221;<\/span><\/a><\/p>\n","protected":false},"author":2,"featured_media":0,"comment_status":"open","ping_status":"closed","sticky":false,"template":"","format":"standard","meta":{"nf_dc_page":"","_crdt_document":"","footnotes":""},"categories":[10],"tags":[],"class_list":["post-25673","post","type-post","status-publish","format-standard","hentry","category-darcio-dezolt"],"featured_media_urls":[],"_links":{"self":[{"href":"https:\/\/www.fachodeluz.blog.br\/wp\/wp-json\/wp\/v2\/posts\/25673","targetHints":{"allow":["GET"]}}],"collection":[{"href":"https:\/\/www.fachodeluz.blog.br\/wp\/wp-json\/wp\/v2\/posts"}],"about":[{"href":"https:\/\/www.fachodeluz.blog.br\/wp\/wp-json\/wp\/v2\/types\/post"}],"author":[{"embeddable":true,"href":"https:\/\/www.fachodeluz.blog.br\/wp\/wp-json\/wp\/v2\/users\/2"}],"replies":[{"embeddable":true,"href":"https:\/\/www.fachodeluz.blog.br\/wp\/wp-json\/wp\/v2\/comments?post=25673"}],"version-history":[{"count":0,"href":"https:\/\/www.fachodeluz.blog.br\/wp\/wp-json\/wp\/v2\/posts\/25673\/revisions"}],"wp:attachment":[{"href":"https:\/\/www.fachodeluz.blog.br\/wp\/wp-json\/wp\/v2\/media?parent=25673"}],"wp:term":[{"taxonomy":"category","embeddable":true,"href":"https:\/\/www.fachodeluz.blog.br\/wp\/wp-json\/wp\/v2\/categories?post=25673"},{"taxonomy":"post_tag","embeddable":true,"href":"https:\/\/www.fachodeluz.blog.br\/wp\/wp-json\/wp\/v2\/tags?post=25673"}],"curies":[{"name":"wp","href":"https:\/\/api.w.org\/{rel}","templated":true}]}}