{"id":25869,"date":"2020-02-10T13:01:50","date_gmt":"2020-02-10T16:01:50","guid":{"rendered":"http:\/\/fachodeluz.blog.br\/wp\/?p=25869"},"modified":"2020-02-10T13:36:14","modified_gmt":"2020-02-10T16:36:14","slug":"o-consolador-prometido-sempre-esteve-sendo-o-seu-espirito","status":"publish","type":"post","link":"https:\/\/www.fachodeluz.blog.br\/wp\/2020\/02\/10\/o-consolador-prometido-sempre-esteve-sendo-o-seu-espirito\/","title":{"rendered":"O &#8220;CONSOLADOR PROMETIDO&#8221; SEMPRE ESTEVE SENDO O SEU ESP\u00cdRITO!"},"content":{"rendered":"<h3 style=\"text-align: center;\"><span style=\"color: #800000;\"><a style=\"color: #800000;\" href=\"https:\/\/i0.wp.com\/fachodeluz.blog.br\/wp\/wp-content\/uploads\/2020\/02\/HANDS-1.jpg\"><img data-recalc-dims=\"1\" loading=\"lazy\" decoding=\"async\" loading=\"lazy\" class=\"aligncenter size-full wp-image-25870\" src=\"https:\/\/i0.wp.com\/fachodeluz.blog.br\/wp\/wp-content\/uploads\/2020\/02\/HANDS-1.jpg?resize=555%2C345\" alt=\"\" width=\"555\" height=\"345\" srcset=\"https:\/\/i0.wp.com\/www.fachodeluz.blog.br\/wp\/wp-content\/uploads\/2020\/02\/HANDS-1.jpg?w=555&amp;ssl=1 555w, https:\/\/i0.wp.com\/www.fachodeluz.blog.br\/wp\/wp-content\/uploads\/2020\/02\/HANDS-1.jpg?resize=300%2C186&amp;ssl=1 300w, https:\/\/i0.wp.com\/www.fachodeluz.blog.br\/wp\/wp-content\/uploads\/2020\/02\/HANDS-1.jpg?resize=420%2C260&amp;ssl=1 420w\" sizes=\"auto, (max-width: 555px) 100vw, 555px\" \/><\/a><\/span><\/h3>\n<h3 style=\"text-align: center;\"><span style=\"color: #800000;\"><em>&#8220;Todavia digo-vos a verdade, que vos conv\u00e9m que eu v\u00e1; porque, se eu n\u00e3o for, o Consolador n\u00e3o vir\u00e1 a v\u00f3s; mas, quando eu for, vo-lo enviarei&#8221;.<\/em><\/span><br \/>\n<span style=\"color: #800000;\"><em>E, quando ele vier, convencer\u00e1 o mundo do pecado, e da justi\u00e7a e do ju\u00edzo&#8221;. <\/em><\/span><\/h3>\n<h3 style=\"text-align: center;\"><span style=\"color: #800000;\">Jo\u00e3o 16: 7,8<\/span><\/h3>\n<h3><\/h3>\n<h2 style=\"text-align: center;\"><span style=\"color: #800000;\">Quando Paulo ap\u00f3stolo indagou:<strong><em> \u201cN\u00e3o sabeis que SOIS o Templo de Deus, e que O ESP\u00cdRITO DE DEUS habita em V\u00d3S?\u201d,<\/em><\/strong> estava alertando seus ouvintes de que O CONSOLADOR PROMETIDO POR JESUS J\u00c1 SE FAZIA PRESENTE EM TODOS ELES!<\/span><\/h2>\n<h2 style=\"text-align: center;\"><span style=\"color: #800000;\">A maneira infantil de interpretar as <em>Escrituras<\/em> sempre escondeu a Verdade CONSUMADA anunciada \u00e0 humanidade! <\/span><\/h2>\n<h2 style=\"text-align: center;\"><span style=\"color: #800000;\">Quando Jesus afirma ter que deixar seus disc\u00edpulos, pois, caso n\u00e3o se fosse, o Consolador n\u00e3o viria a eles, assim disse:<\/span><\/h2>\n<h2 style=\"text-align: center;\"><em><span style=\"color: #800000;\">&#8220;Mas, quando eu for, vo-lo enviarei!&#8221; Nada h\u00e1 a acontecer futuramente, pois, EM DEUS, &#8220;TUDO EST\u00c1 FEITO&#8221;!<br \/>\n<\/span><\/em><\/h2>\n<h2><\/h2>\n<h2 style=\"text-align: center;\"><span style=\"color: #800000;\">Jesus sabia ser a UNIDADE PERFEITA, em que O CRISTO NELE igualmente estava sendo O CRISTO EM TODOS! Desse modo, sabia que, se ausentando fisicamente, abriria espa\u00e7o para a <strong><em>Autorrevela\u00e7\u00e3o<\/em><\/strong> do Cristo nos pr\u00f3prios disc\u00edpulos, <strong><em>AQUELE QUE FICARIA COM TODOS PARA SEMPRE!<\/em><\/strong><\/span><\/h2>\n<h2><\/h2>\n<h2 style=\"text-align: center;\"><span style=\"color: #800000;\">Deus \u00e9 TUDO, e j\u00e1 est\u00e1 igualmente presente em toda parte! Est\u00e1, inclusive, onde um \u201cilus\u00f3rio mortal\u201d <strong><em>aparenta existir<\/em><\/strong> e sem que seja <strong><em>AQUELE QUE VERDADEIRAMENTE SOMOS!<\/em><\/strong><\/span><\/h2>\n<h2 style=\"text-align: center;\"><span style=\"color: #800000;\">Quando a B\u00edblia diz que<strong><em> \u201csomos o Cristo oculto em Deus\u201d,<\/em> <\/strong>est\u00e1, de fato, revelando em n\u00f3s<strong><em> \u201co outro Consolador\u201d,<\/em> <\/strong>anunciado por Jesus.\u00a0 <\/span><\/h2>\n<h2 style=\"text-align: center;\"><span style=\"color: #800000;\"><strong><em>A aparente dificuldade em se descartar este \u201cimpostor fenom\u00eanico\u201d, trocando-o pela PRESEN\u00c7A DO CRISTO QUE SOMOS, reside na inaptid\u00e3o da suposta \u201cmente carnal\u201d em perceber algo de natureza divina e espiritual!<\/em> <\/strong>Em vista diss, um <strong><em>ilus\u00f3rio \u201cmundo de nascidos da carne\u201d<\/em> <\/strong>\u00e9 entendido como realidade, mesmo ap\u00f3s Jesus ter dito tratar-se de <strong><em>\u201cum mundo do pai da mentira&#8221;!<\/em><\/strong><\/span><\/h2>\n<h2><\/h2>\n<h2 style=\"text-align: center;\"><span style=\"color: #800000;\">A Mente que temos \u00e9 \u00fanica e exclusivamente DIVINA, enquanto a <strong><em>ilus\u00e3o<\/em><\/strong>, chamada \u201cmente carnal\u201d, apenas insinua agir hipnoticamente como <strong><em>\u201ca inimizade contra Deus&#8221;!<\/em><\/strong><\/span><\/h2>\n<h2><\/h2>\n<h2 style=\"text-align: center;\"><span style=\"color: #800000;\">Afirme <strong><em>TER A MENTE DIVINA,<\/em><\/strong> e com ela, <em>AFIRME QUE <strong>O CONSOLADOR EST\u00c1 PRESENTE,<\/strong><\/em> AQUI E AGORA, <strong><em>SENDO O SEU PR\u00d3PRIO ESP\u00cdRITO!<\/em><\/strong> RECONHE\u00c7A, TAMB\u00c9M, QUE <em><strong>\u201cSEU CORPO \u00c9 TEMPLO ESPIRITUAL DE DEUS&#8221;!<\/strong> <\/em><\/span><\/h2>\n<h2 style=\"text-align: center;\"><span style=\"color: #800000;\">Assim agindo, <strong><em>DEUS TESTIFICAR\u00c1, COM O SEU ESP\u00cdRITO, QUE VOC\u00ca \u00c9 FILHO DE DEUS,<\/em> <\/strong>como disse Paulo! <\/span><\/h2>\n<h2 style=\"text-align: center;\"><span style=\"color: #800000;\">*<\/span><\/h2>\n","protected":false},"excerpt":{"rendered":"<p>&#8220;Todavia digo-vos a verdade, que vos conv\u00e9m que eu v\u00e1; porque, se eu n\u00e3o for, o Consolador n\u00e3o vir\u00e1 a v\u00f3s; mas, quando eu for, vo-lo enviarei&#8221;. E, quando ele vier, convencer\u00e1 o mundo do pecado, e da justi\u00e7a e do ju\u00edzo&#8221;. Jo\u00e3o 16: 7,8 Quando Paulo ap\u00f3stolo indagou: \u201cN\u00e3o sabeis que SOIS o Templo &hellip; <\/p>\n<p class=\"link-more\"><a href=\"https:\/\/www.fachodeluz.blog.br\/wp\/2020\/02\/10\/o-consolador-prometido-sempre-esteve-sendo-o-seu-espirito\/\" class=\"more-link\">Leia mais<span class=\"screen-reader-text\"> &#8220;O &#8220;CONSOLADOR PROMETIDO&#8221; SEMPRE ESTEVE SENDO O SEU ESP\u00cdRITO!&#8221;<\/span><\/a><\/p>\n","protected":false},"author":2,"featured_media":0,"comment_status":"open","ping_status":"closed","sticky":false,"template":"","format":"standard","meta":{"nf_dc_page":"","_crdt_document":"","footnotes":""},"categories":[10],"tags":[],"class_list":["post-25869","post","type-post","status-publish","format-standard","hentry","category-darcio-dezolt"],"featured_media_urls":[],"_links":{"self":[{"href":"https:\/\/www.fachodeluz.blog.br\/wp\/wp-json\/wp\/v2\/posts\/25869","targetHints":{"allow":["GET"]}}],"collection":[{"href":"https:\/\/www.fachodeluz.blog.br\/wp\/wp-json\/wp\/v2\/posts"}],"about":[{"href":"https:\/\/www.fachodeluz.blog.br\/wp\/wp-json\/wp\/v2\/types\/post"}],"author":[{"embeddable":true,"href":"https:\/\/www.fachodeluz.blog.br\/wp\/wp-json\/wp\/v2\/users\/2"}],"replies":[{"embeddable":true,"href":"https:\/\/www.fachodeluz.blog.br\/wp\/wp-json\/wp\/v2\/comments?post=25869"}],"version-history":[{"count":0,"href":"https:\/\/www.fachodeluz.blog.br\/wp\/wp-json\/wp\/v2\/posts\/25869\/revisions"}],"wp:attachment":[{"href":"https:\/\/www.fachodeluz.blog.br\/wp\/wp-json\/wp\/v2\/media?parent=25869"}],"wp:term":[{"taxonomy":"category","embeddable":true,"href":"https:\/\/www.fachodeluz.blog.br\/wp\/wp-json\/wp\/v2\/categories?post=25869"},{"taxonomy":"post_tag","embeddable":true,"href":"https:\/\/www.fachodeluz.blog.br\/wp\/wp-json\/wp\/v2\/tags?post=25869"}],"curies":[{"name":"wp","href":"https:\/\/api.w.org\/{rel}","templated":true}]}}