{"id":25974,"date":"2020-02-28T13:13:19","date_gmt":"2020-02-28T16:13:19","guid":{"rendered":"http:\/\/fachodeluz.blog.br\/wp\/?p=25974"},"modified":"2020-02-29T19:14:07","modified_gmt":"2020-02-29T22:14:07","slug":"apartai-vos-dos-falsos-profetas","status":"publish","type":"post","link":"https:\/\/www.fachodeluz.blog.br\/wp\/2020\/02\/28\/apartai-vos-dos-falsos-profetas\/","title":{"rendered":"APARTAI-VOS DOS FALSOS PROFETAS!"},"content":{"rendered":"<h3 style=\"text-align: center;\"><\/h3>\n<h3 style=\"text-align: center;\"><span style=\"color: #0f381d;\"><a style=\"color: #0f381d;\" href=\"https:\/\/i0.wp.com\/fachodeluz.blog.br\/wp\/wp-content\/uploads\/2020\/02\/falsos-profetas1.jpg\"><img data-recalc-dims=\"1\" loading=\"lazy\" decoding=\"async\" loading=\"lazy\" class=\"aligncenter size-full wp-image-25975\" src=\"https:\/\/i0.wp.com\/fachodeluz.blog.br\/wp\/wp-content\/uploads\/2020\/02\/falsos-profetas1.jpg?resize=555%2C375\" alt=\"\" width=\"555\" height=\"375\" srcset=\"https:\/\/i0.wp.com\/www.fachodeluz.blog.br\/wp\/wp-content\/uploads\/2020\/02\/falsos-profetas1.jpg?w=555&amp;ssl=1 555w, https:\/\/i0.wp.com\/www.fachodeluz.blog.br\/wp\/wp-content\/uploads\/2020\/02\/falsos-profetas1.jpg?resize=300%2C203&amp;ssl=1 300w\" sizes=\"auto, (max-width: 555px) 100vw, 555px\" \/><\/a><\/span><\/h3>\n<h3 style=\"text-align: center;\"><span style=\"color: #0f381d;\"><em>&#8220;Cuidado com os falsos profetas. Eles v\u00eam a voc\u00eas vestidos de peles de ovelhas, mas por dentro s\u00e3o lobos devoradores. Voc\u00eas os reconhecer\u00e3o por seus frutos. Pode algu\u00e9m colher uvas de um espinheiro ou figos de ervas daninhas? Semelhantemente, toda \u00e1rvore boa d\u00e1 frutos bons, mas a \u00e1rvore ruim d\u00e1 frutos ruins. A \u00e1rvore boa n\u00e3o pode dar frutos ruins, nem a \u00e1rvore ruim pode dar frutos bons. Toda \u00e1rvore que n\u00e3o produz bons frutos \u00e9 cortada e lan\u00e7ada ao fogo. Assim, pelos seus frutos voc\u00eas os reconhecer\u00e3o!&#8221;<\/em> <\/span><\/h3>\n<h4 style=\"text-align: center;\"><span style=\"color: #0f381d;\">Mateus 7: 15-20<\/span><\/h4>\n<h2 style=\"text-align: center;\"><span style=\"color: #0f381d;\">Em conversa com um rapaz, ele me disse: <em>\u201cEu nunca fui de seguir uma religi\u00e3o!\u201d.<\/em> E pela forma com que me olhava, senti que de mim esperava ele uma repreens\u00e3o pelo que havia dito. Mas disse a ele: <em>\u201cVoc\u00ea pode se considerar um felizardo!\u201d<\/em><\/span><\/h2>\n<h2 style=\"text-align: center;\"><span style=\"color: #0f381d;\">\u00a0Por certo ter\u00e1 enorme facilidade em, a seu tempo, apreender os verdadeiros princ\u00edpios da Verdade, que nos transmitem as bem aventuran\u00e7as divinas, e a vida pela Gra\u00e7a e com abund\u00e2ncia, isenta dos nocivos, acusadores e mentirosos \u201cdogmas dos homens\u201d, que nem irei aqui citar para n\u00e3o poluir a mente de ningu\u00e9m!<\/span><\/h2>\n<h2><\/h2>\n<h2 style=\"text-align: center;\"><span style=\"color: #0f381d;\">E por falar em \u201cmente\u201d, nunca \u00e9 demais enfatizar a revela\u00e7\u00e3o preciosa e absoluta do ap\u00f3stolo Paulo, de que\u00a0 <strong><em>&#8220;TEMOS A MENTE DE CRISTO\u201d!<\/em> <\/strong>Identificados com ela, n\u00e3o seremos \u201caspirantes \u00e0 Verdade\u201d, como se dizem muitos, por desconhecerem que, ao usarem a suposta \u201cmente carnal\u201d, somente ver\u00e3o o \u201cmundo do pai da mentira\u201d, que acredita em <em>dois poderes<\/em> e que s\u00f3 leva algu\u00e9m ao \u201cjulgamento pelas apar\u00eancias\u201d, ocultando o real Evangelho de Jesus, que afirmou taxativamente: <strong><em>\u201cEu, pela carne, a NINGU\u00c9M julgo\u201d!<\/em><\/strong><\/span><\/h2>\n<h2><\/h2>\n<h2 style=\"text-align: center;\"><span style=\"color: #0f381d;\">Huberto Rohden disse o seguinte: <em>\u201cHoje em dia, \u00e9 quase imposs\u00edvel encontrar o Cristo no Cristianismo\u201d. <\/em>O que precisa ser entendido \u00e9 que o real Cristianismo, e tamb\u00e9m o Cristo, somente s\u00e3o encontrados \u201cdentro de n\u00f3s\u201d.<\/span><\/h2>\n<h2 style=\"text-align: center;\"><span style=\"color: #0f381d;\">Krishnamurti dizia o mesmo: <em>\u201cNa sua forma atual, a religi\u00e3o \u00e9 a pr\u00f3pria ant\u00edtese da Verdade\u201d. <\/em><\/span><\/h2>\n<h2><\/h2>\n<h2 style=\"text-align: center;\"><span style=\"color: #0f381d;\">O conhecimento da Verdade se fundamenta na <strong><em>Autopercep\u00e7\u00e3o!<\/em> <\/strong>A B\u00edblia diz: <em>\u201cO Reino de Deus est\u00e1 dentro de v\u00f3s\u201d, \u201cJesus Cristo est\u00e1 em v\u00f3s\u201d, \u201cO Esp\u00edrito de Deus habita em v\u00f3s\u201d! <\/em><u>\u00a0<\/u>Mesmo assim, o \u201cmundo de apar\u00eancias\u201d \u00e9 o que aparenta receber aten\u00e7\u00e3o maior da grande maioria\u201d<\/span><\/h2>\n<h2><\/h2>\n<h2 style=\"text-align: center;\"><span style=\"color: #0f381d;\">Seja VOC\u00ca uma exce\u00e7\u00e3o! D\u00ea aten\u00e7\u00e3o m\u00e1xima \u00e0 Verdade de que <strong><em>O REINO DE DEUS est\u00e1 MESMO em VOC\u00ca,<\/em><\/strong> com <em><strong>VOC\u00ca j\u00e1 estando nele!<\/strong> <\/em>D\u00ea aten\u00e7\u00e3o \u00e0 <strong><em>PRESEN\u00c7A DO CRISTO em VOC\u00ca,<\/em> <\/strong>e <strong><em>GLORIFIQUE ao DEUS que HABITA em VOC\u00ca PR\u00d3PRIO!<\/em><\/strong><\/span><\/h2>\n<h2><\/h2>\n<h2 style=\"text-align: center;\"><span style=\"color: #0f381d;\">Dedicando-se \u00e0 Verdade dessa forma, estar\u00e1 seguindo <strong><em>\u201ctodos os mestres\u201d,<\/em><\/strong> se livrando das FALSAS crendices\u00a0 das igrejas,\u00a0 se poupando de escutar &#8220;falsos profetas&#8221;, e vivendo feliz e radiante pela <strong><em>Verdade e pela Gra\u00e7a!<\/em><\/strong><\/span><\/h2>\n<h2 style=\"text-align: center;\"><span style=\"color: #0f381d;\">*<\/span><\/h2>\n","protected":false},"excerpt":{"rendered":"<p>&#8220;Cuidado com os falsos profetas. Eles v\u00eam a voc\u00eas vestidos de peles de ovelhas, mas por dentro s\u00e3o lobos devoradores. Voc\u00eas os reconhecer\u00e3o por seus frutos. Pode algu\u00e9m colher uvas de um espinheiro ou figos de ervas daninhas? Semelhantemente, toda \u00e1rvore boa d\u00e1 frutos bons, mas a \u00e1rvore ruim d\u00e1 frutos ruins. A \u00e1rvore boa &hellip; <\/p>\n<p class=\"link-more\"><a href=\"https:\/\/www.fachodeluz.blog.br\/wp\/2020\/02\/28\/apartai-vos-dos-falsos-profetas\/\" class=\"more-link\">Leia mais<span class=\"screen-reader-text\"> &#8220;APARTAI-VOS DOS FALSOS PROFETAS!&#8221;<\/span><\/a><\/p>\n","protected":false},"author":2,"featured_media":0,"comment_status":"open","ping_status":"closed","sticky":false,"template":"","format":"standard","meta":{"nf_dc_page":"","_crdt_document":"","footnotes":""},"categories":[10],"tags":[],"class_list":["post-25974","post","type-post","status-publish","format-standard","hentry","category-darcio-dezolt"],"featured_media_urls":[],"_links":{"self":[{"href":"https:\/\/www.fachodeluz.blog.br\/wp\/wp-json\/wp\/v2\/posts\/25974","targetHints":{"allow":["GET"]}}],"collection":[{"href":"https:\/\/www.fachodeluz.blog.br\/wp\/wp-json\/wp\/v2\/posts"}],"about":[{"href":"https:\/\/www.fachodeluz.blog.br\/wp\/wp-json\/wp\/v2\/types\/post"}],"author":[{"embeddable":true,"href":"https:\/\/www.fachodeluz.blog.br\/wp\/wp-json\/wp\/v2\/users\/2"}],"replies":[{"embeddable":true,"href":"https:\/\/www.fachodeluz.blog.br\/wp\/wp-json\/wp\/v2\/comments?post=25974"}],"version-history":[{"count":0,"href":"https:\/\/www.fachodeluz.blog.br\/wp\/wp-json\/wp\/v2\/posts\/25974\/revisions"}],"wp:attachment":[{"href":"https:\/\/www.fachodeluz.blog.br\/wp\/wp-json\/wp\/v2\/media?parent=25974"}],"wp:term":[{"taxonomy":"category","embeddable":true,"href":"https:\/\/www.fachodeluz.blog.br\/wp\/wp-json\/wp\/v2\/categories?post=25974"},{"taxonomy":"post_tag","embeddable":true,"href":"https:\/\/www.fachodeluz.blog.br\/wp\/wp-json\/wp\/v2\/tags?post=25974"}],"curies":[{"name":"wp","href":"https:\/\/api.w.org\/{rel}","templated":true}]}}