{"id":25982,"date":"2020-03-01T12:43:00","date_gmt":"2020-03-01T15:43:00","guid":{"rendered":"http:\/\/fachodeluz.blog.br\/wp\/?p=25982"},"modified":"2020-03-01T12:43:00","modified_gmt":"2020-03-01T15:43:00","slug":"por-que-lavais-o-exterior-do-recipiente","status":"publish","type":"post","link":"https:\/\/www.fachodeluz.blog.br\/wp\/2020\/03\/01\/por-que-lavais-o-exterior-do-recipiente\/","title":{"rendered":"&#8220;POR QUE LAVAIS O EXTERIOR DO RECIPIENTE?&#8221;"},"content":{"rendered":"<h3 style=\"text-align: center;\"><span style=\"color: #993300;\"><a style=\"color: #993300;\" href=\"https:\/\/i0.wp.com\/fachodeluz.blog.br\/wp\/wp-content\/uploads\/2020\/03\/porta-estreita-2.jpg\"><img data-recalc-dims=\"1\" loading=\"lazy\" decoding=\"async\" loading=\"lazy\" class=\"aligncenter size-full wp-image-25983\" src=\"https:\/\/i0.wp.com\/fachodeluz.blog.br\/wp\/wp-content\/uploads\/2020\/03\/porta-estreita-2.jpg?resize=555%2C386\" alt=\"\" width=\"555\" height=\"386\" srcset=\"https:\/\/i0.wp.com\/www.fachodeluz.blog.br\/wp\/wp-content\/uploads\/2020\/03\/porta-estreita-2.jpg?w=555&amp;ssl=1 555w, https:\/\/i0.wp.com\/www.fachodeluz.blog.br\/wp\/wp-content\/uploads\/2020\/03\/porta-estreita-2.jpg?resize=300%2C209&amp;ssl=1 300w\" sizes=\"auto, (max-width: 555px) 100vw, 555px\" \/><\/a><\/span><\/h3>\n<h3 style=\"text-align: center;\"><span style=\"color: #993300;\"><em>\u201cDisse Jesus: Por que lavais o exterior do recipiente? N\u00e3o sabeis que o mesmo que criou o interior criou tamb\u00e9m o exterior?\u201d<\/em><\/span><\/h3>\n<h3 style=\"text-align: center;\"><span style=\"color: #993300;\">Evangelho de Tom\u00e9<\/span><\/h3>\n<h2 style=\"text-align: center;\"><span style=\"color: #993300;\">\u00c9 inacredit\u00e1vel a quantidade de ensinamentos, filosofias orientais e religi\u00f5es, considerando o Universo a partir do <em>\u201creferencial da mentira&#8221;!<\/em> Nem parece que Buda declarou que <strong><em>\u201colhos, ouvidos, nariz, l\u00edngua, corpo e mente s\u00e3o o NADA!&#8221;<\/em> <\/strong>Tampouco parece que Jesus declarou ser\u00a0 este mundo material <strong><em>uma sat\u00e2nica cren\u00e7a mentirosa A SER VENCIDA!<\/em><\/strong><\/span><\/h2>\n<h2><\/h2>\n<h2 style=\"text-align: center;\"><span style=\"color: #993300;\">No <em>Evangelho de Tom\u00e9,<\/em> faz Jesus a seguinte pergunta:<em><strong>\u201cPor que lavais o exterior do recipiente?\u201d<\/strong>. <\/em>Est\u00e1 explicando que H\u00c1 UM S\u00d3 UNIVERSO, espiritual e perfeito, e que ESTE UNIVERSO REAL \u00c9 ILUMINADO E PERFEITO, e precisa assim ser <em><strong>RECONHECIDO<\/strong><\/em> para que sua \u201csombra\u201d se projete sint\u00f4nica com a Verdade.<\/span><\/h2>\n<h2><\/h2>\n<h2 style=\"text-align: center;\"><span style=\"color: #993300;\">O Caminho \u00e9 ESTREITO! Mais que isso! <strong><em>Al\u00e9m de ESTREITO, \u00e9 INVIS\u00cdVEL!<\/em> <\/strong>Seu nome \u00e9 EU SOU! <strong><em>\u201cEU SOU O CAMINHO!<\/em><\/strong><\/span><\/h2>\n<h2><\/h2>\n<h2 style=\"text-align: center;\"><span style=\"color: #993300;\">De onde v\u00eam os \u201ccaminhos espa\u00e7osos\u201d da perdi\u00e7\u00e3o? DO DESCONHECIMENTO DA VERDADE DE QUE <em><strong>\u201cSOMOS O CAMINHO ESTREITO&#8221;! <\/strong><\/em>Dele derivam todas as falsas CREN\u00c7AS que s\u00f3 intentam <strong><em>\u201clavar o exterior do recipiente\u201d,<\/em> <\/strong>pregando \u201cpecados e reforma de pecadores\u201d, \u201cencarna\u00e7\u00f5es e reencarna\u00e7\u00f5es\u201d, \u201cevolu\u00e7\u00e3o\u201d, \u201cest\u00e1gios de consci\u00eancia\u201d, progresso espiritual em supostas \u201cescolas terrenas da alma\u201d, ou seja, <strong><em>CONTRADIZENDO QUE O MESMO QUE FAZ SURGIR A \u201cAPAR\u00caNCIA\u201d \u00c9 O CRIADOR DA ESS\u00caNCIA INTERIOR! <\/em><\/strong><\/span><\/h2>\n<h2><\/h2>\n<h2 style=\"text-align: center;\"><span style=\"color: #993300;\"><strong>Cada um poder\u00e1 e dever\u00e1 se livrar desse FESTIVAL DE CREN\u00c7AS FALSAS, desviando-se de TODAS ELAS e <em>\u201cINDO A MIM\u201d,<\/em> AO <em>\u201cEU SOU ABSOLUTO\u201d,<\/em> AO <em>\u201cCAMINHO ESTREITO\u201d<\/em> EM QUE \u201cSOMOS TODOS UM\u201d, E, PORTANTO, EM QUE &#8220;SOMOS TODOS DEUSES&#8221;!<br \/>\n<\/strong><\/span><\/h2>\n<p>&nbsp;<\/p>\n<h2 style=\"text-align: center;\"><span style=\"color: #993300;\"><strong>\u00c9 desse modo que paramos de nos identificar com \u201ccarnais imperfeitos\u201d, deixando a APAR\u00caNCIA EXTERIOR se projetar em conson\u00e2ncia com O SER INTERIOR QUE SOMOS: <em>O CRISTO!<\/em><\/strong><\/span><\/h2>\n<h2 style=\"text-align: center;\"><span style=\"color: #993300;\"><strong>\u00a0*<\/strong><\/span><\/h2>\n","protected":false},"excerpt":{"rendered":"<p>\u201cDisse Jesus: Por que lavais o exterior do recipiente? N\u00e3o sabeis que o mesmo que criou o interior criou tamb\u00e9m o exterior?\u201d Evangelho de Tom\u00e9 \u00c9 inacredit\u00e1vel a quantidade de ensinamentos, filosofias orientais e religi\u00f5es, considerando o Universo a partir do \u201creferencial da mentira&#8221;! Nem parece que Buda declarou que \u201colhos, ouvidos, nariz, l\u00edngua, corpo &hellip; <\/p>\n<p class=\"link-more\"><a href=\"https:\/\/www.fachodeluz.blog.br\/wp\/2020\/03\/01\/por-que-lavais-o-exterior-do-recipiente\/\" class=\"more-link\">Leia mais<span class=\"screen-reader-text\"> &#8220;&#8220;POR QUE LAVAIS O EXTERIOR DO RECIPIENTE?&#8221;&#8221;<\/span><\/a><\/p>\n","protected":false},"author":2,"featured_media":0,"comment_status":"open","ping_status":"closed","sticky":false,"template":"","format":"standard","meta":{"nf_dc_page":"","_crdt_document":"","footnotes":""},"categories":[10],"tags":[],"class_list":["post-25982","post","type-post","status-publish","format-standard","hentry","category-darcio-dezolt"],"featured_media_urls":[],"_links":{"self":[{"href":"https:\/\/www.fachodeluz.blog.br\/wp\/wp-json\/wp\/v2\/posts\/25982","targetHints":{"allow":["GET"]}}],"collection":[{"href":"https:\/\/www.fachodeluz.blog.br\/wp\/wp-json\/wp\/v2\/posts"}],"about":[{"href":"https:\/\/www.fachodeluz.blog.br\/wp\/wp-json\/wp\/v2\/types\/post"}],"author":[{"embeddable":true,"href":"https:\/\/www.fachodeluz.blog.br\/wp\/wp-json\/wp\/v2\/users\/2"}],"replies":[{"embeddable":true,"href":"https:\/\/www.fachodeluz.blog.br\/wp\/wp-json\/wp\/v2\/comments?post=25982"}],"version-history":[{"count":0,"href":"https:\/\/www.fachodeluz.blog.br\/wp\/wp-json\/wp\/v2\/posts\/25982\/revisions"}],"wp:attachment":[{"href":"https:\/\/www.fachodeluz.blog.br\/wp\/wp-json\/wp\/v2\/media?parent=25982"}],"wp:term":[{"taxonomy":"category","embeddable":true,"href":"https:\/\/www.fachodeluz.blog.br\/wp\/wp-json\/wp\/v2\/categories?post=25982"},{"taxonomy":"post_tag","embeddable":true,"href":"https:\/\/www.fachodeluz.blog.br\/wp\/wp-json\/wp\/v2\/tags?post=25982"}],"curies":[{"name":"wp","href":"https:\/\/api.w.org\/{rel}","templated":true}]}}