{"id":26005,"date":"2020-03-06T11:48:12","date_gmt":"2020-03-06T14:48:12","guid":{"rendered":"http:\/\/fachodeluz.blog.br\/wp\/?p=26005"},"modified":"2020-03-06T11:48:12","modified_gmt":"2020-03-06T14:48:12","slug":"o-sabio-vive-como-vida-de-deus-e-deus-vive-como-vida-dele","status":"publish","type":"post","link":"https:\/\/www.fachodeluz.blog.br\/wp\/2020\/03\/06\/o-sabio-vive-como-vida-de-deus-e-deus-vive-como-vida-dele\/","title":{"rendered":"O S\u00c1BIO VIVE COMO VIDA DE DEUS, E DEUS VIVE COMO VIDA DELE!"},"content":{"rendered":"<h3 style=\"text-align: center;\"><span style=\"color: #993300;\"><a style=\"color: #993300;\" href=\"https:\/\/i0.wp.com\/fachodeluz.blog.br\/wp\/wp-content\/uploads\/2020\/03\/GITA-1.jpg\"><img data-recalc-dims=\"1\" loading=\"lazy\" decoding=\"async\" loading=\"lazy\" class=\"aligncenter size-full wp-image-26007\" src=\"https:\/\/i0.wp.com\/fachodeluz.blog.br\/wp\/wp-content\/uploads\/2020\/03\/GITA-1.jpg?resize=555%2C604\" alt=\"\" width=\"555\" height=\"604\" srcset=\"https:\/\/i0.wp.com\/www.fachodeluz.blog.br\/wp\/wp-content\/uploads\/2020\/03\/GITA-1.jpg?w=555&amp;ssl=1 555w, https:\/\/i0.wp.com\/www.fachodeluz.blog.br\/wp\/wp-content\/uploads\/2020\/03\/GITA-1.jpg?resize=276%2C300&amp;ssl=1 276w\" sizes=\"auto, (max-width: 555px) 100vw, 555px\" \/><\/a><\/span><\/h3>\n<h3 style=\"text-align: center;\"><span style=\"color: #993300;\"><em>O s\u00e1bio que conhece o meu Poder cultua-me com amorosa compreens\u00e3o. Ele vive na minha vida, e eu vivo na vida dele; glorifica-me e eu o glorifico &#8211; e assim vive ele, isento de ilus\u00e3o e repleto da luz de alta sapi\u00eancia.<\/em><\/span><\/h3>\n<h3 style=\"text-align: center;\"><span style=\"color: #993300;\">Krishna<\/span><\/h3>\n<h2 style=\"text-align: center;\"><span style=\"color: #993300;\">A Ess\u00eancia do Evangelho de Jesus repete o que disse Krishna, Buda e demais \u201cconhecedores da Verdade\u201d. Sempre o s\u00e1bio conhece o Poder de Deus, VIVE NA VIDA DE DEUS, E DEUS VIVE NA VIDA DELE, nunca como dualidade, mas como PERFEITO NA UNIDADE!<\/span><\/h2>\n<h2 style=\"text-align: center;\"><span style=\"color: #993300;\">Os supostos profanos s\u00e3o os que aparentam se deleitar com os prazeres, bens luxuosos e recrea\u00e7\u00f5es do mundo da ilus\u00e3o, mostrando-se arredios \u00e0 Verdade e aos princ\u00edpios espirituais. Quando se desencantam com a ilus\u00e3o, revelam ao mesmo tempo um interesse pelas \u201ccoisas do alto\u201d, como disse Paulo, deixando de pensar nas \u201ccoisas da terra\u201d.<\/span><\/h2>\n<h2 style=\"text-align: center;\"><span style=\"color: #993300;\"><strong><em>\u201cDo menor ao maior, todos conhecer\u00e3o a MIM\u201d,<\/em> <\/strong>a pr\u00f3pria <em><strong>Ess\u00eancia,<\/strong><\/em> a pr\u00f3pria VIDA REAL, e o prazer maior lhe vir\u00e1 de <strong><em>MIM,<\/em><\/strong> da comunh\u00e3o com o <strong><em>\u201cEU DE SI MESMO\u201d,<\/em> <\/strong>que antes lhe parecia ausente, distante e\u00a0 mesmo desconhecido! E o suposto \u201cmundo de apar\u00eancias\u201d perde sua atra\u00e7\u00e3o de antes, criando-lhe um \u201cvazio\u201d que inclusive pode at\u00e9 se tornar avers\u00e3o.<\/span><\/h2>\n<h2 style=\"text-align: center;\"><span style=\"color: #993300;\">\u00c9 desse modo que a \u201cvida morta da ilus\u00e3o\u201d revela sua natureza falsa, ilus\u00f3ria, mortal e sem sentido, enquanto a VIDA ETERNA, COMO VIDA DIVINA EM EXPRESS\u00c3O, LHE \u00c9 REVELADA! E nele se cumpre a Verdade dita por Krishna:<\/span><\/h2>\n<h2 style=\"text-align: center;\"><span style=\"color: #993300;\"><em>Ele vive na minha vida, e eu vivo na vida dele; glorifica-me e eu o glorifico &#8211; e assim vive ele, isento de ilus\u00e3o e repleto da luz de alta sapi\u00eancia. <\/em><\/span><\/h2>\n<h2 style=\"text-align: center;\"><span style=\"color: #993300;\"><em>\u00a0<\/em><\/span><\/h2>\n<h2 style=\"text-align: center;\"><span style=\"color: #993300;\"><em>*<\/em><\/span><\/h2>\n","protected":false},"excerpt":{"rendered":"<p>O s\u00e1bio que conhece o meu Poder cultua-me com amorosa compreens\u00e3o. Ele vive na minha vida, e eu vivo na vida dele; glorifica-me e eu o glorifico &#8211; e assim vive ele, isento de ilus\u00e3o e repleto da luz de alta sapi\u00eancia. Krishna A Ess\u00eancia do Evangelho de Jesus repete o que disse Krishna, Buda &hellip; <\/p>\n<p class=\"link-more\"><a href=\"https:\/\/www.fachodeluz.blog.br\/wp\/2020\/03\/06\/o-sabio-vive-como-vida-de-deus-e-deus-vive-como-vida-dele\/\" class=\"more-link\">Leia mais<span class=\"screen-reader-text\"> &#8220;O S\u00c1BIO VIVE COMO VIDA DE DEUS, E DEUS VIVE COMO VIDA DELE!&#8221;<\/span><\/a><\/p>\n","protected":false},"author":2,"featured_media":0,"comment_status":"open","ping_status":"closed","sticky":false,"template":"","format":"standard","meta":{"nf_dc_page":"","_crdt_document":"","footnotes":""},"categories":[10],"tags":[],"class_list":["post-26005","post","type-post","status-publish","format-standard","hentry","category-darcio-dezolt"],"featured_media_urls":[],"_links":{"self":[{"href":"https:\/\/www.fachodeluz.blog.br\/wp\/wp-json\/wp\/v2\/posts\/26005","targetHints":{"allow":["GET"]}}],"collection":[{"href":"https:\/\/www.fachodeluz.blog.br\/wp\/wp-json\/wp\/v2\/posts"}],"about":[{"href":"https:\/\/www.fachodeluz.blog.br\/wp\/wp-json\/wp\/v2\/types\/post"}],"author":[{"embeddable":true,"href":"https:\/\/www.fachodeluz.blog.br\/wp\/wp-json\/wp\/v2\/users\/2"}],"replies":[{"embeddable":true,"href":"https:\/\/www.fachodeluz.blog.br\/wp\/wp-json\/wp\/v2\/comments?post=26005"}],"version-history":[{"count":0,"href":"https:\/\/www.fachodeluz.blog.br\/wp\/wp-json\/wp\/v2\/posts\/26005\/revisions"}],"wp:attachment":[{"href":"https:\/\/www.fachodeluz.blog.br\/wp\/wp-json\/wp\/v2\/media?parent=26005"}],"wp:term":[{"taxonomy":"category","embeddable":true,"href":"https:\/\/www.fachodeluz.blog.br\/wp\/wp-json\/wp\/v2\/categories?post=26005"},{"taxonomy":"post_tag","embeddable":true,"href":"https:\/\/www.fachodeluz.blog.br\/wp\/wp-json\/wp\/v2\/tags?post=26005"}],"curies":[{"name":"wp","href":"https:\/\/api.w.org\/{rel}","templated":true}]}}