{"id":26040,"date":"2020-03-14T12:43:30","date_gmt":"2020-03-14T15:43:30","guid":{"rendered":"http:\/\/fachodeluz.blog.br\/wp\/?p=26040"},"modified":"2020-03-14T13:57:00","modified_gmt":"2020-03-14T16:57:00","slug":"e-estais-perfeitos-nele","status":"publish","type":"post","link":"https:\/\/www.fachodeluz.blog.br\/wp\/2020\/03\/14\/e-estais-perfeitos-nele\/","title":{"rendered":"&#8220;E ESTAIS PERFEITOS NELE!&#8221;"},"content":{"rendered":"<h2 style=\"text-align: center;\"><a href=\"https:\/\/i0.wp.com\/fachodeluz.blog.br\/wp\/wp-content\/uploads\/2020\/03\/PERFEITOS-1.jpg\"><img data-recalc-dims=\"1\" loading=\"lazy\" decoding=\"async\" loading=\"lazy\" class=\"aligncenter size-full wp-image-26041\" src=\"https:\/\/i0.wp.com\/fachodeluz.blog.br\/wp\/wp-content\/uploads\/2020\/03\/PERFEITOS-1.jpg?resize=555%2C417\" alt=\"\" width=\"555\" height=\"417\" srcset=\"https:\/\/i0.wp.com\/www.fachodeluz.blog.br\/wp\/wp-content\/uploads\/2020\/03\/PERFEITOS-1.jpg?w=555&amp;ssl=1 555w, https:\/\/i0.wp.com\/www.fachodeluz.blog.br\/wp\/wp-content\/uploads\/2020\/03\/PERFEITOS-1.jpg?resize=300%2C225&amp;ssl=1 300w\" sizes=\"auto, (max-width: 555px) 100vw, 555px\" \/><\/a><\/h2>\n<h3 style=\"text-align: center;\"><em><span style=\"color: #000000;\">\u201cTende cuidado, para que ningu\u00e9m vos fa\u00e7a presa sua, por meio de filosofias e v\u00e3s sutilezas, segundo a tradi\u00e7\u00e3o dos homens, segundo os r<\/span>udimentos do mundo, e n\u00e3o segundo Cristo;<br \/>\nporque nele habita corporalmente toda a plenitude da divindade;<br \/>\nE estais perfeitos nele, que \u00e9 a cabe\u00e7a de todo o principado e potestade\u201d. <\/em><em>\u00a0<\/em><\/h3>\n<h3 style=\"text-align: center;\">Colossenses 2: 8-10<\/h3>\n<h3 style=\"text-align: center;\"><\/h3>\n<h2 style=\"text-align: center;\">S\u00e3o constantes as recomenda\u00e7\u00f5es das <em>Escrituras<\/em> no sentido de que NOS VEJAMOS PERFEITOS, fazendo TOTAL identifica\u00e7\u00e3o com o CRISTO QUE SOMOS, e repudiando as <strong><em>\u201cfilosofias e v\u00e3s sutilezas segundo a tradi\u00e7\u00e3o dos homens\u201d,<\/em><\/strong> como bem frisou Paulo.<\/h2>\n<h2 style=\"text-align: center;\"><\/h2>\n<h2 style=\"text-align: center;\">Se a Peste disser que ir\u00e1 a Bagd\u00e1 matar cinco mil, o medo dela matar\u00e1 dez vezes mais, como diz esta f\u00e1bula, aqui publicada recentemente, para explicar <strong><em>o que faz o medo com os descrentes de Deus.<\/em><\/strong> Pior do que a Peste, \u00e9 a CREN\u00c7A que nega a Verdade de que SOMOS DEUSES ETERNOS!<\/h2>\n<h2 style=\"text-align: center;\"><\/h2>\n<h2 style=\"text-align: center;\">Entender a cita\u00e7\u00e3o de Paulo para cumpri-la, significa <strong><em>\u201cESTARMOS CONSCIENTES DE QUE DEUS \u00c9 NOSSA PERFEI\u00c7\u00c3O IMUT\u00c1VEL\u201d,<\/em><\/strong> e significa VIVERMOS &#8220;VACINADOS&#8221; pela Verdade, diante dos supostos \u201cmales do mundo\u201d!<\/h2>\n<h2><\/h2>\n<h2 style=\"text-align: center;\">Como DEUS \u00c9 TUDO, somos AQUI E AGORA o que Deus \u00e9, atrav\u00e9s do FILHO QUE SOMOS! E quando nos atemos \u00e0 Verdade de que O UNIVERSO \u00c9 \u201cBEM PERMANENTE\u201d, enquanto os supostos \u201cbem e mal\u201d do mundo n\u00e3o passam de APAR\u00caNCIAS, cabe-nos RECONHECER A VERDADE COMO JESUS FAZIA, VENDO-SE SENDO <strong><em>A VERDADE EM SI,<\/em><\/strong> E VENDO A SI MESMO COMO <em><strong>\u201cPERFEI\u00c7\u00c3O ABSOLUTA\u201d!<\/strong><\/em><\/h2>\n<h2><\/h2>\n<h2 style=\"text-align: center;\">Ao dizer para vivermos \u201c<em>segundo Cristo\u201d,<br \/>\nporque <strong>\u201cnele habita corporalmente toda a plenitude da divindade\u201d, <\/strong><\/em>Paulo explica a DIVINDADE QUE VERDADEIRAMENTE SOMOS, E ISTO PARA QUE<em><strong> \u201cESTEJAMOS PERFEITOS\u201d,<\/strong> <\/em>NESTA VIDA DIVINA QUE AGORA VIVEMOS!<\/h2>\n<h2 style=\"text-align: center;\"><em>\u00a0<\/em><\/h2>\n<h2 style=\"text-align: center;\"><em>\u201cE estais perfeitos nele, que \u00e9 a cabe\u00e7a de todo o principado e potestade\u201d.<\/em><\/h2>\n<h2><\/h2>\n<h2 style=\"text-align: center;\"><em>*<\/em><\/h2>\n","protected":false},"excerpt":{"rendered":"<p>\u201cTende cuidado, para que ningu\u00e9m vos fa\u00e7a presa sua, por meio de filosofias e v\u00e3s sutilezas, segundo a tradi\u00e7\u00e3o dos homens, segundo os rudimentos do mundo, e n\u00e3o segundo Cristo; porque nele habita corporalmente toda a plenitude da divindade; E estais perfeitos nele, que \u00e9 a cabe\u00e7a de todo o principado e potestade\u201d. \u00a0 Colossenses &hellip; <\/p>\n<p class=\"link-more\"><a href=\"https:\/\/www.fachodeluz.blog.br\/wp\/2020\/03\/14\/e-estais-perfeitos-nele\/\" class=\"more-link\">Leia mais<span class=\"screen-reader-text\"> &#8220;&#8220;E ESTAIS PERFEITOS NELE!&#8221;&#8221;<\/span><\/a><\/p>\n","protected":false},"author":2,"featured_media":0,"comment_status":"open","ping_status":"closed","sticky":false,"template":"","format":"standard","meta":{"nf_dc_page":"","_crdt_document":"","footnotes":""},"categories":[10],"tags":[],"class_list":["post-26040","post","type-post","status-publish","format-standard","hentry","category-darcio-dezolt"],"featured_media_urls":[],"_links":{"self":[{"href":"https:\/\/www.fachodeluz.blog.br\/wp\/wp-json\/wp\/v2\/posts\/26040","targetHints":{"allow":["GET"]}}],"collection":[{"href":"https:\/\/www.fachodeluz.blog.br\/wp\/wp-json\/wp\/v2\/posts"}],"about":[{"href":"https:\/\/www.fachodeluz.blog.br\/wp\/wp-json\/wp\/v2\/types\/post"}],"author":[{"embeddable":true,"href":"https:\/\/www.fachodeluz.blog.br\/wp\/wp-json\/wp\/v2\/users\/2"}],"replies":[{"embeddable":true,"href":"https:\/\/www.fachodeluz.blog.br\/wp\/wp-json\/wp\/v2\/comments?post=26040"}],"version-history":[{"count":0,"href":"https:\/\/www.fachodeluz.blog.br\/wp\/wp-json\/wp\/v2\/posts\/26040\/revisions"}],"wp:attachment":[{"href":"https:\/\/www.fachodeluz.blog.br\/wp\/wp-json\/wp\/v2\/media?parent=26040"}],"wp:term":[{"taxonomy":"category","embeddable":true,"href":"https:\/\/www.fachodeluz.blog.br\/wp\/wp-json\/wp\/v2\/categories?post=26040"},{"taxonomy":"post_tag","embeddable":true,"href":"https:\/\/www.fachodeluz.blog.br\/wp\/wp-json\/wp\/v2\/tags?post=26040"}],"curies":[{"name":"wp","href":"https:\/\/api.w.org\/{rel}","templated":true}]}}