{"id":26132,"date":"2020-03-31T12:27:41","date_gmt":"2020-03-31T15:27:41","guid":{"rendered":"http:\/\/fachodeluz.blog.br\/wp\/?p=26132"},"modified":"2020-03-31T12:27:41","modified_gmt":"2020-03-31T15:27:41","slug":"a-mente-unica-e-divina-e-sem-ilusao","status":"publish","type":"post","link":"https:\/\/www.fachodeluz.blog.br\/wp\/2020\/03\/31\/a-mente-unica-e-divina-e-sem-ilusao\/","title":{"rendered":"A MENTE \u00daNICA \u00c9 DIVINA E SEM ILUS\u00c3O!"},"content":{"rendered":"<p style=\"text-align: center;\"><span style=\"color: #525228;\"><a style=\"color: #525228;\" href=\"https:\/\/i0.wp.com\/fachodeluz.blog.br\/wp\/wp-content\/uploads\/2020\/03\/apar%C3%AAncias-22.jpg\"><img data-recalc-dims=\"1\" loading=\"lazy\" decoding=\"async\" loading=\"lazy\" class=\"aligncenter size-full wp-image-26133\" src=\"https:\/\/i0.wp.com\/fachodeluz.blog.br\/wp\/wp-content\/uploads\/2020\/03\/apar%C3%AAncias-22.jpg?resize=555%2C329\" alt=\"\" width=\"555\" height=\"329\" srcset=\"https:\/\/i0.wp.com\/www.fachodeluz.blog.br\/wp\/wp-content\/uploads\/2020\/03\/apar%C3%AAncias-22.jpg?w=555&amp;ssl=1 555w, https:\/\/i0.wp.com\/www.fachodeluz.blog.br\/wp\/wp-content\/uploads\/2020\/03\/apar%C3%AAncias-22.jpg?resize=300%2C178&amp;ssl=1 300w\" sizes=\"auto, (max-width: 555px) 100vw, 555px\" \/><\/a><\/span><\/p>\n<p style=\"text-align: center;\">\n<h2 style=\"text-align: center;\"><span style=\"color: #525228;\">Se uma sala estiver sem ningu\u00e9m, e com uma TV desligada em sua parede, caso algu\u00e9m nela entre, e ligue o aparelho, poder\u00e3o ser vistas na tela as mais diversas \u201cimagens em movimenta\u00e7\u00e3o\u201d, aparentemente tirando a condi\u00e7\u00e3o pac\u00edfica antes ali presente. Se a TV for DESLIGADA, aquela condi\u00e7\u00e3o poderia ser notada novamente!<\/span><\/h2>\n<h2 style=\"text-align: center;\"><\/h2>\n<h2 style=\"text-align: center;\"><span style=\"color: #525228;\">Quando diante de \u201capar\u00eancias em muta\u00e7\u00e3o\u201d, ao nos DESLIGARMOS TOTALMENTE DELAS, reconhecendo-as como NADAS, podemos admitir e vivenciar a Verdade de que O UNIVERSO INFINITO Se evidencia em DIVINA ORDEM, porque TODAS AS \u201cAPAR\u00caNCIAS FENOM\u00caNICAS\u201d, sem exce\u00e7\u00f5es, s\u00e3o a ILUS\u00c2O, e jamais fazem parte da Realidade divina em Sua PERFEI\u00c7\u00c3O PERMANENTE!<\/span><\/h2>\n<h2 style=\"text-align: center;\"><span style=\"color: #525228;\">Se a TV for desligada, ela ser\u00e1 VISTA pelo que sempre \u00e9, &#8220;sem imagens&#8221; desfilando sobre sua tela! Jamais tais imagens teriam sido \u00a0\u201cpartes do aparelho\u201d.<\/span><\/h2>\n<h2 style=\"text-align: center;\"><span style=\"color: #525228;\">A Mente \u00daNICA \u00e9 DEUS, vendo a SI MESMO como TUDO, com este TUDO sendo Luz Onipresente CONSTANTE e presente sob TODAS AS FORMAS ENVIADAS PELA MENTE, <em><strong>todas espirituais, permanentes e perfeitas!<\/strong><\/em><\/span><\/h2>\n<h2 style=\"text-align: center;\"><span style=\"color: #525228;\">Assim como NUNCA h\u00e1 \u201cimagens boas e m\u00e1s\u201d fazendo \u201cparte da TV\u201d, igualmente n\u00e3o h\u00e1 tamb\u00e9m \u201capar\u00eancias boas e m\u00e1s\u201d na Mente divina! <strong><em>Sob esta vis\u00e3o, podemos dizer que N\u00c3O H\u00c1 ILUS\u00c3O NA MENTE \u00daNICA,<\/em><\/strong> e que as \u201capar\u00eancias\u201d n\u00e3o passam de <strong><em>IRREALIDADES!<\/em><\/strong><\/span><\/h2>\n<h2><\/h2>\n<h2 style=\"text-align: center;\"><span style=\"color: #525228;\">A Pr\u00e1tica da Verdade requer nossa PERMAN\u00caNCIA EM <strong><em>\u201cMIM\u201d,<\/em><\/strong> na MENTE DIVINA QUE TEMOS, sem que nos envolvamos com \u201capar\u00eancias\u201d! Somente assim, saberemos que \u201cilus\u00e3o \u00e9 ilus\u00e3o\u201d e que, em vista disso, MENTE <strong><em>EM ILUS\u00c3O<\/em><\/strong> JAMAIS TEVE EXIST\u00caNCIA REAL!<\/span><\/h2>\n<h2><\/h2>\n<h2 style=\"text-align: center;\"><span style=\"color: #525228;\">Quando Jo\u00e3o <strong><em>VI<\/em><em>VENCIOU <\/em>este Fato, p\u00f4de declarar que <em>\u201cDEUS \u00c9 LUZ, E NELE N\u00c3O EXISTEM TREVAS!\u201d<\/em> Esta Verdade \u00e9 Verdade universal, quando \u00e9 dita por aquele que se posiciona <em>IMPASS\u00cdVEL<\/em> diante de quaisquer APAR\u00caNCIAS! Podemos assim reconhecer:<\/strong><\/span><\/h2>\n<h2 style=\"text-align: center;\"><span style=\"color: #525228;\"><strong><em>\u00a0\u201cISTO N\u00c3O \u00c9 O QUE A APAR\u00caNCIA MOSTRA; \u00c9 UNICAMENTE DEUS EM SUA EVID\u00caNCIA COMO FORMA PERFEITA!\u201d.<\/em> <\/strong><\/span><\/h2>\n<h2><\/h2>\n<h2 style=\"text-align: center;\"><span style=\"color: #525228;\"><strong>Nossa fiel PERMAN\u00caNCIA nesta Verdade, faz com que nos vejamos com a Mente DIVINA \u201csem ilus\u00e3o\u201d, e, de fato, constataremos ser Verdade que UNICAMENTE DEUS \u00c9 REALIDADE, E QUE A MENTE DIVINA \u00c9 MESMO \u00daNICA, <em>E \u00c9 A NOSSA PR\u00d3PRIA MENTE!<\/em><\/strong><\/span><\/h2>\n<h2><\/h2>\n<h2 style=\"text-align: center;\"><span style=\"color: #525228;\"><strong>Esta ser\u00e1 nossa Vis\u00e3o do <em>OLHO SIMPLES,<\/em> desligada de \u201capar\u00eancias boas e m\u00e1s\u201d, e ATENTA \u00c0 PERMAN\u00caNCIA DA \u201cDIVINA ORDEM\u201d, EM QUALQUER PARTE DO INFINITO!<\/strong><\/span><\/h2>\n<h2 style=\"text-align: center;\"><span style=\"color: #525228;\"><strong>\u00a0<\/strong><\/span><\/h2>\n<h2 style=\"text-align: center;\"><span style=\"color: #525228;\"><strong>\u00a0*<\/strong><\/span><\/h2>\n","protected":false},"excerpt":{"rendered":"<p>Se uma sala estiver sem ningu\u00e9m, e com uma TV desligada em sua parede, caso algu\u00e9m nela entre, e ligue o aparelho, poder\u00e3o ser vistas na tela as mais diversas \u201cimagens em movimenta\u00e7\u00e3o\u201d, aparentemente tirando a condi\u00e7\u00e3o pac\u00edfica antes ali presente. Se a TV for DESLIGADA, aquela condi\u00e7\u00e3o poderia ser notada novamente! Quando diante de &hellip; <\/p>\n<p class=\"link-more\"><a href=\"https:\/\/www.fachodeluz.blog.br\/wp\/2020\/03\/31\/a-mente-unica-e-divina-e-sem-ilusao\/\" class=\"more-link\">Leia mais<span class=\"screen-reader-text\"> &#8220;A MENTE \u00daNICA \u00c9 DIVINA E SEM ILUS\u00c3O!&#8221;<\/span><\/a><\/p>\n","protected":false},"author":2,"featured_media":0,"comment_status":"open","ping_status":"closed","sticky":false,"template":"","format":"standard","meta":{"nf_dc_page":"","_crdt_document":"","footnotes":""},"categories":[10],"tags":[],"class_list":["post-26132","post","type-post","status-publish","format-standard","hentry","category-darcio-dezolt"],"featured_media_urls":[],"_links":{"self":[{"href":"https:\/\/www.fachodeluz.blog.br\/wp\/wp-json\/wp\/v2\/posts\/26132","targetHints":{"allow":["GET"]}}],"collection":[{"href":"https:\/\/www.fachodeluz.blog.br\/wp\/wp-json\/wp\/v2\/posts"}],"about":[{"href":"https:\/\/www.fachodeluz.blog.br\/wp\/wp-json\/wp\/v2\/types\/post"}],"author":[{"embeddable":true,"href":"https:\/\/www.fachodeluz.blog.br\/wp\/wp-json\/wp\/v2\/users\/2"}],"replies":[{"embeddable":true,"href":"https:\/\/www.fachodeluz.blog.br\/wp\/wp-json\/wp\/v2\/comments?post=26132"}],"version-history":[{"count":0,"href":"https:\/\/www.fachodeluz.blog.br\/wp\/wp-json\/wp\/v2\/posts\/26132\/revisions"}],"wp:attachment":[{"href":"https:\/\/www.fachodeluz.blog.br\/wp\/wp-json\/wp\/v2\/media?parent=26132"}],"wp:term":[{"taxonomy":"category","embeddable":true,"href":"https:\/\/www.fachodeluz.blog.br\/wp\/wp-json\/wp\/v2\/categories?post=26132"},{"taxonomy":"post_tag","embeddable":true,"href":"https:\/\/www.fachodeluz.blog.br\/wp\/wp-json\/wp\/v2\/tags?post=26132"}],"curies":[{"name":"wp","href":"https:\/\/api.w.org\/{rel}","templated":true}]}}