{"id":26135,"date":"2020-04-01T10:45:22","date_gmt":"2020-04-01T13:45:22","guid":{"rendered":"http:\/\/fachodeluz.blog.br\/wp\/?p=26135"},"modified":"2020-04-01T11:51:08","modified_gmt":"2020-04-01T14:51:08","slug":"deus-e-voce-sao-um-desde-antes-que-o-mundo-fosse-feito","status":"publish","type":"post","link":"https:\/\/www.fachodeluz.blog.br\/wp\/2020\/04\/01\/deus-e-voce-sao-um-desde-antes-que-o-mundo-fosse-feito\/","title":{"rendered":"DEUS E VOC\u00ca S\u00c3O UM \u201cDESDE ANTES QUE O MUNDO FOSSE FEITO&#8221;!"},"content":{"rendered":"<h2 style=\"text-align: center;\"><span style=\"color: #993300;\"><a style=\"color: #993300;\" href=\"https:\/\/i0.wp.com\/fachodeluz.blog.br\/wp\/wp-content\/uploads\/2020\/04\/GL%C3%93RIA-1.jpg\"><img data-recalc-dims=\"1\" loading=\"lazy\" decoding=\"async\" loading=\"lazy\" class=\"aligncenter size-full wp-image-26136\" src=\"https:\/\/i0.wp.com\/fachodeluz.blog.br\/wp\/wp-content\/uploads\/2020\/04\/GL%C3%93RIA-1.jpg?resize=555%2C290\" alt=\"\" width=\"555\" height=\"290\" srcset=\"https:\/\/i0.wp.com\/www.fachodeluz.blog.br\/wp\/wp-content\/uploads\/2020\/04\/GL%C3%93RIA-1.jpg?w=555&amp;ssl=1 555w, https:\/\/i0.wp.com\/www.fachodeluz.blog.br\/wp\/wp-content\/uploads\/2020\/04\/GL%C3%93RIA-1.jpg?resize=300%2C157&amp;ssl=1 300w\" sizes=\"auto, (max-width: 555px) 100vw, 555px\" \/><\/a><\/span><\/h2>\n<h2 style=\"text-align: center;\"><span style=\"color: #993300;\">Por viver convicta de haver \u201cmundo feito de mat\u00e9ria\u201d, a humanidade segue em sua l\u00f3gica &#8220;fundamentada&#8221; nessa ILUS\u00c3O! Se algu\u00e9m diz <strong><em>\u201cestar no mundo s\u00f3 de passagem\u201d,<\/em><\/strong> esta <strong><em>ilus\u00e3o<\/em><\/strong> \u00e9 normalmente aceita, pois, as \u201capar\u00eancias fenom\u00eanicas\u201d, em vez de serem reconhecidas como \u201cnadas\u201d, s\u00e3o aceitas como reais \u201cfatos da Exist\u00eancia\u201d!<\/span><\/h2>\n<h2 style=\"text-align: center;\"><span style=\"color: #993300;\">Acreditar que <strong><em>\u201calgu\u00e9m est\u00e1 de passagem\u201d<\/em> <\/strong>pelo mundo, equipara-se a algu\u00e9m sonhar e afirmar que esteve em seus sonho <strong><em>\u201cs\u00f3 de passagem\u201d!<\/em> <\/strong><\/span><\/h2>\n<h2><\/h2>\n<h2 style=\"text-align: center;\"><span style=\"color: #993300;\">Jesus veio revelar nossa REAL EXIST\u00caNCIA, que \u00e9 <strong><em>VIVER EM DEUS, EM UNIDADE COM DEUS, PERFEITOS COMO DEUS!<\/em><\/strong><\/span><\/h2>\n<h2><\/h2>\n<h2 style=\"text-align: center;\"><span style=\"color: #993300;\"><strong><em>\u201cSede PERFEITOS, como PERFEITO \u00e9 o Vosso Pai celestial\u201d,<\/em> <\/strong>disse Jesus. Por que a humanidade n\u00e3o segue sua instru\u00e7\u00e3o iluminada? POR ACREDITAR VIVER NUM SONHO, ESTAR <em><strong>&#8220;DE PASSAGEM PELA MAT\u00c9RIA&#8221;!<\/strong><\/em> <\/span><\/h2>\n<h2><\/h2>\n<h2 style=\"text-align: center;\"><span style=\"color: #993300;\">Enquanto o estudo da Verdade compactuar com este \u201csonho de Ad\u00e3o\u201d, NOSSA PERFEI\u00c7\u00c3O, EVIDENCIADA \u201cDESDE O PRINC\u00cdPIO\u201d, deixar\u00e1 de ser reconhecida! A identifica\u00e7\u00e3o de cada um ser\u00e1 feita com <strong><em>\u201csua suposta passagem pela terra\u201d,<\/em><\/strong> enquanto a NOSSA <strong><em>PERFEI\u00c7\u00c3O PERMANENTE <\/em><\/strong>ficar\u00e1, aparentemente, <strong><em>escondida pelas \u201cmiragens deste mundo\u201d!<\/em><\/strong><\/span><\/h2>\n<h2><\/h2>\n<h2 style=\"text-align: center;\"><span style=\"color: #993300;\">Toda ILUS\u00c3O aceita como verdade s\u00f3 pode se desdobrar em forma de mais \u201cmentiras\u201d, como s\u00e3o as CREN\u00c7AS em pecados, leis do carma, evolu\u00e7\u00e3o, \u201cest\u00e1gios de consci\u00eancia\u201d, \u00a0reencarna\u00e7\u00f5es, culpas, e tantas outras! <strong><em>ENTRETIDA COM TANTA FALSIDADE, DEIXOU A HUMANIDADE DE FAZER O \u00daNICO RECONHECIMENTO QUE DEVERIA: \u201cVER-SE PERFEITA COMO O PAI \u00c9 PERFEITO!<\/em><\/strong><\/span><\/h2>\n<h2 style=\"text-align: center;\"><span style=\"color: #993300;\">Jesus deixou esta Verdade com total clareza, ao orar:<\/span><\/h2>\n<h2 style=\"text-align: center;\"><span style=\"color: #993300;\"><em><strong> \u201cPai,\u00a0glorifica-me Tu, junto de Ti mesmo, com aquela gl\u00f3ria que tinha contigo antes que o mundo existisse\u201d<\/strong><\/em> (Jo\u00e3o 17: 5). De que forma \u201co mundo passou a existir\u201d? Como &#8220;mundo ilus\u00f3rio&#8221;, como &#8220;mundo do pai da mentira&#8221;!<\/span><\/h2>\n<h2 style=\"text-align: center;\"><span style=\"color: #993300;\">\u00a0 Esta PERCEP\u00c7\u00c3O, de que <strong><em>UNICAMENTE DEUS E SEU REINO S\u00c3O REALIDADES,<\/em><\/strong> \u00e9 a que foi trazida e passada por Jesus \u00e0 humanidade!<\/span><\/h2>\n<h2 style=\"text-align: center;\"><span style=\"color: #993300;\">Em DEUS nada muda, e \u00e9 \u00f3bvio que Jesus tinha esse conhecimento! Seu \u201cpedido de glorifica\u00e7\u00e3o\u201d foi no sentido de nos ensinar a FAZER A MESMA ORA\u00c7\u00c3O, quando parecermos endossar como VERDADE o suposto MUNDO FEITO DE MENTIRAS!<\/span><\/h2>\n<h2 style=\"text-align: center;\"><span style=\"color: #993300;\">Jamais DEUS deixou de nos \u201cglorificar&#8221; a TODOS! Portanto, esta ora\u00e7\u00e3o, sempre que a repetirmos, dever\u00e1 ser entendida como \u201cSOLTURA RADICAL DA <strong><em>ILUS\u00c3O<\/em><\/strong> DE VIDA NA MAT\u00c9RIA&#8221;! A cada \u201ccontempla\u00e7\u00e3o\u00a0 feita da Verdade&#8221;, devemos<strong><em> PERCEBER A PERMAN\u00caNCIA ETERNA DE NOSSA UNIDADE COM DEUS, E PERCEBER QUE \u201cJAMAIS NASCEMOS EM MUNDO DO PAI DA MENTIRA\u201d, E NEM \u201cESTIVEMOS NELE\u201d! NEM MESMO\u00a0 \u201cDE PASSAGEM\u201d!<\/em><\/strong>\u00a0 <\/span><\/h2>\n<h2><\/h2>\n<h2 style=\"text-align: center;\"><span style=\"color: #993300;\">*<\/span><\/h2>\n","protected":false},"excerpt":{"rendered":"<p>Por viver convicta de haver \u201cmundo feito de mat\u00e9ria\u201d, a humanidade segue em sua l\u00f3gica &#8220;fundamentada&#8221; nessa ILUS\u00c3O! Se algu\u00e9m diz \u201cestar no mundo s\u00f3 de passagem\u201d, esta ilus\u00e3o \u00e9 normalmente aceita, pois, as \u201capar\u00eancias fenom\u00eanicas\u201d, em vez de serem reconhecidas como \u201cnadas\u201d, s\u00e3o aceitas como reais \u201cfatos da Exist\u00eancia\u201d! Acreditar que \u201calgu\u00e9m est\u00e1 de &hellip; <\/p>\n<p class=\"link-more\"><a href=\"https:\/\/www.fachodeluz.blog.br\/wp\/2020\/04\/01\/deus-e-voce-sao-um-desde-antes-que-o-mundo-fosse-feito\/\" class=\"more-link\">Leia mais<span class=\"screen-reader-text\"> &#8220;DEUS E VOC\u00ca S\u00c3O UM \u201cDESDE ANTES QUE O MUNDO FOSSE FEITO&#8221;!&#8221;<\/span><\/a><\/p>\n","protected":false},"author":2,"featured_media":0,"comment_status":"open","ping_status":"closed","sticky":false,"template":"","format":"standard","meta":{"nf_dc_page":"","_crdt_document":"","footnotes":""},"categories":[10],"tags":[],"class_list":["post-26135","post","type-post","status-publish","format-standard","hentry","category-darcio-dezolt"],"featured_media_urls":[],"_links":{"self":[{"href":"https:\/\/www.fachodeluz.blog.br\/wp\/wp-json\/wp\/v2\/posts\/26135","targetHints":{"allow":["GET"]}}],"collection":[{"href":"https:\/\/www.fachodeluz.blog.br\/wp\/wp-json\/wp\/v2\/posts"}],"about":[{"href":"https:\/\/www.fachodeluz.blog.br\/wp\/wp-json\/wp\/v2\/types\/post"}],"author":[{"embeddable":true,"href":"https:\/\/www.fachodeluz.blog.br\/wp\/wp-json\/wp\/v2\/users\/2"}],"replies":[{"embeddable":true,"href":"https:\/\/www.fachodeluz.blog.br\/wp\/wp-json\/wp\/v2\/comments?post=26135"}],"version-history":[{"count":0,"href":"https:\/\/www.fachodeluz.blog.br\/wp\/wp-json\/wp\/v2\/posts\/26135\/revisions"}],"wp:attachment":[{"href":"https:\/\/www.fachodeluz.blog.br\/wp\/wp-json\/wp\/v2\/media?parent=26135"}],"wp:term":[{"taxonomy":"category","embeddable":true,"href":"https:\/\/www.fachodeluz.blog.br\/wp\/wp-json\/wp\/v2\/categories?post=26135"},{"taxonomy":"post_tag","embeddable":true,"href":"https:\/\/www.fachodeluz.blog.br\/wp\/wp-json\/wp\/v2\/tags?post=26135"}],"curies":[{"name":"wp","href":"https:\/\/api.w.org\/{rel}","templated":true}]}}