{"id":26159,"date":"2020-04-05T11:48:00","date_gmt":"2020-04-05T14:48:00","guid":{"rendered":"http:\/\/fachodeluz.blog.br\/wp\/?p=26159"},"modified":"2020-04-05T11:59:13","modified_gmt":"2020-04-05T14:59:13","slug":"males-doencas-e-sintomas-sao-sensacionismos-sem-realidade","status":"publish","type":"post","link":"https:\/\/www.fachodeluz.blog.br\/wp\/2020\/04\/05\/males-doencas-e-sintomas-sao-sensacionismos-sem-realidade\/","title":{"rendered":"MALES, DOEN\u00c7AS E SINTOMAS S\u00c3O &#8220;SENSACIONISMOS&#8221; SEM REALIDADE!"},"content":{"rendered":"<p style=\"text-align: center;\"><span style=\"color: #8a3a3a;\"><a style=\"color: #8a3a3a;\" href=\"https:\/\/i0.wp.com\/fachodeluz.blog.br\/wp\/wp-content\/uploads\/2020\/04\/HEALING-4411.jpg\"><img data-recalc-dims=\"1\" loading=\"lazy\" decoding=\"async\" loading=\"lazy\" class=\"aligncenter size-full wp-image-26164\" src=\"https:\/\/i0.wp.com\/fachodeluz.blog.br\/wp\/wp-content\/uploads\/2020\/04\/HEALING-4411.jpg?resize=555%2C338\" alt=\"\" width=\"555\" height=\"338\" srcset=\"https:\/\/i0.wp.com\/www.fachodeluz.blog.br\/wp\/wp-content\/uploads\/2020\/04\/HEALING-4411.jpg?w=555&amp;ssl=1 555w, https:\/\/i0.wp.com\/www.fachodeluz.blog.br\/wp\/wp-content\/uploads\/2020\/04\/HEALING-4411.jpg?resize=300%2C183&amp;ssl=1 300w\" sizes=\"auto, (max-width: 555px) 100vw, 555px\" \/><\/a><\/span><\/p>\n<h2 style=\"text-align: center;\"><span style=\"color: #8a3a3a;\">Quando Paulo diz que <strong><em>\u201cn\u00e3o recebemos de Deus o esp\u00edrito do mundo que v\u00ea as coisas do mundo\u201d,<\/em> <\/strong>est\u00e1 endossando a Verdade de que vivemos em Deus, imersos nos \u201csensacionismos&#8221; reais e espirituais do Reino de Deus! Completa ele assim dizendo: <\/span><\/h2>\n<h2 style=\"text-align: center;\"><span style=\"color: #8a3a3a;\"><strong><em>\u201cRECEBEMOS DE DEUS O ESP\u00cdRITO DE DEUS, PARA PERCEBERMOS ESPIRITUALMENTE O QUE RECEBEMOS GRATUITAMENTE DE DEUS\u201d!<\/em><\/strong><\/span><\/h2>\n<h2 style=\"text-align: center;\"><span style=\"color: #8a3a3a;\">H\u00e1 s\u00e9culos que esta Verdade veio sendo disponibilizada\u00a0 ao mundo, <strong><em>SEM QUE RECEBESSE DO MUNDO A ACEITA\u00c7\u00c3O E A LIBERTA\u00c7\u00c3O DEVIDAS!<\/em><\/strong> Por qu\u00ea? POR A HUMANIDADE <strong><em>VIVER AGARRADA<\/em><\/strong> AO MENTIROSO \u201cMUNDO DO PAI DA MENTIRA&#8221;!<\/span><\/h2>\n<h2 style=\"text-align: center;\"><span style=\"color: #8a3a3a;\">O que TERIA DE SER ENTENDIDO, para poder ser VIVIDO, \u00e9 que <strong><em>TUDO QUE APARENTA SER EXISTENTE,<\/em><\/strong> segundo os ilus\u00f3rios \u201csentidos humanos\u201d, <strong><em>N\u00c3O TEM REALIDADE ALGUMA!<\/em> <\/strong>E isto porque DEUS, SENDO TUDO, \u00c9 A \u00daNICA REALIDADE QUE H\u00c1!<\/span><\/h2>\n<h2 style=\"text-align: center;\"><span style=\"color: #8a3a3a;\">Aquele que VIVE A REALIDADE, VIVE EM UNIDADE COM DEUS E \u201cDISCERNINDO ESPIRITUALMENTE\u201d OS \u201cSENSACIONISMOS&#8221; GLORIOSOS DA REALIDADE DIVINA! Viveria preocupado e temeroso, endossando DOEN\u00c7AS, V\u00cdRUS E SINTOMAS <strong><em>EXISTENTES NO MUNDO?<\/em> <\/strong>N\u00c3O! <strong><em>SABERIA SEREM TODOS \u201cEXIST\u00caNCIAS SEM REALIDADES\u201d,<\/em><\/strong> como disse Paulo, por saber que <strong><em>RECEBEU DE DEUS O ESP\u00cdRITO DE DEUS,<\/em><\/strong> E N\u00c3O O ESP\u00cdRITO DO MUNDO, A QUE CHAMOU DE \u201cMENTE CARNAL\u201d, A <strong><em>\u201cINIMIZADE CONTRA DEUS&#8221;!<\/em><\/strong><\/span><\/h2>\n<h2><\/h2>\n<h2 style=\"text-align: center;\"><span style=\"color: #8a3a3a;\">Vive LIBERTO PELA VERDADE aquele que ACEITA SER O ESP\u00cdRITO DE DEUS, e n\u00e3o a ilus\u00f3ria \u201cmente&#8221; que endossa as in\u00fameras IRREALIDADES do mundo! \u00a0<strong><em>S\u00e3o TODAS FALSAS EXIST\u00caNCIAS,\u00a0 QUE S\u00c3O TOMADAS PELA MAIORIA COMO SE FOSSEM REALIDADES!<\/em><\/strong><\/span><\/h2>\n<h2><\/h2>\n<h2 style=\"text-align: center;\"><span style=\"color: #8a3a3a;\"><strong><em>O suposto \u201cpoder\u201d de \u201cfalsas exist\u00eancias\u201d cai por terra no exato instante em que SEUS SUPOSTOS SENSACIONISMOS s\u00e3o desmascarados como IRREALIDADES!<\/em> <\/strong><\/span><\/h2>\n<h2><\/h2>\n<h2 style=\"text-align: center;\"><span style=\"color: #8a3a3a;\">Infelizmente, a humanidade, em vez de agir na dire\u00e7\u00e3o apontada pela revela\u00e7\u00e3o, ENDOSSA E TEME A <strong><em>ILUS\u00d3RIA IDEIA<\/em><\/strong> DE QUE <strong><em>\u201cRECEBEMOS VERDADEIRAMENTE TAIS &#8220;SENSACIONISMOS&#8221; <\/em><\/strong>SUGERIDOS\u00a0 PELA \u201cMENTE CARNAL\u201d! Mas Paulo, al\u00e9m de dizer que <strong><em>RECEBEMOS DE DEUS O SEU ESP\u00cdRITO,<\/em><\/strong> deixou expl\u00edcito que <strong><em>&#8220;TEMOS A MENTE DE CRISTO\u201d, <\/em><\/strong>ou seja, que N\u00c3O H\u00c1 REALIDADE ALGUMA EM \u201cMENTE CARNAL\u201d, BEM COMO EM QUAISQUER DE SEUS SUPOSTOS <strong><em>&#8220;SENSACIONISMOS&#8221;<\/em> <\/strong>DE MALES, DOEN\u00c7AS E SINTOMAS!<\/span><\/h2>\n<h2><\/h2>\n<h2 style=\"text-align: center;\"><span style=\"color: #8a3a3a;\">Se algu\u00e9m receber uma nota falsa de cem reais, mesmo que ELA TENHA EXIST\u00caNCIA, N\u00c3O TER\u00c1 REALIDADE! N\u00c3O TER\u00c1 VALOR NENHUM! O mesmo se d\u00e1 com os supostos \u201csensacionismos\u201d do ilus\u00f3rio \u201cmundo dis fen\u00f4menos\u201d! DEIXAR\u00c3O DE SE FAZEREM PASSAR POR REALIDADES, T\u00c3O LOGO SEJAM DESMASCARADOS PELA VERDADE DE QUE DEUS \u00c9 TUDO, <strong><em>E \u00c9, PORTANTO, A \u00daNICA REALIDADE!<\/em><\/strong><\/span><\/h2>\n<h2><\/h2>\n<h2 style=\"text-align: center;\"><span style=\"color: #8a3a3a;\">O erro N\u00c3O TEM REALIDADE NEM PODER, mesmo que se mostre \u201cexistindo\u201d numa prova de matem\u00e1tica mal resolvida por algum aluno! DEUS N\u00c3O CURA CONTAS ERRADAS! SE DOIS MAIS DOIS S\u00c3O QUATRO, DEUS UNICAMENTE ENDOSSA ESTE RESULTADO ETERNAMENTE CORRETO! A Metaf\u00edsica Absoluta nos ensina a ver o que Deus v\u00ea: <strong><em>sua totalidade, perfei\u00e7\u00e3o e divina ordem universal!<\/em><\/strong> \u00a0E cabe a TODOS N\u00d3S endossar unicamente o que DEUS \u00c9, E O QUE DEUS V\u00ca! ESTE \u00c9 O SIGNIFICADO DA PALAVRA \u201cF\u00c9\u201d!<\/span><\/h2>\n<h2 style=\"text-align: center;\"><span style=\"color: #8a3a3a;\">Mesmo que o professor de Matem\u00e1tica VEJA O ERRO DE SEU ALUNO, <strong><em>n\u00e3o se deixar\u00e1 impressionar por ele, DANDO-LHE REALIDADE!<\/em><\/strong> SABER\u00c1 QUE <strong><em>\u201cDOIS MAIS DOIS S\u00c3O QUATRO\u201d,<\/em> <\/strong>SEJA QUAL FOR O ERRO EXISTENTE NA PROVA DE SEU ALUNO!\u00a0 E SABER\u00c1 QUE, MESMO EXISTINDO, O ERRO N\u00c3O TERIA REALIDADE ALGUMA! <\/span><\/h2>\n<h2><\/h2>\n<h2 style=\"text-align: center;\"><span style=\"color: #8a3a3a;\">ANALOGAMENTE, JESUS TAMB\u00c9M VIA A EXIST\u00caNCIA DE DOENTES; SOMENTE QUE N\u00c3O <strong><em>ACREDITAVA SEREM ELES REALIDADES!<\/em><\/strong><\/span><\/h2>\n<h2 style=\"text-align: center;\"><span style=\"color: #8a3a3a;\">*<\/span><\/h2>\n","protected":false},"excerpt":{"rendered":"<p>Quando Paulo diz que \u201cn\u00e3o recebemos de Deus o esp\u00edrito do mundo que v\u00ea as coisas do mundo\u201d, est\u00e1 endossando a Verdade de que vivemos em Deus, imersos nos \u201csensacionismos&#8221; reais e espirituais do Reino de Deus! Completa ele assim dizendo: \u201cRECEBEMOS DE DEUS O ESP\u00cdRITO DE DEUS, PARA PERCEBERMOS ESPIRITUALMENTE O QUE RECEBEMOS GRATUITAMENTE &hellip; <\/p>\n<p class=\"link-more\"><a href=\"https:\/\/www.fachodeluz.blog.br\/wp\/2020\/04\/05\/males-doencas-e-sintomas-sao-sensacionismos-sem-realidade\/\" class=\"more-link\">Leia mais<span class=\"screen-reader-text\"> &#8220;MALES, DOEN\u00c7AS E SINTOMAS S\u00c3O &#8220;SENSACIONISMOS&#8221; SEM REALIDADE!&#8221;<\/span><\/a><\/p>\n","protected":false},"author":2,"featured_media":0,"comment_status":"open","ping_status":"closed","sticky":false,"template":"","format":"standard","meta":{"nf_dc_page":"","_crdt_document":"","footnotes":""},"categories":[10],"tags":[],"class_list":["post-26159","post","type-post","status-publish","format-standard","hentry","category-darcio-dezolt"],"featured_media_urls":[],"_links":{"self":[{"href":"https:\/\/www.fachodeluz.blog.br\/wp\/wp-json\/wp\/v2\/posts\/26159","targetHints":{"allow":["GET"]}}],"collection":[{"href":"https:\/\/www.fachodeluz.blog.br\/wp\/wp-json\/wp\/v2\/posts"}],"about":[{"href":"https:\/\/www.fachodeluz.blog.br\/wp\/wp-json\/wp\/v2\/types\/post"}],"author":[{"embeddable":true,"href":"https:\/\/www.fachodeluz.blog.br\/wp\/wp-json\/wp\/v2\/users\/2"}],"replies":[{"embeddable":true,"href":"https:\/\/www.fachodeluz.blog.br\/wp\/wp-json\/wp\/v2\/comments?post=26159"}],"version-history":[{"count":0,"href":"https:\/\/www.fachodeluz.blog.br\/wp\/wp-json\/wp\/v2\/posts\/26159\/revisions"}],"wp:attachment":[{"href":"https:\/\/www.fachodeluz.blog.br\/wp\/wp-json\/wp\/v2\/media?parent=26159"}],"wp:term":[{"taxonomy":"category","embeddable":true,"href":"https:\/\/www.fachodeluz.blog.br\/wp\/wp-json\/wp\/v2\/categories?post=26159"},{"taxonomy":"post_tag","embeddable":true,"href":"https:\/\/www.fachodeluz.blog.br\/wp\/wp-json\/wp\/v2\/tags?post=26159"}],"curies":[{"name":"wp","href":"https:\/\/api.w.org\/{rel}","templated":true}]}}