{"id":26194,"date":"2020-04-10T12:18:33","date_gmt":"2020-04-10T15:18:33","guid":{"rendered":"http:\/\/fachodeluz.blog.br\/wp\/?p=26194"},"modified":"2020-04-10T14:00:35","modified_gmt":"2020-04-10T17:00:35","slug":"o-universo-dos-eternamente-vivos","status":"publish","type":"post","link":"https:\/\/www.fachodeluz.blog.br\/wp\/2020\/04\/10\/o-universo-dos-eternamente-vivos\/","title":{"rendered":"O UNIVERSO DOS ETERNAMENTE VIVOS!"},"content":{"rendered":"<h2 style=\"text-align: center;\"><a href=\"https:\/\/i0.wp.com\/fachodeluz.blog.br\/wp\/wp-content\/uploads\/2020\/04\/madalena-1.jpg\"><img data-recalc-dims=\"1\" loading=\"lazy\" decoding=\"async\" loading=\"lazy\" class=\"aligncenter size-full wp-image-26195\" src=\"https:\/\/i0.wp.com\/fachodeluz.blog.br\/wp\/wp-content\/uploads\/2020\/04\/madalena-1.jpg?resize=555%2C455\" alt=\"\" width=\"555\" height=\"455\" srcset=\"https:\/\/i0.wp.com\/www.fachodeluz.blog.br\/wp\/wp-content\/uploads\/2020\/04\/madalena-1.jpg?w=555&amp;ssl=1 555w, https:\/\/i0.wp.com\/www.fachodeluz.blog.br\/wp\/wp-content\/uploads\/2020\/04\/madalena-1.jpg?resize=300%2C246&amp;ssl=1 300w\" sizes=\"auto, (max-width: 555px) 100vw, 555px\" \/><\/a><\/h2>\n<h2 style=\"text-align: center;\"><span style=\"color: #993300;\">H\u00e1 o Universo do Esp\u00edrito, real e eterno, dos \u201ceternamente vivos\u201d, revelado por todos os mensageiros da Verdade, e \u201caparenta haver\u201d o ilus\u00f3rio mundo dos fict\u00edcios \u201ceternamente mortos\u201d, uma ilus\u00e3o de exist\u00eancia, desmascarada por tais mensageiros!<\/span><\/h2>\n<h2 style=\"text-align: center;\"><span style=\"color: #993300;\">As Escrituras se apresentam abarrotadas da Verdade eterna, enquanto a ILUS\u00c3O prolifera e segue enganando a maioria com seu irreal mundo temporal e material, habitado por mortais, ou, como foi Jesus mais al\u00e9m, \u201chabitado por mortos\u201d, supostos \u201cnascidos da carne\u201d que foram em v\u00e3o exaustivamente informados de que N\u00c3O S\u00c3O DO MUNDO!<\/span><\/h2>\n<h2><\/h2>\n<h2 style=\"text-align: center;\"><span style=\"color: #993300;\">A ILUS\u00c3O leva os \u201cmortos a fazerem contagens de mortos\u201d na suposta mat\u00e9ria! Com isso, prende a maioria deles em seu embuste hipn\u00f3tico, que, inclusive, propaga a \u201cmorte de Jesus\u201d! Caso Jesus visse isso, por certo desferiria chibatadas mil nessas religi\u00f5es que nunca aderiram aos seus reais ensinamentos!<\/span><\/h2>\n<h2><\/h2>\n<h2 style=\"text-align: center;\"><span style=\"color: #993300;\">Conversando com um evang\u00e9lico, disse a ele:: <em>VOC\u00ca ACREDITA QUE JESUS FICOU MORTO POR TR\u00caS DIAS, E QUE RESSUSCITOU EM SEGUIDA, N\u00c3O \u00c9? A B\u00edblia diz que sim, e relata tamb\u00e9m Jesus dizendo que, mesmo ressuscitado, &#8220;AINDA N\u00c3O TINHA SUBIDO AO PAI&#8221;. Gostaria que me respondesse:<strong> \u201cONDE JESUS ESTEVE, NOS TR\u00caS DIAS CITADOS?\u201d<\/strong><\/em><\/span><\/h2>\n<h2><\/h2>\n<h2 style=\"text-align: center;\"><span style=\"color: #993300;\">Uma s\u00f3 coisa est\u00e1 <strong><em>AUSENTE<\/em><\/strong> nestas cren\u00e7as religiosas passadas ao mundo: <em><strong>A VERDADE!<\/strong> <\/em>N\u00e3o acreditaram em Jesus, quando disse: <strong><em>O PR\u00cdNCIPE DESTE MUNDO \u00c9 O SATAN\u00c1S, O PAI DA MENTIRA!<\/em> <\/strong>Se acreditassem, pregariam <strong><em>O AGORA DO REINO CHEGADO,<\/em> <\/strong>e n\u00e3o <em><strong>UMA SEMANA DE CREN\u00c7AS MATERIAIS!<\/strong><\/em><\/span><\/h2>\n<h2 style=\"text-align: center;\"><span style=\"color: #993300;\">Nem seria preciso dizer que o evang\u00e9lico saiu pela tangente, sem dar resposta alguma \u00e0 minha pergunta!<\/span><\/h2>\n<h2 style=\"text-align: center;\"><span style=\"color: #993300;\">A B\u00edblia diz que <strong><em>\u201cJesus Cristo \u00e9 o MESMO, ontem, hoje e eternamente\u201d, e diz que EST\u00c1 EM TODOS N\u00d3S!<\/em><\/strong> N\u00e3o como \u201cpessoa\u201d, mas, como UNIDADE PERFEITA! Suas falas explicavam o <strong><em>RENASCIMENTO DE CADA \u201cMORTO DO MUNDO\u201d,<\/em> <\/strong>para que se visse como <strong><em>VIDA ETERNA,<\/em> <\/strong>COMO <em><strong>O\u00a0 PR\u00d3PRIO CRISTO!<\/strong><\/em><\/span><\/h2>\n<h2 style=\"text-align: center;\"><span style=\"color: #993300;\"><strong><em>\u201cDeixa aos MORTOS enterrar seus MORTOS\u201d,<\/em> <\/strong>disse Jesus \u00e0quele que intencionava <em>\u201centerrar primeiro o pai que havia morrido\u201d,<\/em> para s\u00f3 depois vir a segui-lo! <\/span><\/h2>\n<h2 style=\"text-align: center;\"><span style=\"color: #993300;\">N\u00c3O H\u00c1 MORTES NEM MORTOS NA ONIPRESEN\u00c7A DIVINA! E JESUS VEIO JUSTAMENTE PARA P\u00d4R FIM A TAIS ILUS\u00d5ES! DESSE MODO, DISSE TAMB\u00c9M AO RAPAZ: <strong><em>\u201cV\u00c1 PREGAR O REINO DE DEUS!\u201d<\/em><\/strong><\/span><\/h2>\n<h2><\/h2>\n<h2 style=\"text-align: center;\"><span style=\"color: #993300;\"><em>\u201cSe este templo for destru\u00eddo, em TRES DIAS o reerguerei\u201d,<\/em> disse Jesus,\u00a0 falando de SEU CORPO! Mas n\u00e3o se via como CORPO CARNAL, mas sim como O INFINITO, O CAMINHO, A VERDADE E A VIDA ETERNA! O n\u00famero TR\u00caS, toda vez que aparece nas Escrituras, alerta-nos para uma Verdade Absoluta presente na passagem. Toda Verdade Absoluta \u00e9 UNIVERSAL. Os \u201ctr\u00eas dias\u201d simbolizam o <strong><em>aparente per\u00edodo<\/em><\/strong> em que se dar\u00e1 o SUMI\u00c7O TOTAL DA ILUS\u00c3O DE VIDA\u00a0 MORTAL E DE CORPO CARNAL, pelo conhecimento, <strong><em>por parte de todos,<\/em><\/strong> da VIDA ETERNA, do PR\u00d3PRIO CRISTO, \u00a0em sua UNIDADE PERFEITA!<\/span><\/h2>\n<h2 style=\"text-align: center;\"><span style=\"color: #993300;\"><strong><em>\u201cEU ainda n\u00e3o SUBI A MEU PAI\u201d<\/em><\/strong> tem, portanto, esse significado universal: o aparente &#8220;cumprimento paulatino&#8221; da declara\u00e7\u00e3o de Jesus:<strong><em> \u201cE eu, quando for erguido \u00e0s alturas, atrairei TODOS A MIM\u201d!<\/em><\/strong><\/span><\/h2>\n<h2 style=\"text-align: center;\"><span style=\"color: #993300;\">*<\/span><\/h2>\n","protected":false},"excerpt":{"rendered":"<p>H\u00e1 o Universo do Esp\u00edrito, real e eterno, dos \u201ceternamente vivos\u201d, revelado por todos os mensageiros da Verdade, e \u201caparenta haver\u201d o ilus\u00f3rio mundo dos fict\u00edcios \u201ceternamente mortos\u201d, uma ilus\u00e3o de exist\u00eancia, desmascarada por tais mensageiros! As Escrituras se apresentam abarrotadas da Verdade eterna, enquanto a ILUS\u00c3O prolifera e segue enganando a maioria com seu &hellip; <\/p>\n<p class=\"link-more\"><a href=\"https:\/\/www.fachodeluz.blog.br\/wp\/2020\/04\/10\/o-universo-dos-eternamente-vivos\/\" class=\"more-link\">Leia mais<span class=\"screen-reader-text\"> &#8220;O UNIVERSO DOS ETERNAMENTE VIVOS!&#8221;<\/span><\/a><\/p>\n","protected":false},"author":2,"featured_media":0,"comment_status":"open","ping_status":"closed","sticky":false,"template":"","format":"standard","meta":{"nf_dc_page":"","_crdt_document":"","footnotes":""},"categories":[10],"tags":[],"class_list":["post-26194","post","type-post","status-publish","format-standard","hentry","category-darcio-dezolt"],"featured_media_urls":[],"_links":{"self":[{"href":"https:\/\/www.fachodeluz.blog.br\/wp\/wp-json\/wp\/v2\/posts\/26194","targetHints":{"allow":["GET"]}}],"collection":[{"href":"https:\/\/www.fachodeluz.blog.br\/wp\/wp-json\/wp\/v2\/posts"}],"about":[{"href":"https:\/\/www.fachodeluz.blog.br\/wp\/wp-json\/wp\/v2\/types\/post"}],"author":[{"embeddable":true,"href":"https:\/\/www.fachodeluz.blog.br\/wp\/wp-json\/wp\/v2\/users\/2"}],"replies":[{"embeddable":true,"href":"https:\/\/www.fachodeluz.blog.br\/wp\/wp-json\/wp\/v2\/comments?post=26194"}],"version-history":[{"count":0,"href":"https:\/\/www.fachodeluz.blog.br\/wp\/wp-json\/wp\/v2\/posts\/26194\/revisions"}],"wp:attachment":[{"href":"https:\/\/www.fachodeluz.blog.br\/wp\/wp-json\/wp\/v2\/media?parent=26194"}],"wp:term":[{"taxonomy":"category","embeddable":true,"href":"https:\/\/www.fachodeluz.blog.br\/wp\/wp-json\/wp\/v2\/categories?post=26194"},{"taxonomy":"post_tag","embeddable":true,"href":"https:\/\/www.fachodeluz.blog.br\/wp\/wp-json\/wp\/v2\/tags?post=26194"}],"curies":[{"name":"wp","href":"https:\/\/api.w.org\/{rel}","templated":true}]}}