{"id":26289,"date":"2020-04-29T13:00:04","date_gmt":"2020-04-29T16:00:04","guid":{"rendered":"http:\/\/fachodeluz.blog.br\/wp\/?p=26289"},"modified":"2020-04-29T13:30:32","modified_gmt":"2020-04-29T16:30:32","slug":"fuja-dos-desvios-de-doutrinas-varias-e-estranhas","status":"publish","type":"post","link":"https:\/\/www.fachodeluz.blog.br\/wp\/2020\/04\/29\/fuja-dos-desvios-de-doutrinas-varias-e-estranhas\/","title":{"rendered":"FUJA DOS DESVIOS DE &#8220;DOUTRINAS V\u00c1RIAS E ESTRANHAS&#8221;!"},"content":{"rendered":"<h3 style=\"text-align: center;\"><a href=\"https:\/\/i0.wp.com\/fachodeluz.blog.br\/wp\/wp-content\/uploads\/2020\/04\/DOUTRINA-1.jpg\"><img data-recalc-dims=\"1\" loading=\"lazy\" decoding=\"async\" loading=\"lazy\" class=\"aligncenter size-full wp-image-26291\" src=\"https:\/\/i0.wp.com\/fachodeluz.blog.br\/wp\/wp-content\/uploads\/2020\/04\/DOUTRINA-1.jpg?resize=555%2C311\" alt=\"\" width=\"555\" height=\"311\" srcset=\"https:\/\/i0.wp.com\/www.fachodeluz.blog.br\/wp\/wp-content\/uploads\/2020\/04\/DOUTRINA-1.jpg?w=555&amp;ssl=1 555w, https:\/\/i0.wp.com\/www.fachodeluz.blog.br\/wp\/wp-content\/uploads\/2020\/04\/DOUTRINA-1.jpg?resize=300%2C168&amp;ssl=1 300w\" sizes=\"auto, (max-width: 555px) 100vw, 555px\" \/><\/a><\/h3>\n<h3 id=\"v-16\" class=\"verse font-helvetica\" style=\"text-align: center;\"><em><span class=\"verse-16\">\u00a0Respondeu-lhes Jesus: A minha doutrina n\u00e3o \u00e9 minha, mas daquele que me enviou. <\/span><\/em><\/h3>\n<h3 id=\"v-17\" class=\"verse font-helvetica\" style=\"text-align: center;\"><em>\u00a0<span class=\"verse-17\">Se algu\u00e9m quiser fazer a vontade de Deus, h\u00e1 de saber se a doutrina \u00e9 dele, ou se eu falo por mim mesmo. <\/span><\/em><\/h3>\n<h3 id=\"v-18\" class=\"verse font-helvetica\" style=\"text-align: center;\"><em>\u00a0<\/em><span class=\"verse-18\"><em>Quem fala por si mesmo busca a sua pr\u00f3pria gl\u00f3ria; mas o que busca a gl\u00f3ria daquele que o enviou, esse \u00e9 verdadeiro, e n\u00e3o h\u00e1 nele injusti\u00e7a.<\/em> <\/span><\/h3>\n<h4 style=\"text-align: center;\">Jo\u00e3o 7: 16<\/h4>\n<h2 style=\"text-align: center;\">Jesus fez quest\u00e3o de deixar bem claro que \u201cn\u00e3o era dele\u201d a doutrina perfeita e absoluta que vinha pregando. Assim disse, com todas as letras:<\/h2>\n<h2 style=\"text-align: center;\"><em><strong>\u201cMinha doutrina N\u00c3O \u00c9 minha, mas DAQUELE que me enviou\u201d.<\/strong><\/em><\/h2>\n<h2 style=\"text-align: center;\">Quando Jo\u00e3o explicitou, em seu Evangelho, que <strong><em>\u201cSEM O VERBO, NADA DO QUE FOI FEITO SE FEZ\u201d,<\/em><\/strong> deixou tamb\u00e9m muito claro que \u201cSOMOS <strong><em>AQUELE<\/em><\/strong> QUE \u00c9 TODA A REALIDADE INFINITA, ONIATIVA E ONIPRESENTE!<\/h2>\n<h2 style=\"text-align: center;\">Que sentido tem a frase de Jesus: <strong><em>\u201cMINHA DOUTRINA \u00c9 DAQUELE QUE ME ENVIOU\u201d?<\/em><\/strong> Primeiramente, Jesus explicava que \u201csua presen\u00e7a\u201d, como ENVIADO DE DEUS, \u00a0seria a mesma ILUS\u00c3O que induzia a suposta \u201chumanidade\u201d a aceitar que \u201cvivemos na Terra&#8221;, como &#8220;encarnados\u201d nela nascidos. Jesus deixava claro que tanto ele como todos os demais JAMAIS ESTIVEMOS SENDO \u201cENVIADOS POR DEUS\u201d A UM SUPOSTO \u201cMUNDO MATERIAL\u201d! \u00a0SEMPRE ESTIVEMOS ONDE AGORA ESTAMOS, <strong><em>COMO UNIDADE COMPLETA E PERFEITA EM DEUS!<\/em><\/strong><\/h2>\n<h2><\/h2>\n<h2 style=\"text-align: center;\">Quando a B\u00edblia fala em \u201cdescida e subida ao Pai\u201d, em \u201cenviado por Deus&#8221;, isto \u00e9, em <strong><em>\u201cDeus interagindo com o mundo\u201d,<\/em><\/strong> fala da ILUS\u00c3O e n\u00e3o do REFERENCIAL da Verdade Absoluta! Por esse motivo, Jesus orou para que PERCEB\u00caSSEMOS que somos uma UNIDADE PERFEITA, e n\u00e3o \u201cseres viventes&#8221; num mundo separatista, em que diariamente ocorram \u201cnascimentos e mortes\u201d! N\u00e3o h\u00e1 maior absurdo do que \u201cdoutrinas\u201d que professem tais mentiras, em concord\u00e2ncia com elas!<\/h2>\n<h2><\/h2>\n<h2 style=\"text-align: center;\">Como identificar \u201cdesvios\u201d e \u201ccren\u00e7as infundadas\u201d, para n\u00e3o darmos cr\u00e9dito a quaisquer deles? <strong><em>BASTA-NOS VIVER CONSCIENTES DA TOTALIDADE DE DEUS!<\/em> <\/strong>\u00a0Esta TOTALIDADE est\u00e1 EVIDENCIADA, AQUI E AGORA, E \u00c9 PERMANENTE! Exemplificando, se \u201calgu\u00e9m\u201d divulgar a CREN\u00c7A EM EST\u00c1GIOS DE CONSCI\u00caNCIAS, estaria ele condizente com a TOTALIDADE DE DEUS? Sabemos que n\u00e3o! E \u00e9 assim que nos livramos de dar cr\u00e9dito aos in\u00fameros \u201cdesvios\u201d que, aparentemente, possam nos surgir pela frente!<\/h2>\n<h2 style=\"text-align: center;\"><strong><em>\u201cA MINHA DOUTRINA N\u00c3O \u00c9 MINHA\u201d<\/em><\/strong> &#8211; disse Jesus. <em><strong>DE QUEM PODERIA SER?<\/strong> <\/em>DE DEUS, obviamente, QUE \u00c9 TUDO! E sendo TUDO, n\u00e3o seria tamb\u00e9m Jesus? SERIA, SE JESUS, SENDO VISTO, ESTARIA SENDO VISTO COMO O CRISTO, E N\u00c3O COMO \u201cFILHO DE MARIA\u201d, O <em><strong>QUE SERIA ILUS\u00c3O!<\/strong><\/em><\/h2>\n<h2><\/h2>\n<h2 style=\"text-align: center;\"><strong><em>\u201c&#8230;MAS DAQUELE QUE ME ENVIOU\u201d-<\/em> <\/strong>disse Jesus. CONHECIA SUA IDENTIDADE CR\u00cdSTICA E DIVINA, COMO TAMB\u00c9M SABIA ESTAR SENDO RECONHECIDO PELO MUNDO COMO &#8220;CARNAL\u201d! E ao passar ao mundo a VERDADE ABSOLUTA, estava, efetivamente, <strong><em>\u201cATRAINDO TODOS A MIM&#8221;<\/em><\/strong> \u2013 \u00c0 <strong><em>UNIDADE PERFEITA!<\/em> <\/strong>E TODO AQUELE QUE ASSIM SE VISSE ATRA\u00cdDO A \u201cCONHECER A VERDADE\u201d, SE VERIA \u201cATRA\u00cdDO \u00c0 CONSTATA\u00c7\u00c3O DE SER, <em><strong>ELE PR\u00d3PRIO,<\/strong> <\/em>A VERDADE CONHECIDA!<\/h2>\n<h2 style=\"text-align: center;\">\u00a0*<\/h2>\n","protected":false},"excerpt":{"rendered":"<p>\u00a0Respondeu-lhes Jesus: A minha doutrina n\u00e3o \u00e9 minha, mas daquele que me enviou. \u00a0Se algu\u00e9m quiser fazer a vontade de Deus, h\u00e1 de saber se a doutrina \u00e9 dele, ou se eu falo por mim mesmo. \u00a0Quem fala por si mesmo busca a sua pr\u00f3pria gl\u00f3ria; mas o que busca a gl\u00f3ria daquele que o &hellip; <\/p>\n<p class=\"link-more\"><a href=\"https:\/\/www.fachodeluz.blog.br\/wp\/2020\/04\/29\/fuja-dos-desvios-de-doutrinas-varias-e-estranhas\/\" class=\"more-link\">Leia mais<span class=\"screen-reader-text\"> &#8220;FUJA DOS DESVIOS DE &#8220;DOUTRINAS V\u00c1RIAS E ESTRANHAS&#8221;!&#8221;<\/span><\/a><\/p>\n","protected":false},"author":2,"featured_media":0,"comment_status":"open","ping_status":"closed","sticky":false,"template":"","format":"standard","meta":{"nf_dc_page":"","_crdt_document":"","footnotes":""},"categories":[10,1],"tags":[],"class_list":["post-26289","post","type-post","status-publish","format-standard","hentry","category-darcio-dezolt","category-diversas"],"featured_media_urls":[],"_links":{"self":[{"href":"https:\/\/www.fachodeluz.blog.br\/wp\/wp-json\/wp\/v2\/posts\/26289","targetHints":{"allow":["GET"]}}],"collection":[{"href":"https:\/\/www.fachodeluz.blog.br\/wp\/wp-json\/wp\/v2\/posts"}],"about":[{"href":"https:\/\/www.fachodeluz.blog.br\/wp\/wp-json\/wp\/v2\/types\/post"}],"author":[{"embeddable":true,"href":"https:\/\/www.fachodeluz.blog.br\/wp\/wp-json\/wp\/v2\/users\/2"}],"replies":[{"embeddable":true,"href":"https:\/\/www.fachodeluz.blog.br\/wp\/wp-json\/wp\/v2\/comments?post=26289"}],"version-history":[{"count":0,"href":"https:\/\/www.fachodeluz.blog.br\/wp\/wp-json\/wp\/v2\/posts\/26289\/revisions"}],"wp:attachment":[{"href":"https:\/\/www.fachodeluz.blog.br\/wp\/wp-json\/wp\/v2\/media?parent=26289"}],"wp:term":[{"taxonomy":"category","embeddable":true,"href":"https:\/\/www.fachodeluz.blog.br\/wp\/wp-json\/wp\/v2\/categories?post=26289"},{"taxonomy":"post_tag","embeddable":true,"href":"https:\/\/www.fachodeluz.blog.br\/wp\/wp-json\/wp\/v2\/tags?post=26289"}],"curies":[{"name":"wp","href":"https:\/\/api.w.org\/{rel}","templated":true}]}}