{"id":26343,"date":"2020-05-09T12:35:19","date_gmt":"2020-05-09T15:35:19","guid":{"rendered":"http:\/\/fachodeluz.blog.br\/wp\/?p=26343"},"modified":"2020-05-10T01:24:54","modified_gmt":"2020-05-10T04:24:54","slug":"deus-reino-de-deus-filho-de-deus","status":"publish","type":"post","link":"https:\/\/www.fachodeluz.blog.br\/wp\/2020\/05\/09\/deus-reino-de-deus-filho-de-deus\/","title":{"rendered":"DEUS, REINO DE DEUS, FILHO DE DEUS!"},"content":{"rendered":"<h2 style=\"text-align: center;\"><\/h2>\n<h2 style=\"text-align: center;\"><span style=\"color: #993300;\"><a style=\"color: #993300;\" href=\"https:\/\/i0.wp.com\/fachodeluz.blog.br\/wp\/wp-content\/uploads\/2020\/05\/medita%C3%A7%C3%A3o-777.jpg\"><img data-recalc-dims=\"1\" loading=\"lazy\" decoding=\"async\" loading=\"lazy\" class=\"aligncenter size-full wp-image-26344\" src=\"https:\/\/i0.wp.com\/fachodeluz.blog.br\/wp\/wp-content\/uploads\/2020\/05\/medita%C3%A7%C3%A3o-777.jpg?resize=555%2C370\" alt=\"\" width=\"555\" height=\"370\" srcset=\"https:\/\/i0.wp.com\/www.fachodeluz.blog.br\/wp\/wp-content\/uploads\/2020\/05\/medita%C3%A7%C3%A3o-777.jpg?w=555&amp;ssl=1 555w, https:\/\/i0.wp.com\/www.fachodeluz.blog.br\/wp\/wp-content\/uploads\/2020\/05\/medita%C3%A7%C3%A3o-777.jpg?resize=300%2C200&amp;ssl=1 300w\" sizes=\"auto, (max-width: 555px) 100vw, 555px\" \/><\/a><\/span><\/h2>\n<h2 style=\"text-align: center;\"><span style=\"color: #993300;\">Durante a \u201cPr\u00e1tica do Sil\u00eancio\u201d, de in\u00edcio deve ser descartada a CREN\u00c7A NA MAT\u00c9RIA, atrav\u00e9s de total abertura \u00e0 Mente de CRISTO, que todos possu\u00edmos e que tem aptid\u00e3o divina para <strong><em>CONTEMPLAR A ONIA\u00c7\u00c3O,<\/em><\/strong>\u00a0 que \u00e9 o que DEUS FAZ!<\/span><\/h2>\n<h2><\/h2>\n<h2 style=\"text-align: center;\"><span style=\"color: #993300;\">Aceite com \u201ccora\u00e7\u00e3o de crian\u00e7a\u201d que DEUS \u00c9 TUDO, QUE ESTAMOS NO REINO DE DEUS, E QUE SOMOS FILHOS DE DEUS, <strong><em>EM PERMANENTE UNIDADE COM DEUS!<\/em><\/strong> <\/span><\/h2>\n<h2 style=\"text-align: center;\"><span style=\"color: #993300;\">\u201cAceitar com cora\u00e7\u00e3o de crian\u00e7a\u201d significa <strong><em>ACATAR COMO VERDADE J\u00c1 MANIFESTADA AS REVELA\u00c7\u00d5ES ABSOLUTAS!<\/em><\/strong><\/span><\/h2>\n<h2><\/h2>\n<h2 style=\"text-align: center;\"><span style=\"color: #993300;\"><strong><em>\u201cTUDO EST\u00c1 FEITO\u201d,<\/em><\/strong> ou seja, DEUS EST\u00c1 <em><strong>FEITO,<\/strong><\/em> O REINO DE DEUS EST\u00c1 <strong><em>FEITO<\/em><\/strong> E OS FILHOS DE DEUS EST\u00c3O <strong><em>FEITOS!<\/em><\/strong> <\/span><\/h2>\n<h2 style=\"text-align: center;\"><span style=\"color: #993300;\">Descartando a <em><strong>ILUS\u00c3O<\/strong><\/em> de suposta \u201cexist\u00eancia material\u201d, acate a Verdade de que FORMAMOS A UNIDADE ESPIRITUAL PERFEITA, AQUI E AGORA, ONDE ESTAMOS ATIVOS NA ONIA\u00c7\u00c3O DE DEUS! <\/span><\/h2>\n<h2 style=\"text-align: center;\"><span style=\"color: #993300;\">Por isso Jesus dizia: <strong><em>\u201cO PAI EM MIM FAZ AS OBRAS\u201d!<\/em> <\/strong>Via-se INTEGRADO\u00a0 \u00e0 Onia\u00e7\u00e3o de Deus!<\/span><\/h2>\n<h2><\/h2>\n<h2 style=\"text-align: center;\"><span style=\"color: #993300;\">Fa\u00e7a as \u201ccontempla\u00e7\u00f5es absolutas\u201d SEM LEVAR EM CONTA O SUPOSTO \u201cMUNDO MATERIAL\u201d! <strong><em>DEUS \u00c9 ESP\u00cdRITO, O REINO DE DEUS \u00c9 ESP\u00cdRITO, E TODO FILHO DE DEUS \u00c9 ESP\u00cdRITO!<\/em> <\/strong>Este \u00e9 o REFERENCIAL DIVINO, endossado por Deus quando assim Se revelou: <strong><em>\u201cE viu DEUS tudo quanto fizera, e eis que achou muito bom!\u201d.<\/em><\/strong><\/span><\/h2>\n<h2 style=\"text-align: center;\"><span style=\"color: #993300;\">Com a Mente de Cristo, aceite primeiramente, <strong><em>pensar somente na palavra DEUS<\/em><\/strong> por alguns minutos, abrindo-se \u00e0 Sua PRESEN\u00c7A; em seguida, <strong><em>passe a pensar<\/em><\/strong> <em><strong>somente no REINO DE DEUS<\/strong><\/em> por alguns minutos, reconhecendo ESTAR NELE; por fim, <strong><em>p<\/em><em>ense somente no FILHO DE DEUS sendo VOC\u00ca,<\/em><\/strong> por alguns minutos.<\/span><\/h2>\n<h2 style=\"text-align: center;\"><span style=\"color: #993300;\">Sua \u201ccontempla\u00e7\u00e3o da Verdade\u201d, feita da forma proposta, \u00a0ser\u00e1 uma simples CONSTATA\u00c7\u00c3O DE QUE DEUS, COM SEU REINO, \u00c9 A VERDADE ABSOLUTA QUE SEMPRE SOMOS! Isto porque, acatando a <em><strong>Mente de Cristo,<\/strong><\/em> e com ela nos abrindo separadamente a DEUS, ao REINO DE DEUS e ao FILHO DE DEUS,\u00a0 teremos mais facilidade em TRANSCENDER a cren\u00e7a material, por nos CONCENTRARMOS NA NATUREZA REAL E ESPIRITUAL DO UNIVERSO!<\/span><\/h2>\n<h2 style=\"text-align: center;\"><span style=\"color: #993300;\">*<\/span><\/h2>\n","protected":false},"excerpt":{"rendered":"<p>Durante a \u201cPr\u00e1tica do Sil\u00eancio\u201d, de in\u00edcio deve ser descartada a CREN\u00c7A NA MAT\u00c9RIA, atrav\u00e9s de total abertura \u00e0 Mente de CRISTO, que todos possu\u00edmos e que tem aptid\u00e3o divina para CONTEMPLAR A ONIA\u00c7\u00c3O,\u00a0 que \u00e9 o que DEUS FAZ! Aceite com \u201ccora\u00e7\u00e3o de crian\u00e7a\u201d que DEUS \u00c9 TUDO, QUE ESTAMOS NO REINO DE DEUS, &hellip; <\/p>\n<p class=\"link-more\"><a href=\"https:\/\/www.fachodeluz.blog.br\/wp\/2020\/05\/09\/deus-reino-de-deus-filho-de-deus\/\" class=\"more-link\">Leia mais<span class=\"screen-reader-text\"> &#8220;DEUS, REINO DE DEUS, FILHO DE DEUS!&#8221;<\/span><\/a><\/p>\n","protected":false},"author":2,"featured_media":0,"comment_status":"open","ping_status":"closed","sticky":false,"template":"","format":"standard","meta":{"nf_dc_page":"","_crdt_document":"","footnotes":""},"categories":[10],"tags":[],"class_list":["post-26343","post","type-post","status-publish","format-standard","hentry","category-darcio-dezolt"],"featured_media_urls":[],"_links":{"self":[{"href":"https:\/\/www.fachodeluz.blog.br\/wp\/wp-json\/wp\/v2\/posts\/26343","targetHints":{"allow":["GET"]}}],"collection":[{"href":"https:\/\/www.fachodeluz.blog.br\/wp\/wp-json\/wp\/v2\/posts"}],"about":[{"href":"https:\/\/www.fachodeluz.blog.br\/wp\/wp-json\/wp\/v2\/types\/post"}],"author":[{"embeddable":true,"href":"https:\/\/www.fachodeluz.blog.br\/wp\/wp-json\/wp\/v2\/users\/2"}],"replies":[{"embeddable":true,"href":"https:\/\/www.fachodeluz.blog.br\/wp\/wp-json\/wp\/v2\/comments?post=26343"}],"version-history":[{"count":0,"href":"https:\/\/www.fachodeluz.blog.br\/wp\/wp-json\/wp\/v2\/posts\/26343\/revisions"}],"wp:attachment":[{"href":"https:\/\/www.fachodeluz.blog.br\/wp\/wp-json\/wp\/v2\/media?parent=26343"}],"wp:term":[{"taxonomy":"category","embeddable":true,"href":"https:\/\/www.fachodeluz.blog.br\/wp\/wp-json\/wp\/v2\/categories?post=26343"},{"taxonomy":"post_tag","embeddable":true,"href":"https:\/\/www.fachodeluz.blog.br\/wp\/wp-json\/wp\/v2\/tags?post=26343"}],"curies":[{"name":"wp","href":"https:\/\/api.w.org\/{rel}","templated":true}]}}