{"id":26459,"date":"2020-06-02T13:18:16","date_gmt":"2020-06-02T16:18:16","guid":{"rendered":"http:\/\/fachodeluz.blog.br\/wp\/?p=26459"},"modified":"2020-06-02T13:32:03","modified_gmt":"2020-06-02T16:32:03","slug":"bom-so-ha-um-que-e-deus","status":"publish","type":"post","link":"https:\/\/www.fachodeluz.blog.br\/wp\/2020\/06\/02\/bom-so-ha-um-que-e-deus\/","title":{"rendered":"&#8220;BOM S\u00d3 H\u00c1 UM, QUE \u00c9 DEUS!&#8221;"},"content":{"rendered":"<h2 style=\"text-align: center;\"><span style=\"color: #703e3e;\"><a style=\"color: #703e3e;\" href=\"https:\/\/i0.wp.com\/fachodeluz.blog.br\/wp\/wp-content\/uploads\/2020\/06\/prodigo-2A.jpg\"><img data-recalc-dims=\"1\" loading=\"lazy\" decoding=\"async\" loading=\"lazy\" class=\"aligncenter size-full wp-image-26460\" src=\"https:\/\/i0.wp.com\/fachodeluz.blog.br\/wp\/wp-content\/uploads\/2020\/06\/prodigo-2A.jpg?resize=555%2C311\" alt=\"\" width=\"555\" height=\"311\" srcset=\"https:\/\/i0.wp.com\/www.fachodeluz.blog.br\/wp\/wp-content\/uploads\/2020\/06\/prodigo-2A.jpg?w=555&amp;ssl=1 555w, https:\/\/i0.wp.com\/www.fachodeluz.blog.br\/wp\/wp-content\/uploads\/2020\/06\/prodigo-2A.jpg?resize=300%2C168&amp;ssl=1 300w\" sizes=\"auto, (max-width: 555px) 100vw, 555px\" \/><\/a><\/span><\/h2>\n<h2 style=\"text-align: center;\"><span style=\"color: #703e3e;\">Ao se recusar a ser chamado de \u201cbom mestre\u201d, redarguiu Jesus: <strong><em>\u201cPor que me chamas bom? Bom s\u00f3 h\u00e1 UM, que \u00e9 Deus\u201d.<\/em><\/strong> Desse modo, dava a suprema sabedoria que compreende a Verdade de que <strong><em>DEUS, AL\u00c9M DE SER TUDO E TODOS, \u00c9 BEM PERMANENTE, ONIPRESENTE E \u00daNICO!<\/em><\/strong><\/span><\/h2>\n<h2 style=\"text-align: center;\"><span style=\"color: #703e3e;\">O mundo fenom\u00eanico, supostamente regido pela \u201cmente carnal\u201d, \u00e9 fundamentado na ILUS\u00c3O do \u201cbem e do mal\u201d: e sendo assim, divide a exist\u00eancia inteira rotulando tudo e todos segundo os seus supostos \u201cdois poderes\u201d. Com sua radical resposta, Jesus revelou a Verdade Absoluta da Exist\u00eancia, que \u00e9 a <strong><em>Unidade Divina e Perfeita!<\/em><\/strong><\/span><\/h2>\n<h2 style=\"text-align: center;\"><span style=\"color: #703e3e;\">Esta Sabedoria s\u00f3 ser\u00e1 praticada pela REN\u00daNCIA AO JU\u00cdZO SEGUNDO AS APAR\u00caNCIAS! \u00c9 pelo \u201cJU\u00cdZO JUSTO\u201d QUE ANULAMOS A ILUS\u00d3RIA \u201cMENTE CARNAL\u201d SEPARATISTA!<\/span><\/h2>\n<h2><\/h2>\n<h2 style=\"text-align: center;\"><span style=\"color: #703e3e;\">Quando o filho pr\u00f3digo se decidiu por \u201cretornar \u00e0 casa do pai\u201d, sua volta foi comemorada, e foi ele t\u00e3o bem tratado, que o outro filho, enciumado, foi ao pai reclamar que nunca havia recebido semelhante tratamento! Havia ele passado pelas agruras passadas pelo seu irm\u00e3o? Havia aprendido dar valor a ter\u00a0 estado na casa do pai o tempo todo? Sem\u00a0 ter sofrido a ponto de se alimentar comendo lavagem de porcos? N\u00e3o! Teria estado ininterruptamente ao lado do pai, por\u00e9m, criticando o irm\u00e3o, como se tivesse ficado em desvantagem! Mas o pai o corrigiu, dizendo: <strong><em>\u201cFilho, sempre esteve vivendo comigo! Tudo que eu tenho sempre esteve sendo seu!\u201d<\/em><\/strong><\/span><\/h2>\n<h2><\/h2>\n<h2 style=\"text-align: center;\"><span style=\"color: #703e3e;\">N\u00e3o h\u00e1 bondade nem maldade na ILUS\u00c3O!<\/span><\/h2>\n<h2 style=\"text-align: center;\"><span style=\"color: #703e3e;\"><strong><em> O QUE H\u00c1, \u00c9 DEUS SENDO TUDO E SENDO O PAI \u00daNICO DE JESUS E DE N\u00d3S TODOS!<\/em><\/strong><\/span><\/h2>\n<h2 style=\"text-align: center;\"><span style=\"color: #703e3e;\">Os dois filhos, da Par\u00e1bola de Jesus, se mostraram cegos para a Verdade de que J\u00c1 ESTAVAM DE POSSE DE TUDO QUANTO O PAI POSSU\u00cdA. Por qual motivo? PELO DESCONHECIMENTO\u00a0 DE QUE SERIAM DONOS DE TUDO SOMENTE QUANDO SE VISSEM EM UNIDADE COM O PAI, E DONOS DAS POSSES TODAS DO PAI!<\/span><\/h2>\n<h2><\/h2>\n<h2 style=\"text-align: center;\"><span style=\"color: #703e3e;\">Quando esta Verdade substituir a CREN\u00c7A\u00a0 DUALISTA, que mostra um \u201cmancebo\u201d desejoso de obter a vida eterna, ao lado de um \u201cbom mestre\u201d que, \u00a0sendo entendido como mais s\u00e1bio do que ele, lhe desse instru\u00e7\u00f5es\u00a0 que atendessem aos seus anseios, TODOS SE PERCEBER\u00c3O ILUMINADOS, ETERNOS E PERFEITOS, enquanto a ILUS\u00c3O de &#8220;<em>vida limitada e mortal\u201d <\/em>ser\u00e1 completamente varrida, e se mostrando ser o que verdadeiramente sempre esteve sendo:<\/span><\/h2>\n<h2 style=\"text-align: center;\"><span style=\"color: #703e3e;\"><em><strong> puro nada!\u00a0<\/strong> <\/em><\/span><\/h2>\n<h2 style=\"text-align: center;\"><span style=\"color: #703e3e;\"><em>*<br \/>\n<\/em><\/span><\/h2>\n","protected":false},"excerpt":{"rendered":"<p>Ao se recusar a ser chamado de \u201cbom mestre\u201d, redarguiu Jesus: \u201cPor que me chamas bom? Bom s\u00f3 h\u00e1 UM, que \u00e9 Deus\u201d. Desse modo, dava a suprema sabedoria que compreende a Verdade de que DEUS, AL\u00c9M DE SER TUDO E TODOS, \u00c9 BEM PERMANENTE, ONIPRESENTE E \u00daNICO! O mundo fenom\u00eanico, supostamente regido pela \u201cmente &hellip; <\/p>\n<p class=\"link-more\"><a href=\"https:\/\/www.fachodeluz.blog.br\/wp\/2020\/06\/02\/bom-so-ha-um-que-e-deus\/\" class=\"more-link\">Leia mais<span class=\"screen-reader-text\"> &#8220;&#8220;BOM S\u00d3 H\u00c1 UM, QUE \u00c9 DEUS!&#8221;&#8221;<\/span><\/a><\/p>\n","protected":false},"author":2,"featured_media":0,"comment_status":"open","ping_status":"closed","sticky":false,"template":"","format":"standard","meta":{"nf_dc_page":"","_crdt_document":"","footnotes":""},"categories":[10],"tags":[],"class_list":["post-26459","post","type-post","status-publish","format-standard","hentry","category-darcio-dezolt"],"featured_media_urls":[],"_links":{"self":[{"href":"https:\/\/www.fachodeluz.blog.br\/wp\/wp-json\/wp\/v2\/posts\/26459","targetHints":{"allow":["GET"]}}],"collection":[{"href":"https:\/\/www.fachodeluz.blog.br\/wp\/wp-json\/wp\/v2\/posts"}],"about":[{"href":"https:\/\/www.fachodeluz.blog.br\/wp\/wp-json\/wp\/v2\/types\/post"}],"author":[{"embeddable":true,"href":"https:\/\/www.fachodeluz.blog.br\/wp\/wp-json\/wp\/v2\/users\/2"}],"replies":[{"embeddable":true,"href":"https:\/\/www.fachodeluz.blog.br\/wp\/wp-json\/wp\/v2\/comments?post=26459"}],"version-history":[{"count":0,"href":"https:\/\/www.fachodeluz.blog.br\/wp\/wp-json\/wp\/v2\/posts\/26459\/revisions"}],"wp:attachment":[{"href":"https:\/\/www.fachodeluz.blog.br\/wp\/wp-json\/wp\/v2\/media?parent=26459"}],"wp:term":[{"taxonomy":"category","embeddable":true,"href":"https:\/\/www.fachodeluz.blog.br\/wp\/wp-json\/wp\/v2\/categories?post=26459"},{"taxonomy":"post_tag","embeddable":true,"href":"https:\/\/www.fachodeluz.blog.br\/wp\/wp-json\/wp\/v2\/tags?post=26459"}],"curies":[{"name":"wp","href":"https:\/\/api.w.org\/{rel}","templated":true}]}}