{"id":26483,"date":"2020-06-07T13:39:09","date_gmt":"2020-06-07T16:39:09","guid":{"rendered":"http:\/\/fachodeluz.blog.br\/wp\/?p=26483"},"modified":"2020-06-07T13:39:09","modified_gmt":"2020-06-07T16:39:09","slug":"o-cristo-em-voce-e-identico-ao-cristo-em-jesus","status":"publish","type":"post","link":"https:\/\/www.fachodeluz.blog.br\/wp\/2020\/06\/07\/o-cristo-em-voce-e-identico-ao-cristo-em-jesus\/","title":{"rendered":"O CRISTO EM VOC\u00ca \u00c9 ID\u00caNTICO AO CRISTO EM JESUS!"},"content":{"rendered":"<h2 style=\"text-align: center;\"><a href=\"https:\/\/i0.wp.com\/fachodeluz.blog.br\/wp\/wp-content\/uploads\/2020\/06\/new-33.jpg\"><img data-recalc-dims=\"1\" loading=\"lazy\" decoding=\"async\" loading=\"lazy\" class=\"aligncenter size-full wp-image-26485\" src=\"https:\/\/i0.wp.com\/fachodeluz.blog.br\/wp\/wp-content\/uploads\/2020\/06\/new-33.jpg?resize=555%2C741\" alt=\"\" width=\"555\" height=\"741\" srcset=\"https:\/\/i0.wp.com\/www.fachodeluz.blog.br\/wp\/wp-content\/uploads\/2020\/06\/new-33.jpg?w=555&amp;ssl=1 555w, https:\/\/i0.wp.com\/www.fachodeluz.blog.br\/wp\/wp-content\/uploads\/2020\/06\/new-33.jpg?resize=225%2C300&amp;ssl=1 225w\" sizes=\"auto, (max-width: 555px) 100vw, 555px\" \/><\/a><\/h2>\n<h2 style=\"text-align: center;\"><span style=\"color: #5f612d;\">Vivenciar a Verdade \u00e9 simples e unicamente algu\u00e9m <strong><em>JULGAR-SE SEGUNDO JU\u00cdZO JUSTO,<\/em><\/strong> fazendo sua IDENTIFICA\u00c7\u00c3O TOTAL com o CRISTO ETERNO, renunciando \u00e0 FALSA CREN\u00c7A de <em><strong>SER OU DE TER SIDO \u201cMORTAL ENCARNADO\u201d!<\/strong><\/em><\/span><\/h2>\n<h2 style=\"text-align: center;\"><span style=\"color: #5f612d;\">\u00a0Feito isso, ficar\u00e1 n\u00edtida e clara a revela\u00e7\u00e3o de Paulo: \u201cO CRISTO \u00c9 TUDO EM TODOS\u201d.<\/span><\/h2>\n<h2 style=\"text-align: center;\"><span style=\"color: #5f612d;\">Por mais que as APAR\u00caNCIAS se mostrem como reais e convincentes, NENHUMA DELAS \u00c9 REALIDADE! \u00a0Tudo \u00e9 DEUS SE EVIDENCIANDO, enquanto AS APAR\u00caNCIAS S\u00c3O \u201cO NADA\u201d TENTANDO \u201cILUDIR ALGU\u00c9M\u201d!<\/span><\/h2>\n<h2 style=\"text-align: center;\"><span style=\"color: #5f612d;\">O <strong><em>Esp\u00edrito do Pai<\/em> <\/strong>\u00e9 \u00fanico e onipresente, e constitui O CRISTO sendo JESUS, sendo VOC\u00ca, e sendo TODOS! Esta Verdade se encontra revelada em todas as Escrituras! Em J\u00f3, 32: 8, por exemplo, podemos ler: <em><strong>\u201cNa Verdade h\u00e1 um Esp\u00edrito no homem, e a inspira\u00e7\u00e3o do Todo-poderoso o faz compreensivo\u201d.<\/strong><\/em><\/span><\/h2>\n<h2 style=\"text-align: center;\"><span style=\"color: #5f612d;\">Esta Verdade ficou melhor enfatizada atrav\u00e9s de\u00a0 Paulo, quando disse que <strong><em>\u201cJesus Cristo est\u00e1 em v\u00f3s\u201d<\/em> <\/strong>ou quando declarou que <strong><em>\u201cCristo \u00e9 TUDO em todos&#8221;!<\/em><\/strong><\/span><\/h2>\n<h2 style=\"text-align: center;\"><span style=\"color: #5f612d;\">A Verdade, aparentemente falando, tem pela frente a Teologia e as cren\u00e7as religiosas do mundo! Certa vez perguntei a um esp\u00edrita com que objetivo essa doutrina busca \u201cesp\u00edritos\u201d em suas sess\u00f5es; e ele assim me disse: <strong><em>\u201cPara contatarmos \u201cesp\u00edritos superiores\u201d e deles recebermos ensinamentos elevados!\u201d<\/em><\/strong> Disse a ele: <strong><em>\u201cO ESP\u00cdRITO \u00daNICO E SUPERIOR \u00c9 O SEU: DEUS!\u201d. <\/em><\/strong>Ter\u00e1 ele muita luta pela frente para se livrar de sua mente carnal lotada de inverdades! Como disse Jesus,<strong><em> \u201cN\u00e3o se deita vinha novo em odres velhos!\u201d.<\/em><\/strong><\/span><\/h2>\n<h2><\/h2>\n<h2 style=\"text-align: center;\"><span style=\"color: #5f612d;\">\u201cSOMENTE DEUS \u00c9 REALIDADE, E SE EXPRIME COMO O FILHO,<em><strong> OU CRISTO,<\/strong><\/em> QUE \u00c9 TUDO EM TODOS!<\/span><\/h2>\n<h2 style=\"text-align: center;\"><span style=\"color: #5f612d;\"> *<\/span><\/h2>\n","protected":false},"excerpt":{"rendered":"<p>Vivenciar a Verdade \u00e9 simples e unicamente algu\u00e9m JULGAR-SE SEGUNDO JU\u00cdZO JUSTO, fazendo sua IDENTIFICA\u00c7\u00c3O TOTAL com o CRISTO ETERNO, renunciando \u00e0 FALSA CREN\u00c7A de SER OU DE TER SIDO \u201cMORTAL ENCARNADO\u201d! \u00a0Feito isso, ficar\u00e1 n\u00edtida e clara a revela\u00e7\u00e3o de Paulo: \u201cO CRISTO \u00c9 TUDO EM TODOS\u201d. Por mais que as APAR\u00caNCIAS se mostrem &hellip; <\/p>\n<p class=\"link-more\"><a href=\"https:\/\/www.fachodeluz.blog.br\/wp\/2020\/06\/07\/o-cristo-em-voce-e-identico-ao-cristo-em-jesus\/\" class=\"more-link\">Leia mais<span class=\"screen-reader-text\"> &#8220;O CRISTO EM VOC\u00ca \u00c9 ID\u00caNTICO AO CRISTO EM JESUS!&#8221;<\/span><\/a><\/p>\n","protected":false},"author":2,"featured_media":0,"comment_status":"open","ping_status":"closed","sticky":false,"template":"","format":"standard","meta":{"nf_dc_page":"","_crdt_document":"","footnotes":""},"categories":[1],"tags":[],"class_list":["post-26483","post","type-post","status-publish","format-standard","hentry","category-diversas"],"featured_media_urls":[],"_links":{"self":[{"href":"https:\/\/www.fachodeluz.blog.br\/wp\/wp-json\/wp\/v2\/posts\/26483","targetHints":{"allow":["GET"]}}],"collection":[{"href":"https:\/\/www.fachodeluz.blog.br\/wp\/wp-json\/wp\/v2\/posts"}],"about":[{"href":"https:\/\/www.fachodeluz.blog.br\/wp\/wp-json\/wp\/v2\/types\/post"}],"author":[{"embeddable":true,"href":"https:\/\/www.fachodeluz.blog.br\/wp\/wp-json\/wp\/v2\/users\/2"}],"replies":[{"embeddable":true,"href":"https:\/\/www.fachodeluz.blog.br\/wp\/wp-json\/wp\/v2\/comments?post=26483"}],"version-history":[{"count":0,"href":"https:\/\/www.fachodeluz.blog.br\/wp\/wp-json\/wp\/v2\/posts\/26483\/revisions"}],"wp:attachment":[{"href":"https:\/\/www.fachodeluz.blog.br\/wp\/wp-json\/wp\/v2\/media?parent=26483"}],"wp:term":[{"taxonomy":"category","embeddable":true,"href":"https:\/\/www.fachodeluz.blog.br\/wp\/wp-json\/wp\/v2\/categories?post=26483"},{"taxonomy":"post_tag","embeddable":true,"href":"https:\/\/www.fachodeluz.blog.br\/wp\/wp-json\/wp\/v2\/tags?post=26483"}],"curies":[{"name":"wp","href":"https:\/\/api.w.org\/{rel}","templated":true}]}}