{"id":26836,"date":"2020-08-09T13:29:51","date_gmt":"2020-08-09T16:29:51","guid":{"rendered":"http:\/\/fachodeluz.blog.br\/wp\/?p=26836"},"modified":"2020-08-09T13:56:25","modified_gmt":"2020-08-09T16:56:25","slug":"reconheca-o-reino-de-deus-ocupando-o-lugar-do-mundo-do-pai-da-mentira","status":"publish","type":"post","link":"https:\/\/www.fachodeluz.blog.br\/wp\/2020\/08\/09\/reconheca-o-reino-de-deus-ocupando-o-lugar-do-mundo-do-pai-da-mentira\/","title":{"rendered":"RECONHE\u00c7A O REINO DE DEUS OCUPANDO O LUGAR DO &#8220;MUNDO DO PAI DA MENTIRA&#8221;!"},"content":{"rendered":"<h2 style=\"text-align: center;\"><a href=\"https:\/\/i0.wp.com\/fachodeluz.blog.br\/wp\/wp-content\/uploads\/2020\/08\/PINOQUIO-10-B.jpg\"><img data-recalc-dims=\"1\" loading=\"lazy\" decoding=\"async\" loading=\"lazy\" class=\"aligncenter size-full wp-image-26839\" src=\"https:\/\/i0.wp.com\/fachodeluz.blog.br\/wp\/wp-content\/uploads\/2020\/08\/PINOQUIO-10-B.jpg?resize=555%2C388\" alt=\"\" width=\"555\" height=\"388\" srcset=\"https:\/\/i0.wp.com\/www.fachodeluz.blog.br\/wp\/wp-content\/uploads\/2020\/08\/PINOQUIO-10-B.jpg?w=555&amp;ssl=1 555w, https:\/\/i0.wp.com\/www.fachodeluz.blog.br\/wp\/wp-content\/uploads\/2020\/08\/PINOQUIO-10-B.jpg?resize=300%2C210&amp;ssl=1 300w\" sizes=\"auto, (max-width: 555px) 100vw, 555px\" \/><\/a><\/h2>\n<h2 style=\"text-align: center;\"><span style=\"color: #3366ff;\"><span style=\"color: #2a3966;\">Quando Jesus diz que <em>\u201cn\u00e3o podemos servir a dois senhores\u201d, <\/em>quis tamb\u00e9m dizer que <em>\u201cn\u00e3o podemos crer em dois mundos, um material e imperfeito, e outro divino e perfeito&#8221;.<\/em> Por isso, deixou claro que \u201cn\u00e3o somos do mundo\u201d, que \u201cestivemos com ele desde o princ\u00edpio&#8221;, e que \u201ceste mundo&#8221; \u00e9 um <em>&#8220;mundo do pai da mentira\u201d.<\/em><\/span><\/span><\/h2>\n<h2 style=\"text-align: center;\"><span style=\"color: #2a3966;\">A natureza \u201cdeste mundo\u201d \u00e9 fraudulenta, mentirosa, hipn\u00f3tica e enganadora, sempre sugerindo a falsa exist\u00eancia de \u201cdois poderes\u201d, como se Deus n\u00e3o fosse onipresente!<\/span><\/h2>\n<h2 style=\"text-align: center;\"><\/h2>\n<h2 style=\"text-align: center;\"><span style=\"color: #2a3966;\">Quando a B\u00edblia assim declara: \u201cMaior \u00e9 <strong><em>AQUELE QUE EST\u00c1 EM MIM,<\/em><\/strong> do que <em>aquele<\/em> que est\u00e1 no mundo\u201d, est\u00e1 simplesmente revelando que <strong><em>\u201cNADA H\u00c1 DE REAL AO LADO DE DEUS!\u201d.<\/em><\/strong><\/span><\/h2>\n<h2 style=\"text-align: center;\"><span style=\"color: #2a3966;\">Sempre que algu\u00e9m <em>aparentemente<\/em> do mundo se mostra radiante com o suposto \u201cnascimento de algu\u00e9m\u201d, se v\u00ea desconsiderando que um futuro e hipn\u00f3tico &#8220;morto a mais&#8221;\u00a0 veio a se tornar vis\u00edvel aos maus olhos da \u201cmente carnal\u201d. Por isso disse Jesus:<strong><em> \u201cN\u00e3o chameis de pai a ningu\u00e9m da terra, pois UM S\u00d3 \u00c9 O VOSSO PAI \u2013 o qual est\u00e1 nos c\u00e9us\u201d.<\/em> <\/strong><\/span><\/h2>\n<h2 style=\"text-align: center;\"><span style=\"color: #2a3966;\">Todo o seu Evangelho nos associa com Deus, Seu Reino e Sua Eternidade,<strong><em> sem come\u00e7o, mudan\u00e7a e sem fim!<\/em> <\/strong><\/span><\/h2>\n<h2><\/h2>\n<h2 style=\"text-align: center;\"><span style=\"color: #2a3966;\">Foi Jesus acreditado em suas explana\u00e7\u00f5es da Verdade Eterna? N\u00e3o! A humanidade se acostumou com as mentiras do \u201cpai da mentira\u201d, que \u00e9 a ILUS\u00c3O!! Crendo na ILUS\u00c3O, tudo \u00e9 buscado no \u201cmundo ilus\u00f3rio! Curas, prazeres, suprimento, etc. Agindo sob influ\u00eancia deste HIPNOTISMO DE MASSA, segue cada suposto \u201chabitante do mundo\u201d\u00a0 protagonizando, com sua vida \u201cvinda de mortais\u201d, a vida\u00a0 do filho pr\u00f3digo, vivida distante da \u201ccasa do pai\u201d. <\/span><\/h2>\n<h2 style=\"text-align: center;\"><span style=\"color: #2a3966;\">Quando se livrar\u00e1 de tanto embuste, imposto pelo \u201cpai da mentira\u201d? Somente quando CONHECER, EM SI PR\u00d3PRIO, O \u201cPAI DA VERDADE\u201d Se expressando como O CRISTO, que esteve e est\u00e1 sendo ELE PR\u00d3PRIO <strong><em>&#8220;DESDE O PRINC\u00cdPIO&#8221;!<\/em><\/strong><\/span><\/h2>\n<h2 style=\"text-align: center;\"><span style=\"color: #2a3966;\">\u00a0*<\/span><\/h2>\n","protected":false},"excerpt":{"rendered":"<p>Quando Jesus diz que \u201cn\u00e3o podemos servir a dois senhores\u201d, quis tamb\u00e9m dizer que \u201cn\u00e3o podemos crer em dois mundos, um material e imperfeito, e outro divino e perfeito&#8221;. Por isso, deixou claro que \u201cn\u00e3o somos do mundo\u201d, que \u201cestivemos com ele desde o princ\u00edpio&#8221;, e que \u201ceste mundo&#8221; \u00e9 um &#8220;mundo do pai da &hellip; <\/p>\n<p class=\"link-more\"><a href=\"https:\/\/www.fachodeluz.blog.br\/wp\/2020\/08\/09\/reconheca-o-reino-de-deus-ocupando-o-lugar-do-mundo-do-pai-da-mentira\/\" class=\"more-link\">Leia mais<span class=\"screen-reader-text\"> &#8220;RECONHE\u00c7A O REINO DE DEUS OCUPANDO O LUGAR DO &#8220;MUNDO DO PAI DA MENTIRA&#8221;!&#8221;<\/span><\/a><\/p>\n","protected":false},"author":2,"featured_media":0,"comment_status":"open","ping_status":"closed","sticky":false,"template":"","format":"standard","meta":{"nf_dc_page":"","_crdt_document":"","footnotes":""},"categories":[10],"tags":[],"class_list":["post-26836","post","type-post","status-publish","format-standard","hentry","category-darcio-dezolt"],"featured_media_urls":[],"_links":{"self":[{"href":"https:\/\/www.fachodeluz.blog.br\/wp\/wp-json\/wp\/v2\/posts\/26836","targetHints":{"allow":["GET"]}}],"collection":[{"href":"https:\/\/www.fachodeluz.blog.br\/wp\/wp-json\/wp\/v2\/posts"}],"about":[{"href":"https:\/\/www.fachodeluz.blog.br\/wp\/wp-json\/wp\/v2\/types\/post"}],"author":[{"embeddable":true,"href":"https:\/\/www.fachodeluz.blog.br\/wp\/wp-json\/wp\/v2\/users\/2"}],"replies":[{"embeddable":true,"href":"https:\/\/www.fachodeluz.blog.br\/wp\/wp-json\/wp\/v2\/comments?post=26836"}],"version-history":[{"count":0,"href":"https:\/\/www.fachodeluz.blog.br\/wp\/wp-json\/wp\/v2\/posts\/26836\/revisions"}],"wp:attachment":[{"href":"https:\/\/www.fachodeluz.blog.br\/wp\/wp-json\/wp\/v2\/media?parent=26836"}],"wp:term":[{"taxonomy":"category","embeddable":true,"href":"https:\/\/www.fachodeluz.blog.br\/wp\/wp-json\/wp\/v2\/categories?post=26836"},{"taxonomy":"post_tag","embeddable":true,"href":"https:\/\/www.fachodeluz.blog.br\/wp\/wp-json\/wp\/v2\/tags?post=26836"}],"curies":[{"name":"wp","href":"https:\/\/api.w.org\/{rel}","templated":true}]}}