{"id":26861,"date":"2020-08-14T11:33:23","date_gmt":"2020-08-14T14:33:23","guid":{"rendered":"http:\/\/fachodeluz.blog.br\/wp\/?p=26861"},"modified":"2020-08-14T11:45:37","modified_gmt":"2020-08-14T14:45:37","slug":"contemplacao-disciplina-e-dedicacao-sem-esforco","status":"publish","type":"post","link":"https:\/\/www.fachodeluz.blog.br\/wp\/2020\/08\/14\/contemplacao-disciplina-e-dedicacao-sem-esforco\/","title":{"rendered":"CONTEMPLA\u00c7\u00c3O: DISCIPLINA E DEDICA\u00c7\u00c3O SEM ESFOR\u00c7O!"},"content":{"rendered":"<h2 style=\"text-align: center;\"><span style=\"color: #4a5217;\"><a style=\"color: #4a5217;\" href=\"https:\/\/i0.wp.com\/fachodeluz.blog.br\/wp\/wp-content\/uploads\/2020\/08\/cp2.png\"><img data-recalc-dims=\"1\" loading=\"lazy\" decoding=\"async\" loading=\"lazy\" class=\"aligncenter size-full wp-image-26862\" src=\"https:\/\/i0.wp.com\/fachodeluz.blog.br\/wp\/wp-content\/uploads\/2020\/08\/cp2.png?resize=555%2C388\" alt=\"\" width=\"555\" height=\"388\" srcset=\"https:\/\/i0.wp.com\/www.fachodeluz.blog.br\/wp\/wp-content\/uploads\/2020\/08\/cp2.png?w=555&amp;ssl=1 555w, https:\/\/i0.wp.com\/www.fachodeluz.blog.br\/wp\/wp-content\/uploads\/2020\/08\/cp2.png?resize=300%2C210&amp;ssl=1 300w\" sizes=\"auto, (max-width: 555px) 100vw, 555px\" \/><\/a><\/span><\/h2>\n<h2 style=\"text-align: center;\"><span style=\"color: #4a5217;\">Toda \u201ccontempla\u00e7\u00e3o absoluta\u201d requer disciplina, dedica\u00e7\u00e3o e total aus\u00eancia de esfor\u00e7o mental. O suposto \u201cmundo fenom\u00eanico\u201d, que se desdobra como \u201cimagens falsas mut\u00e1veis\u201d, dever\u00e1 ficar \u201cesquecido\u201d, a fim de que nos concentremos no Universo permanente e consumado de Deus, que jamais se altera e que \u00e9 a verdadeira Subst\u00e2ncia Divina Onipresente a ser \u201ccontemplada\u201d e reconhecida como Verdade!<\/span><\/h2>\n<h2 style=\"text-align: center;\"><span style=\"color: #4a5217;\">Somente DEUS \u00e9 Realidade; em vista disso, toda \u201ccontempla\u00e7\u00e3o\u201d \u00e9 <em><strong>Autocontempla\u00e7\u00e3o,<\/strong><\/em> por nos identificarmos com o \u201cEU SOU\u201d \u00daNICO, infinito e onipresente, perenemente emanando de Seu Verbo a <em><strong>Unidade Perfeita,<\/strong><\/em> que abrange a <em>totalidade<\/em> da Exist\u00eancia<\/span><\/h2>\n<h2><\/h2>\n<h2 style=\"text-align: center;\"><span style=\"color: #4a5217;\">O Salmo 34: 5 assim registra: <strong><em>\u201cContemplai-0 e sereis iluminados, e os vossos rostos jamais sofrer\u00e3o vexame\u201d. <\/em><\/strong>Por qu\u00ea? Porque estar\u00edamos SENDO DEUS VENDO A SI MESMO FACE A FACE! Estar\u00edamos \u201cem MIM\u201d, em nosso VERDADEIRO \u201cEU\u201d, e sendo <strong><em>QUEM REALMENTE SOMOS,<\/em> <\/strong>vivenciando em N\u00d3S MESMOS a Verdade declarada por Paulo: <em><strong>\u201cEM DEUS VIVEMOS, NOS MOVIMENTAMOS E EXISTIMOS\u201d.<\/strong> <\/em>Assim identificados com Deus e com a Verdade, entenderemos as \u201ccontempla\u00e7\u00f5es corretas&#8221; como algo muito natural, simples e sem \u201cmente em ilus\u00e3o\u201d, com seus esfor\u00e7os, cren\u00e7as e conceitos falsos. A Verdade Absoluta, de que DEUS \u00c9 TUDO, estar\u00e1 sendo \u201cCONTEMPLADA\u201d, E N\u00d3S, COMO REVELA O SALMO 34, nos veremos ILUMINADOS!<\/span><\/h2>\n<h2 style=\"text-align: center;\"><span style=\"color: #4a5217;\">*<\/span><\/h2>\n","protected":false},"excerpt":{"rendered":"<p>Toda \u201ccontempla\u00e7\u00e3o absoluta\u201d requer disciplina, dedica\u00e7\u00e3o e total aus\u00eancia de esfor\u00e7o mental. O suposto \u201cmundo fenom\u00eanico\u201d, que se desdobra como \u201cimagens falsas mut\u00e1veis\u201d, dever\u00e1 ficar \u201cesquecido\u201d, a fim de que nos concentremos no Universo permanente e consumado de Deus, que jamais se altera e que \u00e9 a verdadeira Subst\u00e2ncia Divina Onipresente a ser \u201ccontemplada\u201d e &hellip; <\/p>\n<p class=\"link-more\"><a href=\"https:\/\/www.fachodeluz.blog.br\/wp\/2020\/08\/14\/contemplacao-disciplina-e-dedicacao-sem-esforco\/\" class=\"more-link\">Leia mais<span class=\"screen-reader-text\"> &#8220;CONTEMPLA\u00c7\u00c3O: DISCIPLINA E DEDICA\u00c7\u00c3O SEM ESFOR\u00c7O!&#8221;<\/span><\/a><\/p>\n","protected":false},"author":2,"featured_media":0,"comment_status":"open","ping_status":"closed","sticky":false,"template":"","format":"standard","meta":{"nf_dc_page":"","_crdt_document":"","footnotes":""},"categories":[10],"tags":[],"class_list":["post-26861","post","type-post","status-publish","format-standard","hentry","category-darcio-dezolt"],"featured_media_urls":[],"_links":{"self":[{"href":"https:\/\/www.fachodeluz.blog.br\/wp\/wp-json\/wp\/v2\/posts\/26861","targetHints":{"allow":["GET"]}}],"collection":[{"href":"https:\/\/www.fachodeluz.blog.br\/wp\/wp-json\/wp\/v2\/posts"}],"about":[{"href":"https:\/\/www.fachodeluz.blog.br\/wp\/wp-json\/wp\/v2\/types\/post"}],"author":[{"embeddable":true,"href":"https:\/\/www.fachodeluz.blog.br\/wp\/wp-json\/wp\/v2\/users\/2"}],"replies":[{"embeddable":true,"href":"https:\/\/www.fachodeluz.blog.br\/wp\/wp-json\/wp\/v2\/comments?post=26861"}],"version-history":[{"count":0,"href":"https:\/\/www.fachodeluz.blog.br\/wp\/wp-json\/wp\/v2\/posts\/26861\/revisions"}],"wp:attachment":[{"href":"https:\/\/www.fachodeluz.blog.br\/wp\/wp-json\/wp\/v2\/media?parent=26861"}],"wp:term":[{"taxonomy":"category","embeddable":true,"href":"https:\/\/www.fachodeluz.blog.br\/wp\/wp-json\/wp\/v2\/categories?post=26861"},{"taxonomy":"post_tag","embeddable":true,"href":"https:\/\/www.fachodeluz.blog.br\/wp\/wp-json\/wp\/v2\/tags?post=26861"}],"curies":[{"name":"wp","href":"https:\/\/api.w.org\/{rel}","templated":true}]}}