{"id":27064,"date":"2020-09-19T13:21:56","date_gmt":"2020-09-19T16:21:56","guid":{"rendered":"http:\/\/fachodeluz.blog.br\/wp\/?p=27064"},"modified":"2020-09-19T13:30:33","modified_gmt":"2020-09-19T16:30:33","slug":"a-descoberta-da-ciencia-crista","status":"publish","type":"post","link":"https:\/\/www.fachodeluz.blog.br\/wp\/2020\/09\/19\/a-descoberta-da-ciencia-crista\/","title":{"rendered":"A DESCOBERTA DA CI\u00caNCIA CRIST\u00c3!"},"content":{"rendered":"<h2 style=\"text-align: center;\"><span style=\"color: #800000;\"><a style=\"color: #800000;\" href=\"https:\/\/i0.wp.com\/fachodeluz.blog.br\/wp\/wp-content\/uploads\/2020\/09\/0807-DDP-MBE2-A.jpg\"><img data-recalc-dims=\"1\" loading=\"lazy\" decoding=\"async\" loading=\"lazy\" class=\"aligncenter size-full wp-image-27065\" src=\"https:\/\/i0.wp.com\/fachodeluz.blog.br\/wp\/wp-content\/uploads\/2020\/09\/0807-DDP-MBE2-A.jpg?resize=555%2C370\" alt=\"\" width=\"555\" height=\"370\" srcset=\"https:\/\/i0.wp.com\/www.fachodeluz.blog.br\/wp\/wp-content\/uploads\/2020\/09\/0807-DDP-MBE2-A.jpg?w=555&amp;ssl=1 555w, https:\/\/i0.wp.com\/www.fachodeluz.blog.br\/wp\/wp-content\/uploads\/2020\/09\/0807-DDP-MBE2-A.jpg?resize=300%2C200&amp;ssl=1 300w\" sizes=\"auto, (max-width: 555px) 100vw, 555px\" \/><\/a><\/span><\/h2>\n<h2><\/h2>\n<h2 style=\"text-align: center;\"><span style=\"color: #800000;\">Diante do aparente \u201cparal\u00edtico\u201d desejoso de ser \u201ccurado\u201d, disse-lhe Jesus: <strong><em>\u201cLevanta-te, toma teu leito, e anda!\u201d<\/em><\/strong> E foi o que aconteceu!<\/span><\/h2>\n<h2><\/h2>\n<h2 style=\"text-align: center;\"><span style=\"color: #800000;\">Esta passagem b\u00edblica foi a respons\u00e1vel pelo surgimento\u00a0 da <em>Ci\u00eancia Crist\u00e3.<\/em> Mary Baker Eddy havia sofrido uma queda, ficado gravemente ferida, e estava sendo visitada por um pastor e um m\u00e9dico. Estando acamada, tomou a B\u00edblia em m\u00e3os e, abrindo-a ao acaso, encontrou esta passagem da aparente \u201ccura do paral\u00edtico\u201d. Na mesma hora, viu todos os sintomas decorrentes do acidente desaparecerem como por encanto. Posteriormente, com a chegada do pastor e do m\u00e9dico, ela relatou<\/span><\/h2>\n<h2 style=\"text-align: center;\"><span style=\"color: #800000;\">a eles que \u201cestava curada\u201d, mas n\u00e3o acreditaram. Talvez achassem que ela tivesse tido uma alucina\u00e7\u00e3o. <\/span><\/h2>\n<h2 style=\"text-align: center;\"><span style=\"color: #800000;\">Com a descren\u00e7a deles, ela voltou a perceber os sintomas de novo. Abriu a B\u00edblia novamenre, na mesma passagem, e com a nova leitura os sintomas desapareceram novamente. Foi quando ela se prop\u00f4s a estudar as <strong><em>Escrituras<\/em><\/strong> para compreender de que maneira se davam as \u201ccuras de Jesus&#8221;.<\/span><\/h2>\n<h2><\/h2>\n<h2 style=\"text-align: center;\"><span style=\"color: #800000;\">Ap\u00f3s compreender o processo, fundou a <strong><em>Ci\u00eancia Crist\u00e3<\/em><\/strong> a fim de transmitir \u00e0 humanidade os <em><strong>\u201cprinc\u00edpios da cura metaf\u00edsica\u201d.<\/strong><\/em><\/span><\/h2>\n<h2 style=\"text-align: center;\"><span style=\"color: #800000;\">Saber os princ\u00edpios implica o principal, que \u00e9<strong><em> \u201cserem treinados, para serem postos radicalmente na vida pr\u00e1tica\u201d.<\/em><\/strong><\/span><\/h2>\n<h2><\/h2>\n<h2 style=\"text-align: center;\"><span style=\"color: #800000;\">Jesus, ao afirmar: <strong><em>\u201cO Pai em mim faz as obras\u201d,<\/em><\/strong> ressaltava sua f\u00e9 na ONIA\u00c7\u00c3O PERFEITA E ONIPRESENTE DE DEUS. Sabia que DEUS \u00c9 TUDO, e que os supostos \u201cmales\u201d eram O ERRO, isto \u00e9, UMA VIS\u00c3O INCORRETA DOS FATOS VERDADEIROS, PERFEITOS E SEMPRE PRESENTES!<\/span><\/h2>\n<h2><\/h2>\n<h2 style=\"text-align: center;\"><span style=\"color: #800000;\">\u201cN\u00e3o podeis SERVIR A DOIS SENHORES\u201d, dizia Jesus! Deixava bem claro que SOMENTE O QUE DEUS FAZ \u00c9 REALIDADE, enquanto \u201cservir a dois senhores\u201d seria NEGAR QUE DEUS \u00c9 PERFEI\u00c7\u00c3O ETERNA, ONIPRESEN\u00c7A <strong><em>JAMAIS AFETADA PELO \u201cERRO\u201d.<\/em><\/strong><\/span><\/h2>\n<h2 style=\"text-align: center;\"><span style=\"color: #800000;\">Basicamente, \u00e9 esta a \u00a0CI\u00caNCIA DO CRISTO, descoberta e difundida por <em>Mary Baker Eddy!<\/em> E como dizia Jesus, requer apenas SER PRATICADA, COM <em>RADICALISMO<\/em> E\u00a0 <strong><em>\u201cCORA\u00c7\u00c3O DE CRIAN\u00c7A\u201d!\u00a0<\/em> <\/strong><\/span><\/h2>\n<h2 style=\"text-align: center;\"><span style=\"color: #800000;\">*<\/span><\/h2>\n","protected":false},"excerpt":{"rendered":"<p>Diante do aparente \u201cparal\u00edtico\u201d desejoso de ser \u201ccurado\u201d, disse-lhe Jesus: \u201cLevanta-te, toma teu leito, e anda!\u201d E foi o que aconteceu! Esta passagem b\u00edblica foi a respons\u00e1vel pelo surgimento\u00a0 da Ci\u00eancia Crist\u00e3. Mary Baker Eddy havia sofrido uma queda, ficado gravemente ferida, e estava sendo visitada por um pastor e um m\u00e9dico. Estando acamada, tomou &hellip; <\/p>\n<p class=\"link-more\"><a href=\"https:\/\/www.fachodeluz.blog.br\/wp\/2020\/09\/19\/a-descoberta-da-ciencia-crista\/\" class=\"more-link\">Leia mais<span class=\"screen-reader-text\"> &#8220;A DESCOBERTA DA CI\u00caNCIA CRIST\u00c3!&#8221;<\/span><\/a><\/p>\n","protected":false},"author":2,"featured_media":0,"comment_status":"open","ping_status":"closed","sticky":false,"template":"","format":"standard","meta":{"nf_dc_page":"","_crdt_document":"","footnotes":""},"categories":[10],"tags":[],"class_list":["post-27064","post","type-post","status-publish","format-standard","hentry","category-darcio-dezolt"],"featured_media_urls":[],"_links":{"self":[{"href":"https:\/\/www.fachodeluz.blog.br\/wp\/wp-json\/wp\/v2\/posts\/27064","targetHints":{"allow":["GET"]}}],"collection":[{"href":"https:\/\/www.fachodeluz.blog.br\/wp\/wp-json\/wp\/v2\/posts"}],"about":[{"href":"https:\/\/www.fachodeluz.blog.br\/wp\/wp-json\/wp\/v2\/types\/post"}],"author":[{"embeddable":true,"href":"https:\/\/www.fachodeluz.blog.br\/wp\/wp-json\/wp\/v2\/users\/2"}],"replies":[{"embeddable":true,"href":"https:\/\/www.fachodeluz.blog.br\/wp\/wp-json\/wp\/v2\/comments?post=27064"}],"version-history":[{"count":0,"href":"https:\/\/www.fachodeluz.blog.br\/wp\/wp-json\/wp\/v2\/posts\/27064\/revisions"}],"wp:attachment":[{"href":"https:\/\/www.fachodeluz.blog.br\/wp\/wp-json\/wp\/v2\/media?parent=27064"}],"wp:term":[{"taxonomy":"category","embeddable":true,"href":"https:\/\/www.fachodeluz.blog.br\/wp\/wp-json\/wp\/v2\/categories?post=27064"},{"taxonomy":"post_tag","embeddable":true,"href":"https:\/\/www.fachodeluz.blog.br\/wp\/wp-json\/wp\/v2\/tags?post=27064"}],"curies":[{"name":"wp","href":"https:\/\/api.w.org\/{rel}","templated":true}]}}