{"id":27105,"date":"2020-09-26T12:35:13","date_gmt":"2020-09-26T15:35:13","guid":{"rendered":"http:\/\/fachodeluz.blog.br\/wp\/?p=27105"},"modified":"2020-09-26T12:35:13","modified_gmt":"2020-09-26T15:35:13","slug":"a-consciencia-se-expressa-como-a-nossa-perfeicao","status":"publish","type":"post","link":"https:\/\/www.fachodeluz.blog.br\/wp\/2020\/09\/26\/a-consciencia-se-expressa-como-a-nossa-perfeicao\/","title":{"rendered":"A CONSCI\u00caNCIA SE EXPRESSA COMO A NOSSA PERFEI\u00c7\u00c3O!"},"content":{"rendered":"<h2 style=\"text-align: center;\"><span style=\"color: #000000;\"><a style=\"color: #000000;\" href=\"https:\/\/i0.wp.com\/fachodeluz.blog.br\/wp\/wp-content\/uploads\/2020\/09\/PERFEI%C3%87%C3%83O-1.jpg\"><img data-recalc-dims=\"1\" loading=\"lazy\" decoding=\"async\" loading=\"lazy\" class=\"aligncenter size-full wp-image-27106\" src=\"https:\/\/i0.wp.com\/fachodeluz.blog.br\/wp\/wp-content\/uploads\/2020\/09\/PERFEI%C3%87%C3%83O-1.jpg?resize=555%2C370\" alt=\"\" width=\"555\" height=\"370\" srcset=\"https:\/\/i0.wp.com\/www.fachodeluz.blog.br\/wp\/wp-content\/uploads\/2020\/09\/PERFEI%C3%87%C3%83O-1.jpg?w=555&amp;ssl=1 555w, https:\/\/i0.wp.com\/www.fachodeluz.blog.br\/wp\/wp-content\/uploads\/2020\/09\/PERFEI%C3%87%C3%83O-1.jpg?resize=300%2C200&amp;ssl=1 300w\" sizes=\"auto, (max-width: 555px) 100vw, 555px\" \/><\/a><\/span><\/h2>\n<h2 style=\"text-align: center;\"><span style=\"color: #000000;\">Quando Jesus diz para \u201csermos perfeitos como perfeito \u00e9 o nosso Pai celestial\u201d, est\u00e1 simplesmente nos ensinando a DESCONSIDERAR a ilus\u00f3ria \u201cmente carnal\u201d com suas falsas acusa\u00e7\u00f5es e falsos \u201cjulgamentos segundo apar\u00eancias\u201d. <\/span><\/h2>\n<h2 style=\"text-align: center;\"><span style=\"color: #000000;\">SOMOS PERFEITOS COMO O PAI CELESTIAL POR SER ELE A \u00daNICA E REAL PRESEN\u00c7A DE CADA FILHO DE DEUS!<\/span><\/h2>\n<h2 style=\"text-align: center;\"><span style=\"color: #000000;\">Tamb\u00e9m Paulo, quando\u00a0 diz para <em>\u201cnos despojarmos do velho homem e seus feitos\u201d,<\/em> explica que devemos nos identificar com a Mente de Cristo, que \u00e9 a Consci\u00eancia iluminada de Deus evidenciada como NOSSA CONSCI\u00caNCIA ILUMINADA INDIVIDUAL!<\/span><\/h2>\n<h2><\/h2>\n<h2 style=\"text-align: center;\"><span style=\"color: #000000;\">N\u00e3o h\u00e1 FILHO DE DEUS algum que tenha suposto &#8220;hist\u00f3rico terreno\u201d de empenho pessoal no mundo. no sentido de \u201cevoluir\u201d ou de \u201cse aperfei\u00e7oar\u201d paulatinamente atrav\u00e9s de \u201cencarna\u00e7\u00f5es\u201d e de \u00a0\u00a0\u00a0\u00a0\u00a0\u00a0\u00a0\u00a0 &#8220;reencarna\u00e7\u00f5es! Tais CREN\u00c7AS DUALISTAS apenas negam que A ONISCI\u00caNCIA DIVINA SEJA ONIPRESENTE, por acreditarem no irreal \u201cmundo do pai da mentira\u201d! <\/span><\/h2>\n<h2><\/h2>\n<h2 style=\"text-align: center;\"><span style=\"color: #000000;\">\u201cSOMOS LUZ DO MUNDO&#8221;, e n\u00e3o \u201ctrevas em busca de luz&#8221;!<\/span><\/h2>\n<h2 style=\"text-align: center;\"><span style=\"color: #000000;\">O suposto \u201cser em evolu\u00e7\u00e3o\u201d jamais existiu, raz\u00e3o pela qual Jesus e Paulo afirnam que deve ele ser negado! E negado como IRREALIDADE, como\u00a0 NADA!<\/span><\/h2>\n<h2 style=\"text-align: center;\"><span style=\"color: #000000;\">Deus \u00e9 TUDO e Se evidencia AQUI E AGORA como TUDO! Por isso, <strong><em>J\u00c1 SOMOS PERFEITOS COMO PERFEITO \u00c9 O NOSSO PAI CELESTIAL!<\/em> <\/strong><\/span><\/h2>\n<h2 style=\"text-align: center;\"><span style=\"color: #000000;\">N\u00e3o h\u00e1 a dualidade \u201cMente de Cristo <strong><em>e<\/em><\/strong> Perfei\u00e7\u00e3o! <strong><em>A pr\u00f3pria Consci\u00eancia divina ILUMINADA Se manifesta COMO\u00a0 Perfei\u00e7\u00e3o, e isto perpetuamente!<\/em> <\/strong><\/span><\/h2>\n<h2 style=\"text-align: center;\"><span style=\"color: #000000;\">Jamais a PERFEI\u00c7\u00c3O esteve existindo SEPARADA DA CONSCI\u00caNCIA ILUMINADA QUE SOMOS! <\/span><\/h2>\n<h2 style=\"text-align: center;\"><span style=\"color: #000000;\">E perceber esta unidade \u00e9 o sentido da frase de Jesus: <\/span><\/h2>\n<h2 style=\"text-align: center;\"><span style=\"color: #000000;\"><strong><em>&#8220;SEDE PERFEITOS, ASSIM COMO PERFEITO \u00c9 O VOSSO PAI CELESTIAL&#8221;!<\/em> <\/strong><\/span><\/h2>\n<h2 style=\"text-align: center;\"><span style=\"color: #000000;\">*<\/span><\/h2>\n","protected":false},"excerpt":{"rendered":"<p>Quando Jesus diz para \u201csermos perfeitos como perfeito \u00e9 o nosso Pai celestial\u201d, est\u00e1 simplesmente nos ensinando a DESCONSIDERAR a ilus\u00f3ria \u201cmente carnal\u201d com suas falsas acusa\u00e7\u00f5es e falsos \u201cjulgamentos segundo apar\u00eancias\u201d. SOMOS PERFEITOS COMO O PAI CELESTIAL POR SER ELE A \u00daNICA E REAL PRESEN\u00c7A DE CADA FILHO DE DEUS! Tamb\u00e9m Paulo, quando\u00a0 diz &hellip; <\/p>\n<p class=\"link-more\"><a href=\"https:\/\/www.fachodeluz.blog.br\/wp\/2020\/09\/26\/a-consciencia-se-expressa-como-a-nossa-perfeicao\/\" class=\"more-link\">Leia mais<span class=\"screen-reader-text\"> &#8220;A CONSCI\u00caNCIA SE EXPRESSA COMO A NOSSA PERFEI\u00c7\u00c3O!&#8221;<\/span><\/a><\/p>\n","protected":false},"author":2,"featured_media":0,"comment_status":"open","ping_status":"closed","sticky":false,"template":"","format":"standard","meta":{"nf_dc_page":"","_crdt_document":"","footnotes":""},"categories":[10],"tags":[],"class_list":["post-27105","post","type-post","status-publish","format-standard","hentry","category-darcio-dezolt"],"featured_media_urls":[],"_links":{"self":[{"href":"https:\/\/www.fachodeluz.blog.br\/wp\/wp-json\/wp\/v2\/posts\/27105","targetHints":{"allow":["GET"]}}],"collection":[{"href":"https:\/\/www.fachodeluz.blog.br\/wp\/wp-json\/wp\/v2\/posts"}],"about":[{"href":"https:\/\/www.fachodeluz.blog.br\/wp\/wp-json\/wp\/v2\/types\/post"}],"author":[{"embeddable":true,"href":"https:\/\/www.fachodeluz.blog.br\/wp\/wp-json\/wp\/v2\/users\/2"}],"replies":[{"embeddable":true,"href":"https:\/\/www.fachodeluz.blog.br\/wp\/wp-json\/wp\/v2\/comments?post=27105"}],"version-history":[{"count":0,"href":"https:\/\/www.fachodeluz.blog.br\/wp\/wp-json\/wp\/v2\/posts\/27105\/revisions"}],"wp:attachment":[{"href":"https:\/\/www.fachodeluz.blog.br\/wp\/wp-json\/wp\/v2\/media?parent=27105"}],"wp:term":[{"taxonomy":"category","embeddable":true,"href":"https:\/\/www.fachodeluz.blog.br\/wp\/wp-json\/wp\/v2\/categories?post=27105"},{"taxonomy":"post_tag","embeddable":true,"href":"https:\/\/www.fachodeluz.blog.br\/wp\/wp-json\/wp\/v2\/tags?post=27105"}],"curies":[{"name":"wp","href":"https:\/\/api.w.org\/{rel}","templated":true}]}}