{"id":27150,"date":"2020-10-06T13:17:56","date_gmt":"2020-10-06T16:17:56","guid":{"rendered":"http:\/\/fachodeluz.blog.br\/wp\/?p=27150"},"modified":"2020-10-06T13:34:01","modified_gmt":"2020-10-06T16:34:01","slug":"medite-identificado-com-a-onivisao-divina","status":"publish","type":"post","link":"https:\/\/www.fachodeluz.blog.br\/wp\/2020\/10\/06\/medite-identificado-com-a-onivisao-divina\/","title":{"rendered":"MEDITE IDENTIFICADO COM A ONIVIS\u00c3O DIVINA!"},"content":{"rendered":"<h2 style=\"text-align: center;\"><span style=\"color: #b04f4f;\"><a style=\"color: #b04f4f;\" href=\"https:\/\/i0.wp.com\/fachodeluz.blog.br\/wp\/wp-content\/uploads\/2020\/10\/trans-body-1.jpg\"><img data-recalc-dims=\"1\" loading=\"lazy\" decoding=\"async\" loading=\"lazy\" class=\"aligncenter size-full wp-image-27151\" src=\"https:\/\/i0.wp.com\/fachodeluz.blog.br\/wp\/wp-content\/uploads\/2020\/10\/trans-body-1.jpg?resize=555%2C312\" alt=\"\" width=\"555\" height=\"312\" srcset=\"https:\/\/i0.wp.com\/www.fachodeluz.blog.br\/wp\/wp-content\/uploads\/2020\/10\/trans-body-1.jpg?w=555&amp;ssl=1 555w, https:\/\/i0.wp.com\/www.fachodeluz.blog.br\/wp\/wp-content\/uploads\/2020\/10\/trans-body-1.jpg?resize=300%2C169&amp;ssl=1 300w\" sizes=\"auto, (max-width: 555px) 100vw, 555px\" \/><\/a><\/span><\/h2>\n<h2 style=\"text-align: center;\"><span style=\"color: #b04f4f;\">Mesmo que algu\u00e9m veja a Realidade divina\u00a0 e seu Corpo real, que \u00e9 feito da Luz do Verbo divino, caso intente relatar o que viu aos demais, logo perceber\u00e1 ser isto imposs\u00edvel! Relatar algo de infinitas dimens\u00f5es a uma mentalidade que reconhece apenas tr\u00eas dimens\u00f5es \u00e9 mesmo imposs\u00edvel! No entanto, o que precisa ser sabido, \u00e9 que, se a Realidade n\u00e3o pode ser descrita, VIVENCI\u00c1-LA nos \u00e9 poss\u00edvel, pois contamos com as <strong><em>Autorrevela\u00e7\u00f5es divinas<\/em> <\/strong>e n\u00e3o necessitamos de descri\u00e7\u00f5es intelectuais! <\/span><\/h2>\n<h2 style=\"text-align: center;\"><span style=\"color: #b04f4f;\">A Onipresen\u00e7a de Deus deve ser assumida com a Onivis\u00e3o divina, que nos faz perceb\u00ea-la de forma constante e verdadeira!<\/span><\/h2>\n<h2 style=\"text-align: center;\"><span style=\"color: #b04f4f;\">DEUS \u00c9 TUDO e, aparentemente, nos entendemos envoltos pelas cren\u00e7as coletivas que endossam a suposta \u201cvida fenom\u00eanica&#8221;! Em vista disso, partindo da Onivis\u00e3o, evitamos\u00a0 endossar o que atestam os supostos &#8220;sentidos humanos&#8221;, que n\u00e3o captam a Verdade.!<\/span><\/h2>\n<h2 style=\"text-align: center;\"><span style=\"color: #b04f4f;\">A ONIVIS\u00c3O \u00c9 DEUS VENDO A SI MESMO COMO TUDO, E SE VENDO INCLUSIVE COMO O CRISTO QUE SOMOS! <\/span><\/h2>\n<h2 style=\"text-align: center;\"><span style=\"color: #b04f4f;\">Inicie as contempla\u00e7\u00f5es com este ponto de vista iluminado: <\/span><\/h2>\n<h2 style=\"text-align: center;\"><span style=\"color: #b04f4f;\"><strong><em>\u201cEU SOU A CONSCI\u00caNCIA ILUMINADA DE DEUS SE EXPRESSANDO COMO CORPO DE LUZ! ABRO-ME \u00c0 ONIVIS\u00c3O, DEIXANDO DEUS REVELAR-ME COMO VERDADEIRAMENTE EU SOU COMO EMANA\u00c7\u00c3O PERFEITA DE SEU PR\u00d3PRIO VERBO DIVINO!<\/em><\/strong><\/span><\/h2>\n<h2 style=\"text-align: center;\"><span style=\"color: #b04f4f;\">\u00a0<\/span><\/h2>\n<h2 style=\"text-align: center;\"><span style=\"color: #b04f4f;\">Paulo assim disse: <strong><em>&#8220;Deus testifica, com o nosso Esp\u00edrito, que somos Filhos de Deus&#8221;.<\/em> <\/strong><\/span><\/h2>\n<h2 style=\"text-align: center;\"><span style=\"color: #b04f4f;\">Somos, portanto, \u201cextens\u00f5es de Deus\u201d,\u00a0 que conhecem quem somos e como somos. Em vista disso, devemos permanecer abertos \u00e0 Onisci\u00eancia divina, capacitada a nos revelar a Verdade Absoluta que somos, &#8220;<em>desde o princ\u00edpio&#8221;.<\/em><\/span><\/h2>\n<h2 style=\"text-align: center;\"><span style=\"color: #b04f4f;\"><em>\u201cNegar-se a si mesmo&#8221;,<\/em> como disse Jesus, significa cada um contemplar a Onivis\u00e3o revelando a Verdade que somos, sem quaisquer conceitos emitidos pela ilus\u00f3ria mente humana, que apenas enxerga &#8220;apar\u00eancias&#8221;, sendo inapta para entender a nossa Presen\u00e7a como &#8220;INDIVIDUA\u00c7\u00c3O DE DEUS&#8221;! *<\/span><\/h2>\n<h2><\/h2>\n<h2 style=\"text-align: center;\"><\/h2>\n","protected":false},"excerpt":{"rendered":"<p>Mesmo que algu\u00e9m veja a Realidade divina\u00a0 e seu Corpo real, que \u00e9 feito da Luz do Verbo divino, caso intente relatar o que viu aos demais, logo perceber\u00e1 ser isto imposs\u00edvel! Relatar algo de infinitas dimens\u00f5es a uma mentalidade que reconhece apenas tr\u00eas dimens\u00f5es \u00e9 mesmo imposs\u00edvel! No entanto, o que precisa ser sabido, &hellip; <\/p>\n<p class=\"link-more\"><a href=\"https:\/\/www.fachodeluz.blog.br\/wp\/2020\/10\/06\/medite-identificado-com-a-onivisao-divina\/\" class=\"more-link\">Leia mais<span class=\"screen-reader-text\"> &#8220;MEDITE IDENTIFICADO COM A ONIVIS\u00c3O DIVINA!&#8221;<\/span><\/a><\/p>\n","protected":false},"author":2,"featured_media":0,"comment_status":"open","ping_status":"closed","sticky":false,"template":"","format":"standard","meta":{"nf_dc_page":"","_crdt_document":"","footnotes":""},"categories":[10],"tags":[],"class_list":["post-27150","post","type-post","status-publish","format-standard","hentry","category-darcio-dezolt"],"featured_media_urls":[],"_links":{"self":[{"href":"https:\/\/www.fachodeluz.blog.br\/wp\/wp-json\/wp\/v2\/posts\/27150","targetHints":{"allow":["GET"]}}],"collection":[{"href":"https:\/\/www.fachodeluz.blog.br\/wp\/wp-json\/wp\/v2\/posts"}],"about":[{"href":"https:\/\/www.fachodeluz.blog.br\/wp\/wp-json\/wp\/v2\/types\/post"}],"author":[{"embeddable":true,"href":"https:\/\/www.fachodeluz.blog.br\/wp\/wp-json\/wp\/v2\/users\/2"}],"replies":[{"embeddable":true,"href":"https:\/\/www.fachodeluz.blog.br\/wp\/wp-json\/wp\/v2\/comments?post=27150"}],"version-history":[{"count":0,"href":"https:\/\/www.fachodeluz.blog.br\/wp\/wp-json\/wp\/v2\/posts\/27150\/revisions"}],"wp:attachment":[{"href":"https:\/\/www.fachodeluz.blog.br\/wp\/wp-json\/wp\/v2\/media?parent=27150"}],"wp:term":[{"taxonomy":"category","embeddable":true,"href":"https:\/\/www.fachodeluz.blog.br\/wp\/wp-json\/wp\/v2\/categories?post=27150"},{"taxonomy":"post_tag","embeddable":true,"href":"https:\/\/www.fachodeluz.blog.br\/wp\/wp-json\/wp\/v2\/tags?post=27150"}],"curies":[{"name":"wp","href":"https:\/\/api.w.org\/{rel}","templated":true}]}}