{"id":27161,"date":"2020-10-09T13:19:47","date_gmt":"2020-10-09T16:19:47","guid":{"rendered":"http:\/\/fachodeluz.blog.br\/wp\/?p=27161"},"modified":"2020-10-09T17:20:50","modified_gmt":"2020-10-09T20:20:50","slug":"guardai-vos-dos-escribas","status":"publish","type":"post","link":"https:\/\/www.fachodeluz.blog.br\/wp\/2020\/10\/09\/guardai-vos-dos-escribas\/","title":{"rendered":"&#8220;GUARDAI-VOS DOS ESCRIBAS!&#8221;"},"content":{"rendered":"<h3><span style=\"color: #333399;\"><a style=\"color: #333399;\" href=\"https:\/\/i0.wp.com\/fachodeluz.blog.br\/wp\/wp-content\/uploads\/2020\/10\/viuva-1.jpg\"><img data-recalc-dims=\"1\" loading=\"lazy\" decoding=\"async\" loading=\"lazy\" class=\"aligncenter size-full wp-image-27162\" src=\"https:\/\/i0.wp.com\/fachodeluz.blog.br\/wp\/wp-content\/uploads\/2020\/10\/viuva-1.jpg?resize=555%2C665\" alt=\"\" width=\"555\" height=\"665\" srcset=\"https:\/\/i0.wp.com\/www.fachodeluz.blog.br\/wp\/wp-content\/uploads\/2020\/10\/viuva-1.jpg?w=555&amp;ssl=1 555w, https:\/\/i0.wp.com\/www.fachodeluz.blog.br\/wp\/wp-content\/uploads\/2020\/10\/viuva-1.jpg?resize=250%2C300&amp;ssl=1 250w\" sizes=\"auto, (max-width: 555px) 100vw, 555px\" \/><\/a><\/span><\/h3>\n<h3 style=\"text-align: center;\"><span style=\"color: #333399;\"><em>&#8220;Guardai-vos dos escribas, que querem andar com vestes compridas; e amam as sauda\u00e7\u00f5es nas pra\u00e7as, e as principais cadeiras nas sinagogas, e os primeiros lugares nos banquetes;<br \/>\nQue devoram as casas das vi\u00favas, fazendo, por pretexto, largas ora\u00e7\u00f5es. Estes receber\u00e3o maior condena\u00e7\u00e3o. <\/em><\/span><\/h3>\n<h3 style=\"text-align: center;\"><span style=\"color: #333399;\">Lucas 20: 46,47<em><br \/>\n<\/em><\/span><\/h3>\n<h2 style=\"text-align: center;\"><span style=\"color: #333399;\">Em todas as \u00e9pocas, a hist\u00f3ria do mundo registra uma quantidade enorme de \u201cescribas\u201d, similares \u00e0queles que por Jesus se viram advertidos. O objetivo deles \u00e9 manter o povo na escurid\u00e3o mental e sugar sem d\u00f3 o que puderem de seus recursos financeiros. Como disse Jesus, <em>\u201cdevoram a casa das vi\u00favas\u201d<\/em> com pretexto de oferecerem salva\u00e7\u00e3o, fazerem cultos e prega\u00e7\u00f5es, enfim, criarem mil artif\u00edcios para \u201ctosquiarem\u201d financeiramente os seus rebanhos!<\/span><\/h2>\n<h2><\/h2>\n<h2 style=\"text-align: center;\"><span style=\"color: #333399;\">A Verdade dispensa a totalidade destes supostos \u201cministros de Deus\u201d.<\/span><\/h2>\n<h2 style=\"text-align: center;\"><span style=\"color: #333399;\"><strong><em> \u201cEstes receber\u00e3o maior condena\u00e7\u00e3o\u201d,<\/em><\/strong> disse Jesus. Por qu\u00ea? Por \u201ccastigo de Deus\u201d? N\u00e3o! \u00a0Esta ideia falsa tamb\u00e9m veio sendo passada ao povo em todas as \u00e9pocas! Mas, o que ocorre, \u00e9 que se desviam da<\/span><\/h2>\n<h2 style=\"text-align: center;\"><span style=\"color: #333399;\">\u00a0 da VIDA PELA GRA\u00c7A, e se encaixam perfeitamente na LEI, supondo que \u201cs\u00e3o imunes a ela\u201d.Que diz a LEI? <em>&#8220;Aquele que rouba ser\u00e1 roubado&#8221;.<\/em><\/span><\/h2>\n<h2 style=\"text-align: center;\"><span style=\"color: #333399;\">O povo que for sincero, em sua busca da Verdade, receber\u00e1 do pr\u00f3prio Deus as orienta\u00e7\u00f5es\u00a0 necess\u00e1rias a cada situa\u00e7\u00e3o! N\u00e3o precisa viver ludibriado por \u201cmortais fantasiados de profetas\u201d a fim de engan\u00e1-lo!<\/span><\/h2>\n<h2 style=\"text-align: center;\"><span style=\"color: #333399;\">O Reino de Deus e o Cristo est\u00e3o presentes \u201cEM CADA UM\u201d, bastando que se mostrem abertos a Deus, \u00e0 vida eterna e aos princ\u00edpios b\u00edblicos essenciais, vivendo uma vida de ass\u00edduas ora\u00e7\u00f5es, para se manterem isolados das \u201ctenta\u00e7\u00f5es ilus\u00f3rias\u201d do \u201cmundo de apar\u00eancias\u201d, <em><strong>E SE LEMBRANDO SEMPRE DO QUE DISSE JESUS: <\/strong><\/em><\/span><\/h2>\n<h2 style=\"text-align: center;\"><span style=\"color: #333399;\"><em><strong>&#8220;GUARDAI-VOS DOS \u201cESCRIBAS DO MUNDO\u201d!<\/strong><\/em><\/span><\/h2>\n<h2 style=\"text-align: center;\"><span style=\"color: #333399;\"><em><strong>*<\/strong><\/em><\/span><\/h2>\n<h2 style=\"text-align: center;\"><\/h2>\n","protected":false},"excerpt":{"rendered":"<p>&#8220;Guardai-vos dos escribas, que querem andar com vestes compridas; e amam as sauda\u00e7\u00f5es nas pra\u00e7as, e as principais cadeiras nas sinagogas, e os primeiros lugares nos banquetes; Que devoram as casas das vi\u00favas, fazendo, por pretexto, largas ora\u00e7\u00f5es. Estes receber\u00e3o maior condena\u00e7\u00e3o. Lucas 20: 46,47 Em todas as \u00e9pocas, a hist\u00f3ria do mundo registra uma &hellip; <\/p>\n<p class=\"link-more\"><a href=\"https:\/\/www.fachodeluz.blog.br\/wp\/2020\/10\/09\/guardai-vos-dos-escribas\/\" class=\"more-link\">Leia mais<span class=\"screen-reader-text\"> &#8220;&#8220;GUARDAI-VOS DOS ESCRIBAS!&#8221;&#8221;<\/span><\/a><\/p>\n","protected":false},"author":2,"featured_media":0,"comment_status":"open","ping_status":"closed","sticky":false,"template":"","format":"standard","meta":{"nf_dc_page":"","_crdt_document":"","footnotes":""},"categories":[10],"tags":[],"class_list":["post-27161","post","type-post","status-publish","format-standard","hentry","category-darcio-dezolt"],"featured_media_urls":[],"_links":{"self":[{"href":"https:\/\/www.fachodeluz.blog.br\/wp\/wp-json\/wp\/v2\/posts\/27161","targetHints":{"allow":["GET"]}}],"collection":[{"href":"https:\/\/www.fachodeluz.blog.br\/wp\/wp-json\/wp\/v2\/posts"}],"about":[{"href":"https:\/\/www.fachodeluz.blog.br\/wp\/wp-json\/wp\/v2\/types\/post"}],"author":[{"embeddable":true,"href":"https:\/\/www.fachodeluz.blog.br\/wp\/wp-json\/wp\/v2\/users\/2"}],"replies":[{"embeddable":true,"href":"https:\/\/www.fachodeluz.blog.br\/wp\/wp-json\/wp\/v2\/comments?post=27161"}],"version-history":[{"count":0,"href":"https:\/\/www.fachodeluz.blog.br\/wp\/wp-json\/wp\/v2\/posts\/27161\/revisions"}],"wp:attachment":[{"href":"https:\/\/www.fachodeluz.blog.br\/wp\/wp-json\/wp\/v2\/media?parent=27161"}],"wp:term":[{"taxonomy":"category","embeddable":true,"href":"https:\/\/www.fachodeluz.blog.br\/wp\/wp-json\/wp\/v2\/categories?post=27161"},{"taxonomy":"post_tag","embeddable":true,"href":"https:\/\/www.fachodeluz.blog.br\/wp\/wp-json\/wp\/v2\/tags?post=27161"}],"curies":[{"name":"wp","href":"https:\/\/api.w.org\/{rel}","templated":true}]}}