{"id":27273,"date":"2020-10-27T13:32:15","date_gmt":"2020-10-27T16:32:15","guid":{"rendered":"http:\/\/fachodeluz.blog.br\/wp\/?p=27273"},"modified":"2020-10-28T22:45:34","modified_gmt":"2020-10-29T01:45:34","slug":"jamais-o-homem-deixa-o-paraiso","status":"publish","type":"post","link":"https:\/\/www.fachodeluz.blog.br\/wp\/2020\/10\/27\/jamais-o-homem-deixa-o-paraiso\/","title":{"rendered":"JAMAIS O HOMEM DEIXA O PARA\u00cdSO!"},"content":{"rendered":"<h2 style=\"text-align: center;\"><span style=\"color: #666699;\"><a style=\"color: #666699;\" href=\"https:\/\/i0.wp.com\/fachodeluz.blog.br\/wp\/wp-content\/uploads\/2020\/10\/PAEADISE2.jpg\"><img data-recalc-dims=\"1\" loading=\"lazy\" decoding=\"async\" loading=\"lazy\" class=\"aligncenter size-full wp-image-27275\" src=\"https:\/\/i0.wp.com\/fachodeluz.blog.br\/wp\/wp-content\/uploads\/2020\/10\/PAEADISE2.jpg?resize=555%2C371\" alt=\"\" width=\"555\" height=\"371\" srcset=\"https:\/\/i0.wp.com\/www.fachodeluz.blog.br\/wp\/wp-content\/uploads\/2020\/10\/PAEADISE2.jpg?w=555&amp;ssl=1 555w, https:\/\/i0.wp.com\/www.fachodeluz.blog.br\/wp\/wp-content\/uploads\/2020\/10\/PAEADISE2.jpg?resize=300%2C201&amp;ssl=1 300w\" sizes=\"auto, (max-width: 555px) 100vw, 555px\" \/><\/a><\/span><\/h2>\n<h2 style=\"text-align: center;\"><span style=\"color: #666699;\">Enquanto algu\u00e9m acreditar que \u201cest\u00e1 fora do Para\u00edso\u201d, estar\u00e1 desacreditando da Verdade de que DEUS \u00c9 TUDO, \u00c9 ONIPRESENTE, <strong><em>E QUE FORA DE DEUS NADA EXISTE!<\/em><\/strong><\/span><\/h2>\n<h2 style=\"text-align: center;\"><span style=\"color: #666699;\">Unicamente DEUS \u00c9 REALIDADE, o que nos leva a aceitar o que aceitava Jesus<em><strong>: \u201cAquele que me v\u00ea a MIM, v\u00ea o Pai, que \u00e9 maior do que eu\u201d.<\/strong><\/em><\/span><\/h2>\n<h2><\/h2>\n<h2 style=\"text-align: center;\"><span style=\"color: #666699;\">A parte \u201cvista\u201d de um &#8220;iceberg&#8221; n\u00e3o o divide em &#8220;duas partes\u201d \u00c9 parte dele invis\u00edvel ou n\u00e3o em fun\u00e7\u00e3o do referencial do qual \u00e9 observado; por\u00e9m, n\u00e3o deixa de ser o \u201ciceberg\u201d <em><strong>um<\/strong><\/em> que ele \u00e9. A presen\u00e7a do mar \u00e9 o que faz com que ele pare\u00e7a existir com duas partes, vis\u00edvel e invis\u00edvel!<\/span><\/h2>\n<h2><\/h2>\n<h2 style=\"text-align: center;\"><span style=\"color: #666699;\">DEUS \u00c9 <em><strong>UM<\/strong><\/em> E \u00c9 INVIS\u00cdVEL PARA A SUPOSTA \u201cMENTE HUMANA\u201d. Desse modo, a UNIDADE DIVINA s\u00f3 poder\u00e1 ser reconhecida com a elimina\u00e7\u00e3o daquilo que a faz parecer ter parte espiritual e outra parte material. <\/span><\/h2>\n<h2 style=\"text-align: center;\"><span style=\"color: #666699;\">O FATO, POR\u00c9M, PERMANECE: DEUS \u00c9 TUDO, E \u00c9 UM, E BASTA-NOS ENTENDER E RECONHECER COMO \u201cNADA\u201d O QUE POSSA LEVAR ALGU\u00c9M AO ERRO DE QUE EM DEUS H\u00c1 \u201cPARTES\u201d OU H\u00c1 DUALIDADE!<\/span><\/h2>\n<h2 style=\"text-align: center;\"><span style=\"color: #666699;\">Disse Jesus: <em><strong>\u201cN\u00e3o podeis servir a dois senhores!\u201d<\/strong><\/em> Estava revelando a NATUREZA ESPIRITUAL da UNIDADE, que \u00e9 Deus! <\/span><\/h2>\n<h2 style=\"text-align: center;\"><span style=\"color: #666699;\">Um escultor, sendo elogiado pela sua obra esculpida em pedra, assim respondeu: \u201c<strong><em>Eu apenas removi as partes que sobravam nela!\u201d<\/em><\/strong><\/span><\/h2>\n<h2 style=\"text-align: center;\"><span style=\"color: #666699;\">\u00a0<\/span><\/h2>\n<h2 style=\"text-align: center;\"><span style=\"color: #666699;\">Quando conhecemos a Verdade, ficamos cientes de que UNICAMENTE DEUS TEM EXIST\u00caNCIA REAL,\u00a0 E QUE <strong><em>O PARA\u00cdSO \u00c9 A \u00daNICA MORADA DE TODOS N\u00d3S,<\/em> <\/strong>AQUI E AGORA! SEJA O QUE FOR QUE A MENTE HUMANA RECONHECER COMO \u201cALGO AL\u00c9M DE DEUS\u201d, \u00c9 PURO \u201cNADA\u201d, SIMPLES ILUS\u00c3O! <\/span><\/h2>\n<h2><\/h2>\n<h2 style=\"text-align: center;\"><span style=\"color: #666699;\"><em><strong>\u201cQuem quiser vir a mim, NEGUE-SE A SI MESMO\u201d,<\/strong><\/em> disse Jesus. Este suposto ser <em><strong>a ser negado<\/strong><\/em> n\u00e3o passa de uma \u201cimagem hipn\u00f3tica\u201d que, negada em seu vazio, abre espa\u00e7o para nos concentrarmos na UNIDADE PERFEITA, MANIFESTADA COMO O REINO CHEGADO DE DEUS, <em><strong>\u201cO QUE ERA DESDE O PRINC\u00cdPIO\u201d!<\/strong><\/em><\/span><\/h2>\n<h2><\/h2>\n<h2 style=\"text-align: center;\"><span style=\"color: #666699;\">Parta da Verdade de que DEUS \u00c9 TUDO E \u00c9 \u00daNICO! Com \u201ccora\u00e7\u00e3o de menino\u201d, creia estar imerso no Verbo de Deus, que, inclusive, CONSTITUI O SER REAL QUE VOC\u00ca \u00c9: <strong><em>O CRISTO!<\/em> <\/strong>Para que fa\u00e7a isso, disse Jesus: <\/span><\/h2>\n<h2 style=\"text-align: center;\"><span style=\"color: #666699;\"><em><strong>\u201cV\u00d3S TAMB\u00c9M TESTIFICAREIS, \u00b4POIS ESTIVESTES COMIGO DESDE O PRINC\u00cdPIO\u201d,<\/strong><\/em><\/span><\/h2>\n<h2 style=\"text-align: center;\"><span style=\"color: #666699;\"> *<\/span><\/h2>\n","protected":false},"excerpt":{"rendered":"<p>Enquanto algu\u00e9m acreditar que \u201cest\u00e1 fora do Para\u00edso\u201d, estar\u00e1 desacreditando da Verdade de que DEUS \u00c9 TUDO, \u00c9 ONIPRESENTE, E QUE FORA DE DEUS NADA EXISTE! Unicamente DEUS \u00c9 REALIDADE, o que nos leva a aceitar o que aceitava Jesus: \u201cAquele que me v\u00ea a MIM, v\u00ea o Pai, que \u00e9 maior do que eu\u201d. &hellip; <\/p>\n<p class=\"link-more\"><a href=\"https:\/\/www.fachodeluz.blog.br\/wp\/2020\/10\/27\/jamais-o-homem-deixa-o-paraiso\/\" class=\"more-link\">Leia mais<span class=\"screen-reader-text\"> &#8220;JAMAIS O HOMEM DEIXA O PARA\u00cdSO!&#8221;<\/span><\/a><\/p>\n","protected":false},"author":2,"featured_media":0,"comment_status":"open","ping_status":"closed","sticky":false,"template":"","format":"standard","meta":{"nf_dc_page":"","_crdt_document":"","footnotes":""},"categories":[10],"tags":[],"class_list":["post-27273","post","type-post","status-publish","format-standard","hentry","category-darcio-dezolt"],"featured_media_urls":[],"_links":{"self":[{"href":"https:\/\/www.fachodeluz.blog.br\/wp\/wp-json\/wp\/v2\/posts\/27273","targetHints":{"allow":["GET"]}}],"collection":[{"href":"https:\/\/www.fachodeluz.blog.br\/wp\/wp-json\/wp\/v2\/posts"}],"about":[{"href":"https:\/\/www.fachodeluz.blog.br\/wp\/wp-json\/wp\/v2\/types\/post"}],"author":[{"embeddable":true,"href":"https:\/\/www.fachodeluz.blog.br\/wp\/wp-json\/wp\/v2\/users\/2"}],"replies":[{"embeddable":true,"href":"https:\/\/www.fachodeluz.blog.br\/wp\/wp-json\/wp\/v2\/comments?post=27273"}],"version-history":[{"count":0,"href":"https:\/\/www.fachodeluz.blog.br\/wp\/wp-json\/wp\/v2\/posts\/27273\/revisions"}],"wp:attachment":[{"href":"https:\/\/www.fachodeluz.blog.br\/wp\/wp-json\/wp\/v2\/media?parent=27273"}],"wp:term":[{"taxonomy":"category","embeddable":true,"href":"https:\/\/www.fachodeluz.blog.br\/wp\/wp-json\/wp\/v2\/categories?post=27273"},{"taxonomy":"post_tag","embeddable":true,"href":"https:\/\/www.fachodeluz.blog.br\/wp\/wp-json\/wp\/v2\/tags?post=27273"}],"curies":[{"name":"wp","href":"https:\/\/api.w.org\/{rel}","templated":true}]}}