{"id":27307,"date":"2020-11-01T13:14:34","date_gmt":"2020-11-01T16:14:34","guid":{"rendered":"http:\/\/fachodeluz.blog.br\/wp\/?p=27307"},"modified":"2020-11-01T13:23:16","modified_gmt":"2020-11-01T16:23:16","slug":"dia-apos-dia-morro","status":"publish","type":"post","link":"https:\/\/www.fachodeluz.blog.br\/wp\/2020\/11\/01\/dia-apos-dia-morro\/","title":{"rendered":"&#8220;DIA AP\u00d3S DIA, MORRO!&#8221;"},"content":{"rendered":"<p style=\"text-align: center;\"><a href=\"https:\/\/i0.wp.com\/fachodeluz.blog.br\/wp\/wp-content\/uploads\/2020\/11\/oculto-A.jpg\"><img data-recalc-dims=\"1\" loading=\"lazy\" decoding=\"async\" loading=\"lazy\" class=\"aligncenter size-full wp-image-27308\" src=\"https:\/\/i0.wp.com\/fachodeluz.blog.br\/wp\/wp-content\/uploads\/2020\/11\/oculto-A.jpg?resize=555%2C369\" alt=\"\" width=\"555\" height=\"369\" srcset=\"https:\/\/i0.wp.com\/www.fachodeluz.blog.br\/wp\/wp-content\/uploads\/2020\/11\/oculto-A.jpg?w=555&amp;ssl=1 555w, https:\/\/i0.wp.com\/www.fachodeluz.blog.br\/wp\/wp-content\/uploads\/2020\/11\/oculto-A.jpg?resize=300%2C199&amp;ssl=1 300w\" sizes=\"auto, (max-width: 555px) 100vw, 555px\" \/><\/a><\/p>\n<h3 style=\"text-align: center;\"><span style=\"color: #704848;\"><em>\u201cDia ap\u00f3s dia, morro\u201d<\/em><\/span><\/h3>\n<h3 style=\"text-align: center;\"><span style=\"color: #704848;\">1 Cor\u00edntios, 15:31<\/span><\/h3>\n<h2><\/h2>\n<h2 style=\"text-align: center;\"><span style=\"color: #704848;\">Para provar que <strong><em>\u201ceste mundo \u00e9 do pai da mentira\u201d,<\/em> <\/strong>nele se comemora o chamado \u201cDia de Finados\u201d.\u00a0 <\/span><\/h2>\n<h2 style=\"text-align: center;\"><span style=\"color: #704848;\">Numa loja, vendo algumas imagens de santos numa estante, comentei com a sua dona: \u201cAproxima-se a data em que a humanidade compra flores para oferecer a esqueletos e ossos de supostos mas irreais mortais!\u201d. Ela assim me respondeu: <\/span><\/h2>\n<h2 style=\"text-align: center;\"><span style=\"color: #704848;\"><em>\u201c\u00c9 uma quest\u00e3o de amor e de respeito para com nossos entes queridos!\u201d<\/em> Disse a ela:<em>&#8220;\u00c9 uma quest\u00e3o de apego sendo chamado de amor!\u201d<\/em> E ela me disse: <em>\u201cVoc\u00ea j\u00e1 passou pela experi\u00eancia de perder um filho?<\/em>&#8221;\u00a0 Disse a ela: <em>\u201cN\u00e3o; mas se tivesse, agiria como agi com os outros!\u201d<\/em> <\/span><\/h2>\n<h2 style=\"text-align: center;\"><span style=\"color: #704848;\">&#8220;Voc\u00ea que pensa; com um filho \u00e9 muito diferente!&#8221; <\/span><\/h2>\n<h2 style=\"text-align: center;\"><span style=\"color: #704848;\">Respondi:<em> \u201cA senhora diz isso porque n\u00e3o me conhece! As pessoas se dizem crist\u00e3s, mas n\u00e3o creem em Jesus, que disse ser o mundo<strong> o mundo de Satan\u00e1s, o pai da mentira! <\/strong><\/em><\/span><\/h2>\n<h2 style=\"text-align: center;\"><span style=\"color: #704848;\"><em>Comemorar Finados significa <strong>negar<\/strong> todo o Evangelho de Jesus,<\/em> algo que eu n\u00e3o fa\u00e7o, por ter visto &#8220;este mundo&#8221; sumir por inteiro de minha frente, enquanto me olhava eu s\u00f3 via Luz, ao olhar adiante, igualmente s\u00f3 via a mesma Luz! <\/span><\/h2>\n<h2 style=\"text-align: center;\"><span style=\"color: #704848;\">Sabe como era o respeito de Jesus pelos mortos? Ao interessado em segui-lo, mas pretendendo <strong><em>ir ante<\/em><em>s<\/em><\/strong> enterrar o pai que havia morrido, Jesus disse a ele: <strong><em>\u201cDeixa aos mortos o enterrar os seus mortos, e v\u00e1 pregar o Reino de Deus!\u201d<\/em> <\/strong><\/span><\/h2>\n<h2><\/h2>\n<h2 style=\"text-align: center;\"><span style=\"color: #704848;\">Ap\u00f3s me ouvir, a senhora me exibiu uma fisionomia de radiante \u00eaxtase espiritual, demonstrando ter tirado da mente o pesado fardo chamado <em><strong>\u201cperda de filho\u201d!<\/strong> <\/em>\u00a0Resplandecendo em todo o seu ser, desejou-me um \u201cfeliz feriado\u201d!<\/span><\/h2>\n<h2><\/h2>\n<h2 style=\"text-align: center;\"><span style=\"color: #704848;\">DEUS \u00c9 LUZ, E NELE N\u00c3O H\u00c1 TREVAS NENHUMAS! <\/span><\/h2>\n<h2 style=\"text-align: center;\"><span style=\"color: #704848;\">Quando esta Verdade for contemplada em percep\u00e7\u00e3o absoluta, todos entender\u00e3o o que disse Paulo: <em><strong>\u201cDia ap\u00f3s dia, morro!\u201d<\/strong> <\/em><strong>Sabia que &#8220;A VIDA \u00c9 O CRISTO EM TODOS\u201d, <\/strong><em>ENQUANTO\u00a0 OS SUPOSTOS &#8220;FINADOS&#8221; JAMAIS TIVERAM OU T\u00caM VIDA VERDADEIRA! <\/em><strong><br \/>\n<\/strong><\/span><\/h2>\n<h2><\/h2>\n<h2 style=\"text-align: center;\"><span style=\"color: #704848;\">\u201cQuando <em><strong>Cristo,<\/strong><\/em> que \u00e9 a<strong><em> VOSSA VIDA,<\/em> <\/strong>se manifestar, tamb\u00e9m <strong><em>V\u00d3S VOS MANIFESTAREIS COM ELE EM GL\u00d3RIA\u201d<\/em> <\/strong>(Col. 3: 4)<\/span><\/h2>\n<h2><\/h2>\n<h2 style=\"text-align: center;\"><span style=\"color: #704848;\">No enfoque absoluto, TODO &#8220;QUANDO&#8221; \u00e9 <strong><em>AGORA!<\/em><\/strong>. Partimos do Referencial de Deus, e reconhecemos que somos TODOS, neste exato\u00a0 AGORA, o VERBO ILUMINADO de Deus em MANIFESTA\u00c7\u00c3O INDIVIDUAL, GLORIOSA E ETERNA! <\/span><\/h2>\n<h2 style=\"text-align: center;\"><span style=\"color: #704848;\">*<\/span><\/h2>\n","protected":false},"excerpt":{"rendered":"<p>\u201cDia ap\u00f3s dia, morro\u201d 1 Cor\u00edntios, 15:31 Para provar que \u201ceste mundo \u00e9 do pai da mentira\u201d, nele se comemora o chamado \u201cDia de Finados\u201d.\u00a0 Numa loja, vendo algumas imagens de santos numa estante, comentei com a sua dona: \u201cAproxima-se a data em que a humanidade compra flores para oferecer a esqueletos e ossos de &hellip; <\/p>\n<p class=\"link-more\"><a href=\"https:\/\/www.fachodeluz.blog.br\/wp\/2020\/11\/01\/dia-apos-dia-morro\/\" class=\"more-link\">Leia mais<span class=\"screen-reader-text\"> &#8220;&#8220;DIA AP\u00d3S DIA, MORRO!&#8221;&#8221;<\/span><\/a><\/p>\n","protected":false},"author":2,"featured_media":0,"comment_status":"open","ping_status":"closed","sticky":false,"template":"","format":"standard","meta":{"nf_dc_page":"","_crdt_document":"","footnotes":""},"categories":[10],"tags":[],"class_list":["post-27307","post","type-post","status-publish","format-standard","hentry","category-darcio-dezolt"],"featured_media_urls":[],"_links":{"self":[{"href":"https:\/\/www.fachodeluz.blog.br\/wp\/wp-json\/wp\/v2\/posts\/27307","targetHints":{"allow":["GET"]}}],"collection":[{"href":"https:\/\/www.fachodeluz.blog.br\/wp\/wp-json\/wp\/v2\/posts"}],"about":[{"href":"https:\/\/www.fachodeluz.blog.br\/wp\/wp-json\/wp\/v2\/types\/post"}],"author":[{"embeddable":true,"href":"https:\/\/www.fachodeluz.blog.br\/wp\/wp-json\/wp\/v2\/users\/2"}],"replies":[{"embeddable":true,"href":"https:\/\/www.fachodeluz.blog.br\/wp\/wp-json\/wp\/v2\/comments?post=27307"}],"version-history":[{"count":0,"href":"https:\/\/www.fachodeluz.blog.br\/wp\/wp-json\/wp\/v2\/posts\/27307\/revisions"}],"wp:attachment":[{"href":"https:\/\/www.fachodeluz.blog.br\/wp\/wp-json\/wp\/v2\/media?parent=27307"}],"wp:term":[{"taxonomy":"category","embeddable":true,"href":"https:\/\/www.fachodeluz.blog.br\/wp\/wp-json\/wp\/v2\/categories?post=27307"},{"taxonomy":"post_tag","embeddable":true,"href":"https:\/\/www.fachodeluz.blog.br\/wp\/wp-json\/wp\/v2\/tags?post=27307"}],"curies":[{"name":"wp","href":"https:\/\/api.w.org\/{rel}","templated":true}]}}