{"id":27318,"date":"2020-11-04T15:11:51","date_gmt":"2020-11-04T18:11:51","guid":{"rendered":"http:\/\/fachodeluz.blog.br\/wp\/?p=27318"},"modified":"2020-11-04T15:11:51","modified_gmt":"2020-11-04T18:11:51","slug":"que-faremos-para-executar-as-obras-de-deus","status":"publish","type":"post","link":"https:\/\/www.fachodeluz.blog.br\/wp\/2020\/11\/04\/que-faremos-para-executar-as-obras-de-deus\/","title":{"rendered":"&#8220;QUE FAREMOS PARA EXECUTAR AS OBRAS DE DEUS?&#8221;"},"content":{"rendered":"<h2 style=\"text-align: center;\"><span style=\"color: #573131;\"><a style=\"color: #573131;\" href=\"https:\/\/i0.wp.com\/fachodeluz.blog.br\/wp\/wp-content\/uploads\/2020\/11\/OBRA-1.jpg\"><img data-recalc-dims=\"1\" loading=\"lazy\" decoding=\"async\" loading=\"lazy\" class=\"aligncenter size-full wp-image-27319\" src=\"https:\/\/i0.wp.com\/fachodeluz.blog.br\/wp\/wp-content\/uploads\/2020\/11\/OBRA-1.jpg?resize=555%2C317\" alt=\"\" width=\"555\" height=\"317\" srcset=\"https:\/\/i0.wp.com\/www.fachodeluz.blog.br\/wp\/wp-content\/uploads\/2020\/11\/OBRA-1.jpg?w=555&amp;ssl=1 555w, https:\/\/i0.wp.com\/www.fachodeluz.blog.br\/wp\/wp-content\/uploads\/2020\/11\/OBRA-1.jpg?resize=300%2C171&amp;ssl=1 300w\" sizes=\"auto, (max-width: 555px) 100vw, 555px\" \/><\/a><\/span><\/h2>\n<h2><\/h2>\n<h2 style=\"text-align: center;\"><span style=\"color: #573131;\">Se as religi\u00f5es do mundo tivessem pregado o Evangelho verdadeiro, contido conciso na cita\u00e7\u00e3o de Paulo, dizendo: <em><strong>\u201cJesus Cristo est\u00e1 em v\u00f3s\u201d,<\/strong><\/em> a humanidade entenderia a resposta dada por Jesus, ao ser indagado pelos disc\u00edpulos \u00a0sobre <em><strong>\u201cque faremos para executar as obras de Deus?\u201d<\/strong><\/em> <\/span><\/h2>\n<h2 style=\"text-align: center;\"><span style=\"color: #573131;\">Sua resposta foi clara e objetiva:\u00a0 <\/span><\/h2>\n<h2 style=\"text-align: center;\"><span style=\"color: #573131;\"><em><strong>\u201cA obra de Deus \u00e9 esta: Que creiais naquele que\u00a0 Ele enviou\u201d!<\/strong><\/em><\/span><\/h2>\n<h2><\/h2>\n<h2 style=\"text-align: center;\"><span style=\"color: #573131;\">CRENDO <em><strong>NAQUELE<\/strong><\/em> QUE DEUS ENVIOU, VOC\u00ca EXECUTA AS OBRAS DE DEUS, BASTANDO-LHE PARA ISSO CRER QUE O CRISTO, QUE VOC\u00ca \u00c9, <em><strong>\u00e9 aquele enviado por Deus para ser eternamente VOC\u00ca!<\/strong><\/em><\/span><\/h2>\n<h2 style=\"text-align: center;\"><\/h2>\n<h2 style=\"text-align: center;\"><span style=\"color: #573131;\">Quando foi que Paulo executou as \u201cobras de Deus?&#8221; Quando anulou Paulo a zero e se reconheceu protagonizando Deus evidenciado como o Cristo dele pr\u00f3prio!<\/span><\/h2>\n<h2 style=\"text-align: center;\"><span style=\"color: #573131;\"><strong><em>\u201cDespojar-se do velho homem e de seus feitos&#8221;<\/em><\/strong> \u00e9 simplesmente se livrar do fict\u00edcio \u201ceu hipn\u00f3tico&#8221;, jamais enviado por Deus! <em><strong>Era a ILUS\u00c3O aparecendo como feitos e feitores,<\/strong><\/em> enquanto a REAL OBRA DE DEU, aparentemente, deixava de ser <em><strong>reconhecida!<\/strong><\/em><\/span><\/h2>\n<h2 style=\"text-align: center;\"><span style=\"color: #573131;\">Esta \u00e9 a revela\u00e7\u00e3o da Verdade Absoluta pregada por Jesus, Paulo e por v\u00e1rios outros! <\/span><\/h2>\n<h2 style=\"text-align: center;\"><span style=\"color: #573131;\"><em><strong>\u201cQuem cr\u00ea no FILHO tem EM SI MESMO O TESTEMUNHO&#8221;,<\/strong> <\/em>que \u00e9 a <strong><em>percep\u00e7\u00e3o de SER A ONIA\u00c7\u00c3O DO PAI EXPRESSA PELO FILHO NA UNIDADE PERFEITA!<\/em><\/strong><\/span><\/h2>\n<p style=\"text-align: center;\">\n<h2 style=\"text-align: center;\"><span style=\"color: #573131;\"><em><strong>\u201cEm DEUS vivemos, nos movemos e existimos\u201d e, identificados com esta Verdade, \u201cem Deus a Sua VONTADE \u00e9 cumprida, e com A MENTE DE CRISTO, os DEUSES s\u00e3o as OBRAS DE DEUS que eternamente SOMOS!\u00a0 \u00a0<\/strong><\/em><\/span><\/h2>\n<h2 style=\"text-align: center;\"><span style=\"color: #573131;\"><em><strong>*<\/strong><\/em><\/span><\/h2>\n<p style=\"text-align: center;\">\n<p style=\"text-align: center;\">\n<p style=\"text-align: center;\">\n<p>&nbsp;<\/p>\n","protected":false},"excerpt":{"rendered":"<p>Se as religi\u00f5es do mundo tivessem pregado o Evangelho verdadeiro, contido conciso na cita\u00e7\u00e3o de Paulo, dizendo: \u201cJesus Cristo est\u00e1 em v\u00f3s\u201d, a humanidade entenderia a resposta dada por Jesus, ao ser indagado pelos disc\u00edpulos \u00a0sobre \u201cque faremos para executar as obras de Deus?\u201d Sua resposta foi clara e objetiva:\u00a0 \u201cA obra de Deus \u00e9 &hellip; <\/p>\n<p class=\"link-more\"><a href=\"https:\/\/www.fachodeluz.blog.br\/wp\/2020\/11\/04\/que-faremos-para-executar-as-obras-de-deus\/\" class=\"more-link\">Leia mais<span class=\"screen-reader-text\"> &#8220;&#8220;QUE FAREMOS PARA EXECUTAR AS OBRAS DE DEUS?&#8221;&#8221;<\/span><\/a><\/p>\n","protected":false},"author":2,"featured_media":0,"comment_status":"open","ping_status":"closed","sticky":false,"template":"","format":"standard","meta":{"nf_dc_page":"","_crdt_document":"","footnotes":""},"categories":[10],"tags":[],"class_list":["post-27318","post","type-post","status-publish","format-standard","hentry","category-darcio-dezolt"],"featured_media_urls":[],"_links":{"self":[{"href":"https:\/\/www.fachodeluz.blog.br\/wp\/wp-json\/wp\/v2\/posts\/27318","targetHints":{"allow":["GET"]}}],"collection":[{"href":"https:\/\/www.fachodeluz.blog.br\/wp\/wp-json\/wp\/v2\/posts"}],"about":[{"href":"https:\/\/www.fachodeluz.blog.br\/wp\/wp-json\/wp\/v2\/types\/post"}],"author":[{"embeddable":true,"href":"https:\/\/www.fachodeluz.blog.br\/wp\/wp-json\/wp\/v2\/users\/2"}],"replies":[{"embeddable":true,"href":"https:\/\/www.fachodeluz.blog.br\/wp\/wp-json\/wp\/v2\/comments?post=27318"}],"version-history":[{"count":0,"href":"https:\/\/www.fachodeluz.blog.br\/wp\/wp-json\/wp\/v2\/posts\/27318\/revisions"}],"wp:attachment":[{"href":"https:\/\/www.fachodeluz.blog.br\/wp\/wp-json\/wp\/v2\/media?parent=27318"}],"wp:term":[{"taxonomy":"category","embeddable":true,"href":"https:\/\/www.fachodeluz.blog.br\/wp\/wp-json\/wp\/v2\/categories?post=27318"},{"taxonomy":"post_tag","embeddable":true,"href":"https:\/\/www.fachodeluz.blog.br\/wp\/wp-json\/wp\/v2\/tags?post=27318"}],"curies":[{"name":"wp","href":"https:\/\/api.w.org\/{rel}","templated":true}]}}