{"id":27399,"date":"2020-11-17T12:33:34","date_gmt":"2020-11-17T15:33:34","guid":{"rendered":"http:\/\/fachodeluz.blog.br\/wp\/?p=27399"},"modified":"2020-11-17T14:08:51","modified_gmt":"2020-11-17T17:08:51","slug":"a-irrealidade-do-suposto-mundo-material","status":"publish","type":"post","link":"https:\/\/www.fachodeluz.blog.br\/wp\/2020\/11\/17\/a-irrealidade-do-suposto-mundo-material\/","title":{"rendered":"A IRREALIDADE DO SUPOSTO \u201cMUNDO MATERIAL\u201d"},"content":{"rendered":"<h2 style=\"text-align: center;\"><a href=\"https:\/\/i0.wp.com\/fachodeluz.blog.br\/wp\/wp-content\/uploads\/2020\/11\/BUDA-76.jpg\"><img data-recalc-dims=\"1\" loading=\"lazy\" decoding=\"async\" loading=\"lazy\" class=\"aligncenter size-full wp-image-27402\" src=\"https:\/\/i0.wp.com\/fachodeluz.blog.br\/wp\/wp-content\/uploads\/2020\/11\/BUDA-76.jpg?resize=555%2C370\" alt=\"\" width=\"555\" height=\"370\" srcset=\"https:\/\/i0.wp.com\/www.fachodeluz.blog.br\/wp\/wp-content\/uploads\/2020\/11\/BUDA-76.jpg?w=555&amp;ssl=1 555w, https:\/\/i0.wp.com\/www.fachodeluz.blog.br\/wp\/wp-content\/uploads\/2020\/11\/BUDA-76.jpg?resize=300%2C200&amp;ssl=1 300w\" sizes=\"auto, (max-width: 555px) 100vw, 555px\" \/><\/a><\/h2>\n<h2 style=\"text-align: center;\"><span style=\"color: #214a2d;\">De pouco ou de nada nos valer\u00e1, tomarmos uma revela\u00e7\u00e3o absoluta da Verdade, dizer que j\u00e1 a conhecemos, e ficarmos endossando FALSAS CREN\u00c7AS COLETIVAS, em vez de as rebatermos com autoridade divina! Todas as revela\u00e7\u00f5es juntas, mesmo sendo verdadeiras, apenas ser\u00e3o registros mentais, se agirmos como agem ateus, acreditando em \u201cvida material ou terrena\u201d!<\/span><\/h2>\n<h2 style=\"text-align: center;\"><span style=\"color: #214a2d;\">Buda, recebendo a REVELA\u00c7\u00c3O ABSOLUTA DA EXIST\u00caNCIA, sintetizou-a da seguinte forma:<\/span><\/h2>\n<h2 style=\"text-align: center;\"><span style=\"color: #214a2d;\"> \u201cO MUNDO FENOM\u00caNICO \u00c9 ILUS\u00c3O\u201d, \u201c\u00c9 UM VAZIO!\u201d!<\/span><\/h2>\n<h2 style=\"text-align: center;\"><span style=\"color: #214a2d;\">Num palco vazio, nele sendo feita uma \u201cproje\u00e7\u00e3o hologr\u00e1fica\u201d do show de alguma banda famosa, como <em>The Beatles,<\/em> por exemplo, toda a suposta plateia ali presente logo se identificar\u00e1 COM A ILUS\u00c3O DE SHOW, esquecida de que O PALCO CONTINUA VAZIO! Muitos inclusive \u201ccantar\u00e3o juntos com a banda\u201d, que jamais esteve presente naquele palco!<\/span><\/h2>\n<h2 style=\"text-align: center;\"><span style=\"color: #214a2d;\">A Revela\u00e7\u00e3o de Buda \u00e9 toda abrangente, declarando que <strong><em>a totalidade da suposta exist\u00eancia fenom\u00eanica \u00e9 pur\u00edssimo NADA!<\/em><\/strong> Qual veio sendo a acolhida deste FATO VERDADEIRO, por parte da humanidade? Praticamente NENHUMA! \u00a0A ILUS\u00c3O continuou se fazendo passar por REALIDADE! E v\u00e1rias foram as \u201cjustificativas\u201d para isso, e que n\u00e3o ser\u00e3o aqui enumeradas!<\/span><\/h2>\n<h2 style=\"text-align: center;\"><span style=\"color: #214a2d;\"><strong><em>\u201cMuitos rodeiam a cisterna; mas n\u00e3o h\u00e1 NENHUM na cisterna\u201d,<\/em> <\/strong>disse Jesus. Revelava o \u201cOceano Infinito de \u00c1gua Viva\u201d, sempre a JORRAR DE CADA FILHO DE DEUS COMO ETERNIDADE! Este \u00e9 o FATO UNIVERSAL E VERDADEIRO, assim revelado \u00e0 humanidade toda, \u00e0queles que se dispusessem a TROCAR SEUS C\u00c2NTAROS HOLOGR\u00c1FICOS PELA \u201cCISTERNA DE FLUXO DE \u00c1GUA VIVA\u201d, QUE SALTA PARA A ETERNIDADE!<\/span><\/h2>\n<h2 style=\"text-align: center;\"><span style=\"color: #214a2d;\">\u201cTrocar os c\u00e2ntaros\u201d significa CONTEMPLAR A TOTALIDADE DE DEUS no lugar do VAZIO \u201cMUNDO DOS FEN\u00d4MENOS!\u201d Equipara-se a contemplarmos o \u201cpalco VAZIO\u201d mesmo diante das \u201cproje\u00e7\u00f5es hologr\u00e1ficas\u201d! Quem se dedicar a esse respeito, t\u00e3o logo o \u201cshow hologr\u00e1fico\u201d se mostre tal como \u00e9, AUSENTE, poder\u00e1 conhecer a VERDADE tamb\u00e9m revelada por Buda, ou seja,<strong><em> QUE TUDO SEMPRE ESTEVE, EST\u00c1 E ESTAR\u00c1 ILUMINADO!\u00a0<\/em><\/strong><\/span><\/h2>\n<h2 style=\"text-align: center;\"><span style=\"color: #214a2d;\">*<\/span><\/h2>\n","protected":false},"excerpt":{"rendered":"<p>De pouco ou de nada nos valer\u00e1, tomarmos uma revela\u00e7\u00e3o absoluta da Verdade, dizer que j\u00e1 a conhecemos, e ficarmos endossando FALSAS CREN\u00c7AS COLETIVAS, em vez de as rebatermos com autoridade divina! Todas as revela\u00e7\u00f5es juntas, mesmo sendo verdadeiras, apenas ser\u00e3o registros mentais, se agirmos como agem ateus, acreditando em \u201cvida material ou terrena\u201d! Buda, &hellip; <\/p>\n<p class=\"link-more\"><a href=\"https:\/\/www.fachodeluz.blog.br\/wp\/2020\/11\/17\/a-irrealidade-do-suposto-mundo-material\/\" class=\"more-link\">Leia mais<span class=\"screen-reader-text\"> &#8220;A IRREALIDADE DO SUPOSTO \u201cMUNDO MATERIAL\u201d&#8221;<\/span><\/a><\/p>\n","protected":false},"author":2,"featured_media":0,"comment_status":"open","ping_status":"closed","sticky":false,"template":"","format":"standard","meta":{"nf_dc_page":"","_crdt_document":"","footnotes":""},"categories":[1],"tags":[],"class_list":["post-27399","post","type-post","status-publish","format-standard","hentry","category-diversas"],"featured_media_urls":[],"_links":{"self":[{"href":"https:\/\/www.fachodeluz.blog.br\/wp\/wp-json\/wp\/v2\/posts\/27399","targetHints":{"allow":["GET"]}}],"collection":[{"href":"https:\/\/www.fachodeluz.blog.br\/wp\/wp-json\/wp\/v2\/posts"}],"about":[{"href":"https:\/\/www.fachodeluz.blog.br\/wp\/wp-json\/wp\/v2\/types\/post"}],"author":[{"embeddable":true,"href":"https:\/\/www.fachodeluz.blog.br\/wp\/wp-json\/wp\/v2\/users\/2"}],"replies":[{"embeddable":true,"href":"https:\/\/www.fachodeluz.blog.br\/wp\/wp-json\/wp\/v2\/comments?post=27399"}],"version-history":[{"count":0,"href":"https:\/\/www.fachodeluz.blog.br\/wp\/wp-json\/wp\/v2\/posts\/27399\/revisions"}],"wp:attachment":[{"href":"https:\/\/www.fachodeluz.blog.br\/wp\/wp-json\/wp\/v2\/media?parent=27399"}],"wp:term":[{"taxonomy":"category","embeddable":true,"href":"https:\/\/www.fachodeluz.blog.br\/wp\/wp-json\/wp\/v2\/categories?post=27399"},{"taxonomy":"post_tag","embeddable":true,"href":"https:\/\/www.fachodeluz.blog.br\/wp\/wp-json\/wp\/v2\/tags?post=27399"}],"curies":[{"name":"wp","href":"https:\/\/api.w.org\/{rel}","templated":true}]}}